{"id":5582,"date":"2017-09-15T15:51:11","date_gmt":"2017-09-15T15:51:11","guid":{"rendered":"http:\/\/www.hoodtheme.com\/?p=5582"},"modified":"2018-01-26T09:58:17","modified_gmt":"2018-01-26T09:58:17","slug":"vamos_ao_maat","status":"publish","type":"post","link":"https:\/\/escolaraiz.pt\/pt\/noticias\/vamos_ao_maat\/","title":{"rendered":"Vamos ao MAAT?"},"content":{"rendered":"<p><a href=\"https:\/\/escolaraiz.pt\/pt\/wp-content\/uploads\/2017\/10\/Vamos-ao-MAAT-grd_845x510px.png\"><img loading=\"lazy\" decoding=\"async\" class=\"wp-image-28170 alignleft\" src=\"https:\/\/escolaraiz.pt\/pt\/wp-content\/uploads\/2017\/10\/Vamos-ao-MAAT-grd_845x510px.png\" alt=\"Vamos ao MAAT?\" width=\"427\" height=\"285\" \/><\/a><\/p>\n<h3><strong><br \/>\nVamos ao MAAT?<\/strong><\/h3>\n<p>Para viver a Arte, a Arquitetura e a Tecnologia nada melhor do que visitar os melhores locais. Com isto em mente, os nossos alunos t\u00eam aulas no MAAT, onde interagem e se inspiram a desenvolver as capacidades art\u00edsticas e criativas.<br \/>\nVisitam tamb\u00e9m o Centro Cultural de Bel\u00e9m e o Museu Berardo, onde ganham gosto por obter novos conhecimentos.<\/p>\n","protected":false},"excerpt":{"rendered":"<p>Vamos ao MAAT? Para viver a Arte, a Arquitetura e a Tecnologia nada melhor do que visitar os melhores locais. Com isto em mente, os nossos alunos t\u00eam aulas no MAAT, onde interagem e se inspiram a desenvolver as capacidades art\u00edsticas e criativas. Visitam tamb\u00e9m o Centro Cultural de Bel\u00e9m e o Museu Berardo, onde<\/p>\n","protected":false},"author":1,"featured_media":28170,"comment_status":"closed","ping_status":"open","sticky":false,"template":"","format":"standard","meta":{"footnotes":""},"categories":[5],"tags":[50],"class_list":["post-5582","post","type-post","status-publish","format-standard","has-post-thumbnail","hentry","category-noticias","tag-noticias"],"yoast_head":"<!-- This site is optimized with the Yoast SEO plugin v27.5 - https:\/\/yoast.com\/product\/yoast-seo-wordpress\/ -->\n<title>Vamos ao MAAT? - Raiz<\/title>\n<meta name=\"robots\" content=\"index, follow, max-snippet:-1, max-image-preview:large, max-video-preview:-1\" \/>\n<link rel=\"canonical\" href=\"https:\/\/escolaraiz.pt\/pt\/noticias\/vamos_ao_maat\/\" \/>\n<meta name=\"twitter:card\" content=\"summary_large_image\" \/>\n<meta name=\"twitter:title\" content=\"Vamos ao MAAT? - Raiz\" \/>\n<meta name=\"twitter:description\" content=\"Vamos ao MAAT? Para viver a Arte, a Arquitetura e a Tecnologia nada melhor do que visitar os melhores locais. Com isto em mente, os nossos alunos t\u00eam aulas no MAAT, onde interagem e se inspiram a desenvolver as capacidades art\u00edsticas e criativas. Visitam tamb\u00e9m o Centro Cultural de Bel\u00e9m e o Museu Berardo, onde\" \/>\n<meta name=\"twitter:image\" content=\"https:\/\/escolaraiz.pt\/pt\/wp-content\/uploads\/2017\/10\/Vamos-ao-MAAT-grd_845x510px.png\" \/>\n<meta name=\"twitter:label1\" content=\"Escrito por\" \/>\n\t<meta name=\"twitter:data1\" content=\"admin\" \/>\n<script type=\"application\/ld+json\" class=\"yoast-schema-graph\">{\"@context\":\"https:\\\/\\\/schema.org\",\"@graph\":[{\"@type\":\"Article\",\"@id\":\"https:\\\/\\\/escolaraiz.pt\\\/pt\\\/noticias\\\/vamos_ao_maat\\\/#article\",\"isPartOf\":{\"@id\":\"https:\\\/\\\/escolaraiz.pt\\\/pt\\\/noticias\\\/vamos_ao_maat\\\/\"},\"author\":{\"name\":\"admin\",\"@id\":\"https:\\\/\\\/escolaraiz.pt\\\/pt\\\/#\\\/schema\\\/person\\\/b730db7f2876087a398bcca824252c02\"},\"headline\":\"Vamos ao MAAT?\",\"datePublished\":\"2017-09-15T15:51:11+00:00\",\"dateModified\":\"2018-01-26T09:58:17+00:00\",\"mainEntityOfPage\":{\"@id\":\"https:\\\/\\\/escolaraiz.pt\\\/pt\\\/noticias\\\/vamos_ao_maat\\\/\"},\"wordCount\":68,\"image\":{\"@id\":\"https:\\\/\\\/escolaraiz.pt\\\/pt\\\/noticias\\\/vamos_ao_maat\\\/#primaryimage\"},\"thumbnailUrl\":\"https:\\\/\\\/escolaraiz.pt\\\/pt\\\/wp-content\\\/uploads\\\/2017\\\/10\\\/Vamos-ao-MAAT-grd_845x510px.png\",\"keywords\":[\"Noticias\"],\"articleSection\":[\"Noticias\"],\"inLanguage\":\"pt-PT\"},{\"@type\":\"WebPage\",\"@id\":\"https:\\\/\\\/escolaraiz.pt\\\/pt\\\/noticias\\\/vamos_ao_maat\\\/\",\"url\":\"https:\\\/\\\/escolaraiz.pt\\\/pt\\\/noticias\\\/vamos_ao_maat\\\/\",\"name\":\"Vamos ao MAAT? - Raiz\",\"isPartOf\":{\"@id\":\"https:\\\/\\\/escolaraiz.pt\\\/pt\\\/#website\"},\"primaryImageOfPage\":{\"@id\":\"https:\\\/\\\/escolaraiz.pt\\\/pt\\\/noticias\\\/vamos_ao_maat\\\/#primaryimage\"},\"image\":{\"@id\":\"https:\\\/\\\/escolaraiz.pt\\\/pt\\\/noticias\\\/vamos_ao_maat\\\/#primaryimage\"},\"thumbnailUrl\":\"https:\\\/\\\/escolaraiz.pt\\\/pt\\\/wp-content\\\/uploads\\\/2017\\\/10\\\/Vamos-ao-MAAT-grd_845x510px.png\",\"datePublished\":\"2017-09-15T15:51:11+00:00\",\"dateModified\":\"2018-01-26T09:58:17+00:00\",\"author\":{\"@id\":\"https:\\\/\\\/escolaraiz.pt\\\/pt\\\/#\\\/schema\\\/person\\\/b730db7f2876087a398bcca824252c02\"},\"breadcrumb\":{\"@id\":\"https:\\\/\\\/escolaraiz.pt\\\/pt\\\/noticias\\\/vamos_ao_maat\\\/#breadcrumb\"},\"inLanguage\":\"pt-PT\",\"potentialAction\":[{\"@type\":\"ReadAction\",\"target\":[\"https:\\\/\\\/escolaraiz.pt\\\/pt\\\/noticias\\\/vamos_ao_maat\\\/\"]}]},{\"@type\":\"ImageObject\",\"inLanguage\":\"pt-PT\",\"@id\":\"https:\\\/\\\/escolaraiz.pt\\\/pt\\\/noticias\\\/vamos_ao_maat\\\/#primaryimage\",\"url\":\"https:\\\/\\\/escolaraiz.pt\\\/pt\\\/wp-content\\\/uploads\\\/2017\\\/10\\\/Vamos-ao-MAAT-grd_845x510px.png\",\"contentUrl\":\"https:\\\/\\\/escolaraiz.pt\\\/pt\\\/wp-content\\\/uploads\\\/2017\\\/10\\\/Vamos-ao-MAAT-grd_845x510px.png\",\"width\":845,\"height\":510,\"caption\":\"Vamos ao MAAT?\"},{\"@type\":\"BreadcrumbList\",\"@id\":\"https:\\\/\\\/escolaraiz.pt\\\/pt\\\/noticias\\\/vamos_ao_maat\\\/#breadcrumb\",\"itemListElement\":[{\"@type\":\"ListItem\",\"position\":1,\"name\":\"In\u00edcio\",\"item\":\"https:\\\/\\\/escolaraiz.pt\\\/pt\\\/\"},{\"@type\":\"ListItem\",\"position\":2,\"name\":\"Vamos ao MAAT?\"}]},{\"@type\":\"WebSite\",\"@id\":\"https:\\\/\\\/escolaraiz.pt\\\/pt\\\/#website\",\"url\":\"https:\\\/\\\/escolaraiz.pt\\\/pt\\\/\",\"name\":\"Raiz\",\"description\":\"Active Learning School\",\"potentialAction\":[{\"@type\":\"SearchAction\",\"target\":{\"@type\":\"EntryPoint\",\"urlTemplate\":\"https:\\\/\\\/escolaraiz.pt\\\/pt\\\/?s={search_term_string}\"},\"query-input\":{\"@type\":\"PropertyValueSpecification\",\"valueRequired\":true,\"valueName\":\"search_term_string\"}}],\"inLanguage\":\"pt-PT\"},{\"@type\":\"Person\",\"@id\":\"https:\\\/\\\/escolaraiz.pt\\\/pt\\\/#\\\/schema\\\/person\\\/b730db7f2876087a398bcca824252c02\",\"name\":\"admin\"}]}<\/script>\n<!-- \/ Yoast SEO plugin. -->","yoast_head_json":{"title":"Vamos ao MAAT? - Raiz","robots":{"index":"index","follow":"follow","max-snippet":"max-snippet:-1","max-image-preview":"max-image-preview:large","max-video-preview":"max-video-preview:-1"},"canonical":"https:\/\/escolaraiz.pt\/pt\/noticias\/vamos_ao_maat\/","twitter_card":"summary_large_image","twitter_title":"Vamos ao MAAT? - Raiz","twitter_description":"Vamos ao MAAT? Para viver a Arte, a Arquitetura e a Tecnologia nada melhor do que visitar os melhores locais. Com isto em mente, os nossos alunos t\u00eam aulas no MAAT, onde interagem e se inspiram a desenvolver as capacidades art\u00edsticas e criativas. Visitam tamb\u00e9m o Centro Cultural de Bel\u00e9m e o Museu Berardo, onde","twitter_image":"https:\/\/escolaraiz.pt\/pt\/wp-content\/uploads\/2017\/10\/Vamos-ao-MAAT-grd_845x510px.png","twitter_misc":{"Escrito por":"admin"},"schema":{"@context":"https:\/\/schema.org","@graph":[{"@type":"Article","@id":"https:\/\/escolaraiz.pt\/pt\/noticias\/vamos_ao_maat\/#article","isPartOf":{"@id":"https:\/\/escolaraiz.pt\/pt\/noticias\/vamos_ao_maat\/"},"author":{"name":"admin","@id":"https:\/\/escolaraiz.pt\/pt\/#\/schema\/person\/b730db7f2876087a398bcca824252c02"},"headline":"Vamos ao MAAT?","datePublished":"2017-09-15T15:51:11+00:00","dateModified":"2018-01-26T09:58:17+00:00","mainEntityOfPage":{"@id":"https:\/\/escolaraiz.pt\/pt\/noticias\/vamos_ao_maat\/"},"wordCount":68,"image":{"@id":"https:\/\/escolaraiz.pt\/pt\/noticias\/vamos_ao_maat\/#primaryimage"},"thumbnailUrl":"https:\/\/escolaraiz.pt\/pt\/wp-content\/uploads\/2017\/10\/Vamos-ao-MAAT-grd_845x510px.png","keywords":["Noticias"],"articleSection":["Noticias"],"inLanguage":"pt-PT"},{"@type":"WebPage","@id":"https:\/\/escolaraiz.pt\/pt\/noticias\/vamos_ao_maat\/","url":"https:\/\/escolaraiz.pt\/pt\/noticias\/vamos_ao_maat\/","name":"Vamos ao MAAT? - Raiz","isPartOf":{"@id":"https:\/\/escolaraiz.pt\/pt\/#website"},"primaryImageOfPage":{"@id":"https:\/\/escolaraiz.pt\/pt\/noticias\/vamos_ao_maat\/#primaryimage"},"image":{"@id":"https:\/\/escolaraiz.pt\/pt\/noticias\/vamos_ao_maat\/#primaryimage"},"thumbnailUrl":"https:\/\/escolaraiz.pt\/pt\/wp-content\/uploads\/2017\/10\/Vamos-ao-MAAT-grd_845x510px.png","datePublished":"2017-09-15T15:51:11+00:00","dateModified":"2018-01-26T09:58:17+00:00","author":{"@id":"https:\/\/escolaraiz.pt\/pt\/#\/schema\/person\/b730db7f2876087a398bcca824252c02"},"breadcrumb":{"@id":"https:\/\/escolaraiz.pt\/pt\/noticias\/vamos_ao_maat\/#breadcrumb"},"inLanguage":"pt-PT","potentialAction":[{"@type":"ReadAction","target":["https:\/\/escolaraiz.pt\/pt\/noticias\/vamos_ao_maat\/"]}]},{"@type":"ImageObject","inLanguage":"pt-PT","@id":"https:\/\/escolaraiz.pt\/pt\/noticias\/vamos_ao_maat\/#primaryimage","url":"https:\/\/escolaraiz.pt\/pt\/wp-content\/uploads\/2017\/10\/Vamos-ao-MAAT-grd_845x510px.png","contentUrl":"https:\/\/escolaraiz.pt\/pt\/wp-content\/uploads\/2017\/10\/Vamos-ao-MAAT-grd_845x510px.png","width":845,"height":510,"caption":"Vamos ao MAAT?"},{"@type":"BreadcrumbList","@id":"https:\/\/escolaraiz.pt\/pt\/noticias\/vamos_ao_maat\/#breadcrumb","itemListElement":[{"@type":"ListItem","position":1,"name":"In\u00edcio","item":"https:\/\/escolaraiz.pt\/pt\/"},{"@type":"ListItem","position":2,"name":"Vamos ao MAAT?"}]},{"@type":"WebSite","@id":"https:\/\/escolaraiz.pt\/pt\/#website","url":"https:\/\/escolaraiz.pt\/pt\/","name":"Raiz","description":"Active Learning School","potentialAction":[{"@type":"SearchAction","target":{"@type":"EntryPoint","urlTemplate":"https:\/\/escolaraiz.pt\/pt\/?s={search_term_string}"},"query-input":{"@type":"PropertyValueSpecification","valueRequired":true,"valueName":"search_term_string"}}],"inLanguage":"pt-PT"},{"@type":"Person","@id":"https:\/\/escolaraiz.pt\/pt\/#\/schema\/person\/b730db7f2876087a398bcca824252c02","name":"admin"}]}},"_links":{"self":[{"href":"https:\/\/escolaraiz.pt\/pt\/wp-json\/wp\/v2\/posts\/5582","targetHints":{"allow":["GET"]}}],"collection":[{"href":"https:\/\/escolaraiz.pt\/pt\/wp-json\/wp\/v2\/posts"}],"about":[{"href":"https:\/\/escolaraiz.pt\/pt\/wp-json\/wp\/v2\/types\/post"}],"author":[{"embeddable":true,"href":"https:\/\/escolaraiz.pt\/pt\/wp-json\/wp\/v2\/users\/1"}],"replies":[{"embeddable":true,"href":"https:\/\/escolaraiz.pt\/pt\/wp-json\/wp\/v2\/comments?post=5582"}],"version-history":[{"count":4,"href":"https:\/\/escolaraiz.pt\/pt\/wp-json\/wp\/v2\/posts\/5582\/revisions"}],"predecessor-version":[{"id":28466,"href":"https:\/\/escolaraiz.pt\/pt\/wp-json\/wp\/v2\/posts\/5582\/revisions\/28466"}],"wp:featuredmedia":[{"embeddable":true,"href":"https:\/\/escolaraiz.pt\/pt\/wp-json\/wp\/v2\/media\/28170"}],"wp:attachment":[{"href":"https:\/\/escolaraiz.pt\/pt\/wp-json\/wp\/v2\/media?parent=5582"}],"wp:term":[{"taxonomy":"category","embeddable":true,"href":"https:\/\/escolaraiz.pt\/pt\/wp-json\/wp\/v2\/categories?post=5582"},{"taxonomy":"post_tag","embeddable":true,"href":"https:\/\/escolaraiz.pt\/pt\/wp-json\/wp\/v2\/tags?post=5582"}],"curies":[{"name":"wp","href":"https:\/\/api.w.org\/{rel}","templated":true}]}}