{"id":5580,"date":"2017-10-02T15:50:45","date_gmt":"2017-10-02T15:50:45","guid":{"rendered":"http:\/\/www.hoodtheme.com\/?p=5580"},"modified":"2018-01-26T09:56:07","modified_gmt":"2018-01-26T09:56:07","slug":"o_bairro_e_a_nossa_escola","status":"publish","type":"post","link":"https:\/\/escolaraiz.pt\/pt\/noticias\/o_bairro_e_a_nossa_escola\/","title":{"rendered":"O Bairro \u00e9 a nossa Escola"},"content":{"rendered":"<p><a href=\"https:\/\/escolaraiz.pt\/pt\/wp-content\/uploads\/2017\/10\/O-Bairro-\u00e9-a-nossa-Escola-grd_845x510px.png\"><img loading=\"lazy\" decoding=\"async\" class=\"wp-image-28166 alignleft\" src=\"https:\/\/escolaraiz.pt\/pt\/wp-content\/uploads\/2017\/10\/O-Bairro-\u00e9-a-nossa-Escola-grd_845x510px.png\" alt=\"O Bairro \u00e9 a nossa Escola\" width=\"453\" height=\"279\" \/><\/a><\/p>\n<h3><strong><br \/>\nO Bairro \u00e9 a nossa Escola<\/strong><\/h3>\n<p>Observar, agir, refletir e aprender s\u00e3o a\u00e7\u00f5es que andam de m\u00e3os dadas com a experi\u00eancia de visitar ambientes diversificados e estimulantes de aprendizagem \u2013 no nosso bairro e no mundo.\u00a0Para n\u00f3s, a escola \u00e9 muito mais do que uma sala de quatro paredes.<\/p>\n<p>Sa\u00edmos com os nossos alunos e absorvemos esta diversidade tanto quanto poss\u00edvel.<\/p>\n","protected":false},"excerpt":{"rendered":"<p>O Bairro \u00e9 a nossa Escola Observar, agir, refletir e aprender s\u00e3o a\u00e7\u00f5es que andam de m\u00e3os dadas com a experi\u00eancia de visitar ambientes diversificados e estimulantes de aprendizagem \u2013 no nosso bairro e no mundo.\u00a0Para n\u00f3s, a escola \u00e9 muito mais do que uma sala de quatro paredes. Sa\u00edmos com os nossos alunos e<\/p>\n","protected":false},"author":1,"featured_media":28166,"comment_status":"closed","ping_status":"open","sticky":false,"template":"","format":"standard","meta":{"footnotes":""},"categories":[5],"tags":[50],"class_list":["post-5580","post","type-post","status-publish","format-standard","has-post-thumbnail","hentry","category-noticias","tag-noticias"],"yoast_head":"<!-- This site is optimized with the Yoast SEO plugin v27.5 - https:\/\/yoast.com\/product\/yoast-seo-wordpress\/ -->\n<title>O Bairro \u00e9 a nossa Escola - Raiz<\/title>\n<meta name=\"robots\" content=\"index, follow, max-snippet:-1, max-image-preview:large, max-video-preview:-1\" \/>\n<link rel=\"canonical\" href=\"https:\/\/escolaraiz.pt\/pt\/noticias\/o_bairro_e_a_nossa_escola\/\" \/>\n<meta name=\"twitter:card\" content=\"summary_large_image\" \/>\n<meta name=\"twitter:title\" content=\"O Bairro \u00e9 a nossa Escola - Raiz\" \/>\n<meta name=\"twitter:description\" content=\"O Bairro \u00e9 a nossa Escola Observar, agir, refletir e aprender s\u00e3o a\u00e7\u00f5es que andam de m\u00e3os dadas com a experi\u00eancia de visitar ambientes diversificados e estimulantes de aprendizagem \u2013 no nosso bairro e no mundo.\u00a0Para n\u00f3s, a escola \u00e9 muito mais do que uma sala de quatro paredes. Sa\u00edmos com os nossos alunos e\" \/>\n<meta name=\"twitter:image\" content=\"https:\/\/escolaraiz.pt\/pt\/wp-content\/uploads\/2017\/10\/O-Bairro-\u00e9-a-nossa-Escola-grd_845x510px.png\" \/>\n<meta name=\"twitter:label1\" content=\"Escrito por\" \/>\n\t<meta name=\"twitter:data1\" content=\"admin\" \/>\n<script type=\"application\/ld+json\" class=\"yoast-schema-graph\">{\"@context\":\"https:\\\/\\\/schema.org\",\"@graph\":[{\"@type\":\"Article\",\"@id\":\"https:\\\/\\\/escolaraiz.pt\\\/pt\\\/noticias\\\/o_bairro_e_a_nossa_escola\\\/#article\",\"isPartOf\":{\"@id\":\"https:\\\/\\\/escolaraiz.pt\\\/pt\\\/noticias\\\/o_bairro_e_a_nossa_escola\\\/\"},\"author\":{\"name\":\"admin\",\"@id\":\"https:\\\/\\\/escolaraiz.pt\\\/pt\\\/#\\\/schema\\\/person\\\/b730db7f2876087a398bcca824252c02\"},\"headline\":\"O Bairro \u00e9 a nossa Escola\",\"datePublished\":\"2017-10-02T15:50:45+00:00\",\"dateModified\":\"2018-01-26T09:56:07+00:00\",\"mainEntityOfPage\":{\"@id\":\"https:\\\/\\\/escolaraiz.pt\\\/pt\\\/noticias\\\/o_bairro_e_a_nossa_escola\\\/\"},\"wordCount\":71,\"image\":{\"@id\":\"https:\\\/\\\/escolaraiz.pt\\\/pt\\\/noticias\\\/o_bairro_e_a_nossa_escola\\\/#primaryimage\"},\"thumbnailUrl\":\"https:\\\/\\\/escolaraiz.pt\\\/pt\\\/wp-content\\\/uploads\\\/2017\\\/10\\\/O-Bairro-\u00e9-a-nossa-Escola-grd_845x510px.png\",\"keywords\":[\"Noticias\"],\"articleSection\":[\"Noticias\"],\"inLanguage\":\"pt-PT\"},{\"@type\":\"WebPage\",\"@id\":\"https:\\\/\\\/escolaraiz.pt\\\/pt\\\/noticias\\\/o_bairro_e_a_nossa_escola\\\/\",\"url\":\"https:\\\/\\\/escolaraiz.pt\\\/pt\\\/noticias\\\/o_bairro_e_a_nossa_escola\\\/\",\"name\":\"O Bairro \u00e9 a nossa Escola - Raiz\",\"isPartOf\":{\"@id\":\"https:\\\/\\\/escolaraiz.pt\\\/pt\\\/#website\"},\"primaryImageOfPage\":{\"@id\":\"https:\\\/\\\/escolaraiz.pt\\\/pt\\\/noticias\\\/o_bairro_e_a_nossa_escola\\\/#primaryimage\"},\"image\":{\"@id\":\"https:\\\/\\\/escolaraiz.pt\\\/pt\\\/noticias\\\/o_bairro_e_a_nossa_escola\\\/#primaryimage\"},\"thumbnailUrl\":\"https:\\\/\\\/escolaraiz.pt\\\/pt\\\/wp-content\\\/uploads\\\/2017\\\/10\\\/O-Bairro-\u00e9-a-nossa-Escola-grd_845x510px.png\",\"datePublished\":\"2017-10-02T15:50:45+00:00\",\"dateModified\":\"2018-01-26T09:56:07+00:00\",\"author\":{\"@id\":\"https:\\\/\\\/escolaraiz.pt\\\/pt\\\/#\\\/schema\\\/person\\\/b730db7f2876087a398bcca824252c02\"},\"breadcrumb\":{\"@id\":\"https:\\\/\\\/escolaraiz.pt\\\/pt\\\/noticias\\\/o_bairro_e_a_nossa_escola\\\/#breadcrumb\"},\"inLanguage\":\"pt-PT\",\"potentialAction\":[{\"@type\":\"ReadAction\",\"target\":[\"https:\\\/\\\/escolaraiz.pt\\\/pt\\\/noticias\\\/o_bairro_e_a_nossa_escola\\\/\"]}]},{\"@type\":\"ImageObject\",\"inLanguage\":\"pt-PT\",\"@id\":\"https:\\\/\\\/escolaraiz.pt\\\/pt\\\/noticias\\\/o_bairro_e_a_nossa_escola\\\/#primaryimage\",\"url\":\"https:\\\/\\\/escolaraiz.pt\\\/pt\\\/wp-content\\\/uploads\\\/2017\\\/10\\\/O-Bairro-\u00e9-a-nossa-Escola-grd_845x510px.png\",\"contentUrl\":\"https:\\\/\\\/escolaraiz.pt\\\/pt\\\/wp-content\\\/uploads\\\/2017\\\/10\\\/O-Bairro-\u00e9-a-nossa-Escola-grd_845x510px.png\",\"width\":845,\"height\":510,\"caption\":\"O Bairro \u00e9 a nossa Escola\"},{\"@type\":\"BreadcrumbList\",\"@id\":\"https:\\\/\\\/escolaraiz.pt\\\/pt\\\/noticias\\\/o_bairro_e_a_nossa_escola\\\/#breadcrumb\",\"itemListElement\":[{\"@type\":\"ListItem\",\"position\":1,\"name\":\"In\u00edcio\",\"item\":\"https:\\\/\\\/escolaraiz.pt\\\/pt\\\/\"},{\"@type\":\"ListItem\",\"position\":2,\"name\":\"O Bairro \u00e9 a nossa Escola\"}]},{\"@type\":\"WebSite\",\"@id\":\"https:\\\/\\\/escolaraiz.pt\\\/pt\\\/#website\",\"url\":\"https:\\\/\\\/escolaraiz.pt\\\/pt\\\/\",\"name\":\"Raiz\",\"description\":\"Active Learning School\",\"potentialAction\":[{\"@type\":\"SearchAction\",\"target\":{\"@type\":\"EntryPoint\",\"urlTemplate\":\"https:\\\/\\\/escolaraiz.pt\\\/pt\\\/?s={search_term_string}\"},\"query-input\":{\"@type\":\"PropertyValueSpecification\",\"valueRequired\":true,\"valueName\":\"search_term_string\"}}],\"inLanguage\":\"pt-PT\"},{\"@type\":\"Person\",\"@id\":\"https:\\\/\\\/escolaraiz.pt\\\/pt\\\/#\\\/schema\\\/person\\\/b730db7f2876087a398bcca824252c02\",\"name\":\"admin\"}]}<\/script>\n<!-- \/ Yoast SEO plugin. -->","yoast_head_json":{"title":"O Bairro \u00e9 a nossa Escola - Raiz","robots":{"index":"index","follow":"follow","max-snippet":"max-snippet:-1","max-image-preview":"max-image-preview:large","max-video-preview":"max-video-preview:-1"},"canonical":"https:\/\/escolaraiz.pt\/pt\/noticias\/o_bairro_e_a_nossa_escola\/","twitter_card":"summary_large_image","twitter_title":"O Bairro \u00e9 a nossa Escola - Raiz","twitter_description":"O Bairro \u00e9 a nossa Escola Observar, agir, refletir e aprender s\u00e3o a\u00e7\u00f5es que andam de m\u00e3os dadas com a experi\u00eancia de visitar ambientes diversificados e estimulantes de aprendizagem \u2013 no nosso bairro e no mundo.\u00a0Para n\u00f3s, a escola \u00e9 muito mais do que uma sala de quatro paredes. Sa\u00edmos com os nossos alunos e","twitter_image":"https:\/\/escolaraiz.pt\/pt\/wp-content\/uploads\/2017\/10\/O-Bairro-\u00e9-a-nossa-Escola-grd_845x510px.png","twitter_misc":{"Escrito por":"admin"},"schema":{"@context":"https:\/\/schema.org","@graph":[{"@type":"Article","@id":"https:\/\/escolaraiz.pt\/pt\/noticias\/o_bairro_e_a_nossa_escola\/#article","isPartOf":{"@id":"https:\/\/escolaraiz.pt\/pt\/noticias\/o_bairro_e_a_nossa_escola\/"},"author":{"name":"admin","@id":"https:\/\/escolaraiz.pt\/pt\/#\/schema\/person\/b730db7f2876087a398bcca824252c02"},"headline":"O Bairro \u00e9 a nossa Escola","datePublished":"2017-10-02T15:50:45+00:00","dateModified":"2018-01-26T09:56:07+00:00","mainEntityOfPage":{"@id":"https:\/\/escolaraiz.pt\/pt\/noticias\/o_bairro_e_a_nossa_escola\/"},"wordCount":71,"image":{"@id":"https:\/\/escolaraiz.pt\/pt\/noticias\/o_bairro_e_a_nossa_escola\/#primaryimage"},"thumbnailUrl":"https:\/\/escolaraiz.pt\/pt\/wp-content\/uploads\/2017\/10\/O-Bairro-\u00e9-a-nossa-Escola-grd_845x510px.png","keywords":["Noticias"],"articleSection":["Noticias"],"inLanguage":"pt-PT"},{"@type":"WebPage","@id":"https:\/\/escolaraiz.pt\/pt\/noticias\/o_bairro_e_a_nossa_escola\/","url":"https:\/\/escolaraiz.pt\/pt\/noticias\/o_bairro_e_a_nossa_escola\/","name":"O Bairro \u00e9 a nossa Escola - Raiz","isPartOf":{"@id":"https:\/\/escolaraiz.pt\/pt\/#website"},"primaryImageOfPage":{"@id":"https:\/\/escolaraiz.pt\/pt\/noticias\/o_bairro_e_a_nossa_escola\/#primaryimage"},"image":{"@id":"https:\/\/escolaraiz.pt\/pt\/noticias\/o_bairro_e_a_nossa_escola\/#primaryimage"},"thumbnailUrl":"https:\/\/escolaraiz.pt\/pt\/wp-content\/uploads\/2017\/10\/O-Bairro-\u00e9-a-nossa-Escola-grd_845x510px.png","datePublished":"2017-10-02T15:50:45+00:00","dateModified":"2018-01-26T09:56:07+00:00","author":{"@id":"https:\/\/escolaraiz.pt\/pt\/#\/schema\/person\/b730db7f2876087a398bcca824252c02"},"breadcrumb":{"@id":"https:\/\/escolaraiz.pt\/pt\/noticias\/o_bairro_e_a_nossa_escola\/#breadcrumb"},"inLanguage":"pt-PT","potentialAction":[{"@type":"ReadAction","target":["https:\/\/escolaraiz.pt\/pt\/noticias\/o_bairro_e_a_nossa_escola\/"]}]},{"@type":"ImageObject","inLanguage":"pt-PT","@id":"https:\/\/escolaraiz.pt\/pt\/noticias\/o_bairro_e_a_nossa_escola\/#primaryimage","url":"https:\/\/escolaraiz.pt\/pt\/wp-content\/uploads\/2017\/10\/O-Bairro-\u00e9-a-nossa-Escola-grd_845x510px.png","contentUrl":"https:\/\/escolaraiz.pt\/pt\/wp-content\/uploads\/2017\/10\/O-Bairro-\u00e9-a-nossa-Escola-grd_845x510px.png","width":845,"height":510,"caption":"O Bairro \u00e9 a nossa Escola"},{"@type":"BreadcrumbList","@id":"https:\/\/escolaraiz.pt\/pt\/noticias\/o_bairro_e_a_nossa_escola\/#breadcrumb","itemListElement":[{"@type":"ListItem","position":1,"name":"In\u00edcio","item":"https:\/\/escolaraiz.pt\/pt\/"},{"@type":"ListItem","position":2,"name":"O Bairro \u00e9 a nossa Escola"}]},{"@type":"WebSite","@id":"https:\/\/escolaraiz.pt\/pt\/#website","url":"https:\/\/escolaraiz.pt\/pt\/","name":"Raiz","description":"Active Learning School","potentialAction":[{"@type":"SearchAction","target":{"@type":"EntryPoint","urlTemplate":"https:\/\/escolaraiz.pt\/pt\/?s={search_term_string}"},"query-input":{"@type":"PropertyValueSpecification","valueRequired":true,"valueName":"search_term_string"}}],"inLanguage":"pt-PT"},{"@type":"Person","@id":"https:\/\/escolaraiz.pt\/pt\/#\/schema\/person\/b730db7f2876087a398bcca824252c02","name":"admin"}]}},"_links":{"self":[{"href":"https:\/\/escolaraiz.pt\/pt\/wp-json\/wp\/v2\/posts\/5580","targetHints":{"allow":["GET"]}}],"collection":[{"href":"https:\/\/escolaraiz.pt\/pt\/wp-json\/wp\/v2\/posts"}],"about":[{"href":"https:\/\/escolaraiz.pt\/pt\/wp-json\/wp\/v2\/types\/post"}],"author":[{"embeddable":true,"href":"https:\/\/escolaraiz.pt\/pt\/wp-json\/wp\/v2\/users\/1"}],"replies":[{"embeddable":true,"href":"https:\/\/escolaraiz.pt\/pt\/wp-json\/wp\/v2\/comments?post=5580"}],"version-history":[{"count":4,"href":"https:\/\/escolaraiz.pt\/pt\/wp-json\/wp\/v2\/posts\/5580\/revisions"}],"predecessor-version":[{"id":28480,"href":"https:\/\/escolaraiz.pt\/pt\/wp-json\/wp\/v2\/posts\/5580\/revisions\/28480"}],"wp:featuredmedia":[{"embeddable":true,"href":"https:\/\/escolaraiz.pt\/pt\/wp-json\/wp\/v2\/media\/28166"}],"wp:attachment":[{"href":"https:\/\/escolaraiz.pt\/pt\/wp-json\/wp\/v2\/media?parent=5580"}],"wp:term":[{"taxonomy":"category","embeddable":true,"href":"https:\/\/escolaraiz.pt\/pt\/wp-json\/wp\/v2\/categories?post=5580"},{"taxonomy":"post_tag","embeddable":true,"href":"https:\/\/escolaraiz.pt\/pt\/wp-json\/wp\/v2\/tags?post=5580"}],"curies":[{"name":"wp","href":"https:\/\/api.w.org\/{rel}","templated":true}]}}