{"id":31036,"date":"2025-11-14T15:28:37","date_gmt":"2025-11-14T15:28:37","guid":{"rendered":"https:\/\/escolaraiz.pt\/pt\/?p=31036"},"modified":"2025-11-14T15:28:37","modified_gmt":"2025-11-14T15:28:37","slug":"educast-epi1","status":"publish","type":"post","link":"https:\/\/escolaraiz.pt\/pt\/noticias\/educast-epi1\/","title":{"rendered":"EDUCAST RAIZ &#8211; epi 1 &#8211;  5 Truques para Aumentar o Tempo de Qualidade em Fam\u00edlia"},"content":{"rendered":"<h2><strong>\ud83d\ude80 Educast Raiz: Lan\u00e7amento! Descubra 5 Truques para Aumentar o Tempo de Qualidade em Fam\u00edlia<\/strong><\/h2>\n<p>Temos o prazer de anunciar o lan\u00e7amento do podcast Educast Raiz, o seu novo espa\u00e7o de escuta ativa sobre educa\u00e7\u00e3o, parentalidade e o desenvolvimento integral da crian\u00e7a.<\/p>\n<p>Neste podcast, aprofundamos a filosofia educacional da escola, oferecendo dicas pr\u00e1ticas e inspiradoras que o ajudar\u00e3o a aplicar os princ\u00edpios do HighScope em casa.<\/p>\n<p>Para o primeiro epis\u00f3dio, abordou-se uma quest\u00e3o central para todas as fam\u00edlias: \u00c9 poss\u00edvel ter mais tempo de qualidade em fam\u00edlia?<br \/>A resposta \u00e9 sim! E n\u00e3o precisa de grandes revolu\u00e7\u00f5es, apenas de pequenas transforma\u00e7\u00f5es na forma como olha para o dia a dia.<\/p>\n<p>[OU\u00c7A AGORA o 1.\u00ba Epis\u00f3dio: 5 Truques para Aumentar o Tempo de Qualidade em Fam\u00edlia]<\/p>\n<p><iframe loading=\"lazy\" title=\"RAIZ EDUCAST #1 :: 5 Truques para Aumentar o Tempo de Qualidade em Fam\u00edlia\" width=\"640\" height=\"360\" src=\"https:\/\/www.youtube.com\/embed\/FNPB4ge5W1k?feature=oembed\" frameborder=\"0\" allow=\"accelerometer; autoplay; clipboard-write; encrypted-media; gyroscope; picture-in-picture; web-share\" referrerpolicy=\"strict-origin-when-cross-origin\" allowfullscreen><\/iframe><\/p>\n<p>O Educast Raiz \u00e9 liderado pelas vozes de Joaquim Vitor (diretor da Escola Raiz, Psic\u00f3logo e psicoterapeuta) e Joana Lima (supervisora do modelo HighScope na Escola Raiz e Psicomotricista).<\/p>\n<p>Junte-se a n\u00f3s nesta jornada onde a escola e a fam\u00edlia trabalham em parceria para que o seu filho aprenda enquanto brinca. <strong>E lembre-se: errar faz\u00a0parte\u00a0do\u00a0plano!<\/strong><\/p>\n","protected":false},"excerpt":{"rendered":"<p>Para fechar o Autumun Break&#8230; tivemos o Halloween!<\/p>\n","protected":false},"author":6,"featured_media":31037,"comment_status":"closed","ping_status":"open","sticky":false,"template":"","format":"standard","meta":{"footnotes":""},"categories":[5],"tags":[68,67],"class_list":["post-31036","post","type-post","status-publish","format-standard","has-post-thumbnail","hentry","category-noticias","tag-autumn-break","tag-halloween"],"yoast_head":"<!-- This site is optimized with the Yoast SEO plugin v27.5 - https:\/\/yoast.com\/product\/yoast-seo-wordpress\/ -->\n<title>O novo podcast da Escola Raiz - EDUCAST<\/title>\n<meta name=\"description\" content=\"Temos o prazer de anunciar o lan\u00e7amento do podcast Educast Raiz, o seu novo espa\u00e7o de escuta ativa sobre educa\u00e7\u00e3o e parentalidade.\" \/>\n<meta name=\"robots\" content=\"index, follow, max-snippet:-1, max-image-preview:large, max-video-preview:-1\" \/>\n<link rel=\"canonical\" href=\"https:\/\/escolaraiz.pt\/pt\/noticias\/educast-epi1\/\" \/>\n<meta name=\"twitter:card\" content=\"summary_large_image\" \/>\n<meta name=\"twitter:title\" content=\"O novo podcast da Escola Raiz - EDUCAST\" \/>\n<meta name=\"twitter:description\" content=\"Temos o prazer de anunciar o lan\u00e7amento do podcast Educast Raiz, o seu novo espa\u00e7o de escuta ativa sobre educa\u00e7\u00e3o e parentalidade.\" \/>\n<meta name=\"twitter:image\" content=\"https:\/\/escolaraiz.pt\/pt\/wp-content\/uploads\/2025\/11\/RAIZ_PODCAST_LOGO_MOOD.png\" \/>\n<meta name=\"twitter:label1\" content=\"Escrito por\" \/>\n\t<meta name=\"twitter:data1\" content=\"Joana\" \/>\n\t<meta name=\"twitter:label2\" content=\"Tempo estimado de leitura\" \/>\n\t<meta name=\"twitter:data2\" content=\"2 minutos\" \/>\n<script type=\"application\/ld+json\" class=\"yoast-schema-graph\">{\"@context\":\"https:\\\/\\\/schema.org\",\"@graph\":[{\"@type\":\"Article\",\"@id\":\"https:\\\/\\\/escolaraiz.pt\\\/pt\\\/noticias\\\/educast-epi1\\\/#article\",\"isPartOf\":{\"@id\":\"https:\\\/\\\/escolaraiz.pt\\\/pt\\\/noticias\\\/educast-epi1\\\/\"},\"author\":{\"name\":\"Joana\",\"@id\":\"https:\\\/\\\/escolaraiz.pt\\\/pt\\\/#\\\/schema\\\/person\\\/6345bdaf152ba0769cdcc8492bf088e1\"},\"headline\":\"EDUCAST RAIZ &#8211; epi 1 &#8211; 5 Truques para Aumentar o Tempo de Qualidade em Fam\u00edlia\",\"datePublished\":\"2025-11-14T15:28:37+00:00\",\"mainEntityOfPage\":{\"@id\":\"https:\\\/\\\/escolaraiz.pt\\\/pt\\\/noticias\\\/educast-epi1\\\/\"},\"wordCount\":223,\"image\":{\"@id\":\"https:\\\/\\\/escolaraiz.pt\\\/pt\\\/noticias\\\/educast-epi1\\\/#primaryimage\"},\"thumbnailUrl\":\"https:\\\/\\\/escolaraiz.pt\\\/pt\\\/wp-content\\\/uploads\\\/2025\\\/11\\\/RAIZ_PODCAST_LOGO_MOOD.png\",\"keywords\":[\"autumn break\",\"halloween\"],\"articleSection\":[\"Noticias\"],\"inLanguage\":\"pt-PT\"},{\"@type\":\"WebPage\",\"@id\":\"https:\\\/\\\/escolaraiz.pt\\\/pt\\\/noticias\\\/educast-epi1\\\/\",\"url\":\"https:\\\/\\\/escolaraiz.pt\\\/pt\\\/noticias\\\/educast-epi1\\\/\",\"name\":\"O novo podcast da Escola Raiz - EDUCAST\",\"isPartOf\":{\"@id\":\"https:\\\/\\\/escolaraiz.pt\\\/pt\\\/#website\"},\"primaryImageOfPage\":{\"@id\":\"https:\\\/\\\/escolaraiz.pt\\\/pt\\\/noticias\\\/educast-epi1\\\/#primaryimage\"},\"image\":{\"@id\":\"https:\\\/\\\/escolaraiz.pt\\\/pt\\\/noticias\\\/educast-epi1\\\/#primaryimage\"},\"thumbnailUrl\":\"https:\\\/\\\/escolaraiz.pt\\\/pt\\\/wp-content\\\/uploads\\\/2025\\\/11\\\/RAIZ_PODCAST_LOGO_MOOD.png\",\"datePublished\":\"2025-11-14T15:28:37+00:00\",\"author\":{\"@id\":\"https:\\\/\\\/escolaraiz.pt\\\/pt\\\/#\\\/schema\\\/person\\\/6345bdaf152ba0769cdcc8492bf088e1\"},\"description\":\"Temos o prazer de anunciar o lan\u00e7amento do podcast Educast Raiz, o seu novo espa\u00e7o de escuta ativa sobre educa\u00e7\u00e3o e parentalidade.\",\"breadcrumb\":{\"@id\":\"https:\\\/\\\/escolaraiz.pt\\\/pt\\\/noticias\\\/educast-epi1\\\/#breadcrumb\"},\"inLanguage\":\"pt-PT\",\"potentialAction\":[{\"@type\":\"ReadAction\",\"target\":[\"https:\\\/\\\/escolaraiz.pt\\\/pt\\\/noticias\\\/educast-epi1\\\/\"]}]},{\"@type\":\"ImageObject\",\"inLanguage\":\"pt-PT\",\"@id\":\"https:\\\/\\\/escolaraiz.pt\\\/pt\\\/noticias\\\/educast-epi1\\\/#primaryimage\",\"url\":\"https:\\\/\\\/escolaraiz.pt\\\/pt\\\/wp-content\\\/uploads\\\/2025\\\/11\\\/RAIZ_PODCAST_LOGO_MOOD.png\",\"contentUrl\":\"https:\\\/\\\/escolaraiz.pt\\\/pt\\\/wp-content\\\/uploads\\\/2025\\\/11\\\/RAIZ_PODCAST_LOGO_MOOD.png\",\"width\":1080,\"height\":1350,\"caption\":\"educast\"},{\"@type\":\"BreadcrumbList\",\"@id\":\"https:\\\/\\\/escolaraiz.pt\\\/pt\\\/noticias\\\/educast-epi1\\\/#breadcrumb\",\"itemListElement\":[{\"@type\":\"ListItem\",\"position\":1,\"name\":\"In\u00edcio\",\"item\":\"https:\\\/\\\/escolaraiz.pt\\\/pt\\\/\"},{\"@type\":\"ListItem\",\"position\":2,\"name\":\"EDUCAST RAIZ &#8211; epi 1 &#8211; 5 Truques para Aumentar o Tempo de Qualidade em Fam\u00edlia\"}]},{\"@type\":\"WebSite\",\"@id\":\"https:\\\/\\\/escolaraiz.pt\\\/pt\\\/#website\",\"url\":\"https:\\\/\\\/escolaraiz.pt\\\/pt\\\/\",\"name\":\"Raiz\",\"description\":\"Active Learning School\",\"potentialAction\":[{\"@type\":\"SearchAction\",\"target\":{\"@type\":\"EntryPoint\",\"urlTemplate\":\"https:\\\/\\\/escolaraiz.pt\\\/pt\\\/?s={search_term_string}\"},\"query-input\":{\"@type\":\"PropertyValueSpecification\",\"valueRequired\":true,\"valueName\":\"search_term_string\"}}],\"inLanguage\":\"pt-PT\"},{\"@type\":\"Person\",\"@id\":\"https:\\\/\\\/escolaraiz.pt\\\/pt\\\/#\\\/schema\\\/person\\\/6345bdaf152ba0769cdcc8492bf088e1\",\"name\":\"Joana\"}]}<\/script>\n<!-- \/ Yoast SEO plugin. -->","yoast_head_json":{"title":"O novo podcast da Escola Raiz - EDUCAST","description":"Temos o prazer de anunciar o lan\u00e7amento do podcast Educast Raiz, o seu novo espa\u00e7o de escuta ativa sobre educa\u00e7\u00e3o e parentalidade.","robots":{"index":"index","follow":"follow","max-snippet":"max-snippet:-1","max-image-preview":"max-image-preview:large","max-video-preview":"max-video-preview:-1"},"canonical":"https:\/\/escolaraiz.pt\/pt\/noticias\/educast-epi1\/","twitter_card":"summary_large_image","twitter_title":"O novo podcast da Escola Raiz - EDUCAST","twitter_description":"Temos o prazer de anunciar o lan\u00e7amento do podcast Educast Raiz, o seu novo espa\u00e7o de escuta ativa sobre educa\u00e7\u00e3o e parentalidade.","twitter_image":"https:\/\/escolaraiz.pt\/pt\/wp-content\/uploads\/2025\/11\/RAIZ_PODCAST_LOGO_MOOD.png","twitter_misc":{"Escrito por":"Joana","Tempo estimado de leitura":"2 minutos"},"schema":{"@context":"https:\/\/schema.org","@graph":[{"@type":"Article","@id":"https:\/\/escolaraiz.pt\/pt\/noticias\/educast-epi1\/#article","isPartOf":{"@id":"https:\/\/escolaraiz.pt\/pt\/noticias\/educast-epi1\/"},"author":{"name":"Joana","@id":"https:\/\/escolaraiz.pt\/pt\/#\/schema\/person\/6345bdaf152ba0769cdcc8492bf088e1"},"headline":"EDUCAST RAIZ &#8211; epi 1 &#8211; 5 Truques para Aumentar o Tempo de Qualidade em Fam\u00edlia","datePublished":"2025-11-14T15:28:37+00:00","mainEntityOfPage":{"@id":"https:\/\/escolaraiz.pt\/pt\/noticias\/educast-epi1\/"},"wordCount":223,"image":{"@id":"https:\/\/escolaraiz.pt\/pt\/noticias\/educast-epi1\/#primaryimage"},"thumbnailUrl":"https:\/\/escolaraiz.pt\/pt\/wp-content\/uploads\/2025\/11\/RAIZ_PODCAST_LOGO_MOOD.png","keywords":["autumn break","halloween"],"articleSection":["Noticias"],"inLanguage":"pt-PT"},{"@type":"WebPage","@id":"https:\/\/escolaraiz.pt\/pt\/noticias\/educast-epi1\/","url":"https:\/\/escolaraiz.pt\/pt\/noticias\/educast-epi1\/","name":"O novo podcast da Escola Raiz - EDUCAST","isPartOf":{"@id":"https:\/\/escolaraiz.pt\/pt\/#website"},"primaryImageOfPage":{"@id":"https:\/\/escolaraiz.pt\/pt\/noticias\/educast-epi1\/#primaryimage"},"image":{"@id":"https:\/\/escolaraiz.pt\/pt\/noticias\/educast-epi1\/#primaryimage"},"thumbnailUrl":"https:\/\/escolaraiz.pt\/pt\/wp-content\/uploads\/2025\/11\/RAIZ_PODCAST_LOGO_MOOD.png","datePublished":"2025-11-14T15:28:37+00:00","author":{"@id":"https:\/\/escolaraiz.pt\/pt\/#\/schema\/person\/6345bdaf152ba0769cdcc8492bf088e1"},"description":"Temos o prazer de anunciar o lan\u00e7amento do podcast Educast Raiz, o seu novo espa\u00e7o de escuta ativa sobre educa\u00e7\u00e3o e parentalidade.","breadcrumb":{"@id":"https:\/\/escolaraiz.pt\/pt\/noticias\/educast-epi1\/#breadcrumb"},"inLanguage":"pt-PT","potentialAction":[{"@type":"ReadAction","target":["https:\/\/escolaraiz.pt\/pt\/noticias\/educast-epi1\/"]}]},{"@type":"ImageObject","inLanguage":"pt-PT","@id":"https:\/\/escolaraiz.pt\/pt\/noticias\/educast-epi1\/#primaryimage","url":"https:\/\/escolaraiz.pt\/pt\/wp-content\/uploads\/2025\/11\/RAIZ_PODCAST_LOGO_MOOD.png","contentUrl":"https:\/\/escolaraiz.pt\/pt\/wp-content\/uploads\/2025\/11\/RAIZ_PODCAST_LOGO_MOOD.png","width":1080,"height":1350,"caption":"educast"},{"@type":"BreadcrumbList","@id":"https:\/\/escolaraiz.pt\/pt\/noticias\/educast-epi1\/#breadcrumb","itemListElement":[{"@type":"ListItem","position":1,"name":"In\u00edcio","item":"https:\/\/escolaraiz.pt\/pt\/"},{"@type":"ListItem","position":2,"name":"EDUCAST RAIZ &#8211; epi 1 &#8211; 5 Truques para Aumentar o Tempo de Qualidade em Fam\u00edlia"}]},{"@type":"WebSite","@id":"https:\/\/escolaraiz.pt\/pt\/#website","url":"https:\/\/escolaraiz.pt\/pt\/","name":"Raiz","description":"Active Learning School","potentialAction":[{"@type":"SearchAction","target":{"@type":"EntryPoint","urlTemplate":"https:\/\/escolaraiz.pt\/pt\/?s={search_term_string}"},"query-input":{"@type":"PropertyValueSpecification","valueRequired":true,"valueName":"search_term_string"}}],"inLanguage":"pt-PT"},{"@type":"Person","@id":"https:\/\/escolaraiz.pt\/pt\/#\/schema\/person\/6345bdaf152ba0769cdcc8492bf088e1","name":"Joana"}]}},"_links":{"self":[{"href":"https:\/\/escolaraiz.pt\/pt\/wp-json\/wp\/v2\/posts\/31036","targetHints":{"allow":["GET"]}}],"collection":[{"href":"https:\/\/escolaraiz.pt\/pt\/wp-json\/wp\/v2\/posts"}],"about":[{"href":"https:\/\/escolaraiz.pt\/pt\/wp-json\/wp\/v2\/types\/post"}],"author":[{"embeddable":true,"href":"https:\/\/escolaraiz.pt\/pt\/wp-json\/wp\/v2\/users\/6"}],"replies":[{"embeddable":true,"href":"https:\/\/escolaraiz.pt\/pt\/wp-json\/wp\/v2\/comments?post=31036"}],"version-history":[{"count":2,"href":"https:\/\/escolaraiz.pt\/pt\/wp-json\/wp\/v2\/posts\/31036\/revisions"}],"predecessor-version":[{"id":31039,"href":"https:\/\/escolaraiz.pt\/pt\/wp-json\/wp\/v2\/posts\/31036\/revisions\/31039"}],"wp:featuredmedia":[{"embeddable":true,"href":"https:\/\/escolaraiz.pt\/pt\/wp-json\/wp\/v2\/media\/31037"}],"wp:attachment":[{"href":"https:\/\/escolaraiz.pt\/pt\/wp-json\/wp\/v2\/media?parent=31036"}],"wp:term":[{"taxonomy":"category","embeddable":true,"href":"https:\/\/escolaraiz.pt\/pt\/wp-json\/wp\/v2\/categories?post=31036"},{"taxonomy":"post_tag","embeddable":true,"href":"https:\/\/escolaraiz.pt\/pt\/wp-json\/wp\/v2\/tags?post=31036"}],"curies":[{"name":"wp","href":"https:\/\/api.w.org\/{rel}","templated":true}]}}