{"id":30626,"date":"2023-07-14T20:57:32","date_gmt":"2023-07-14T20:57:32","guid":{"rendered":"https:\/\/escolaraiz.pt\/pt\/?p=30626"},"modified":"2023-07-07T21:00:43","modified_gmt":"2023-07-07T21:00:43","slug":"sala-platano-no-jardim-ducla-soares","status":"publish","type":"post","link":"https:\/\/escolaraiz.pt\/pt\/noticias\/sala-platano-no-jardim-ducla-soares\/","title":{"rendered":"SALA PL\u00c1TANO NO JARDIM DUCLA SOARES"},"content":{"rendered":"\n<p>Tendo em conta o eixo &#8220;O bairro \u00e9 a nossa escola&#8221;, nada melhor do que aproveitarmos o Jardim Ducla Soares para servir de palco para a aula de educa\u00e7\u00e3o f\u00edsica da sala pl\u00e1tano.<\/p>\n\n\n\n<p><a href=\"https:\/\/www.facebook.com\/hashtag\/escolaraiz?__eep__=6&amp;__cft__[0]=AZWXdoTdZEvs_Oi3II6mOKZjt44IV4qkNqJ4q383nuvXqvB9Lx9vk5l42voUOE0RSxURFyo77QOPOkCkHIUJZCJsgZVyO4gfM3Fhnt77SBre_FG6GgSafJnN83dpQ0rIaipEsROE4EYywQ5IdH4cO7Mzkncbotd6l3F0ldUHajDUVvyBDxJvGe5x5LOGe7DbLWc&amp;__tn__=*NK-R\">#escolaraiz<\/a><a href=\"https:\/\/www.facebook.com\/hashtag\/highscope?__eep__=6&amp;__cft__[0]=AZWXdoTdZEvs_Oi3II6mOKZjt44IV4qkNqJ4q383nuvXqvB9Lx9vk5l42voUOE0RSxURFyo77QOPOkCkHIUJZCJsgZVyO4gfM3Fhnt77SBre_FG6GgSafJnN83dpQ0rIaipEsROE4EYywQ5IdH4cO7Mzkncbotd6l3F0ldUHajDUVvyBDxJvGe5x5LOGe7DbLWc&amp;__tn__=*NK-R\">#highscope<\/a><a href=\"https:\/\/www.facebook.com\/hashtag\/aprendizagemativa?__eep__=6&amp;__cft__[0]=AZWXdoTdZEvs_Oi3II6mOKZjt44IV4qkNqJ4q383nuvXqvB9Lx9vk5l42voUOE0RSxURFyo77QOPOkCkHIUJZCJsgZVyO4gfM3Fhnt77SBre_FG6GgSafJnN83dpQ0rIaipEsROE4EYywQ5IdH4cO7Mzkncbotd6l3F0ldUHajDUVvyBDxJvGe5x5LOGe7DbLWc&amp;__tn__=*NK-R\">#aprendizagemativa<\/a><\/p>\n\n\n\n<figure class=\"wp-block-gallery has-nested-images columns-default is-cropped wp-block-gallery-1 is-layout-flex wp-block-gallery-is-layout-flex\">\n<figure class=\"wp-block-image size-large\"><a href=\"https:\/\/escolaraiz.pt\/pt\/wp-content\/uploads\/2023\/07\/352218062_705310111284608_8111203842812588931_n.jpg\"><img loading=\"lazy\" decoding=\"async\" width=\"900\" height=\"472\" data-id=\"30631\" src=\"https:\/\/escolaraiz.pt\/pt\/wp-content\/uploads\/2023\/07\/352218062_705310111284608_8111203842812588931_n.jpg\" alt=\"\" class=\"wp-image-30631\" srcset=\"https:\/\/escolaraiz.pt\/pt\/wp-content\/uploads\/2023\/07\/352218062_705310111284608_8111203842812588931_n.jpg 900w, https:\/\/escolaraiz.pt\/pt\/wp-content\/uploads\/2023\/07\/352218062_705310111284608_8111203842812588931_n-300x157.jpg 300w, https:\/\/escolaraiz.pt\/pt\/wp-content\/uploads\/2023\/07\/352218062_705310111284608_8111203842812588931_n-768x403.jpg 768w, https:\/\/escolaraiz.pt\/pt\/wp-content\/uploads\/2023\/07\/352218062_705310111284608_8111203842812588931_n-500x262.jpg 500w, https:\/\/escolaraiz.pt\/pt\/wp-content\/uploads\/2023\/07\/352218062_705310111284608_8111203842812588931_n-600x315.jpg 600w\" sizes=\"auto, (max-width: 900px) 100vw, 900px\" \/><\/a><\/figure>\n\n\n\n<figure class=\"wp-block-image size-large\"><a href=\"https:\/\/escolaraiz.pt\/pt\/wp-content\/uploads\/2023\/07\/352176497_1012682553110375_3033554080401796566_n.jpg\"><img loading=\"lazy\" decoding=\"async\" width=\"1024\" height=\"537\" data-id=\"30628\" src=\"https:\/\/escolaraiz.pt\/pt\/wp-content\/uploads\/2023\/07\/352176497_1012682553110375_3033554080401796566_n-1024x537.jpg\" alt=\"\" class=\"wp-image-30628\" srcset=\"https:\/\/escolaraiz.pt\/pt\/wp-content\/uploads\/2023\/07\/352176497_1012682553110375_3033554080401796566_n-1024x537.jpg 1024w, https:\/\/escolaraiz.pt\/pt\/wp-content\/uploads\/2023\/07\/352176497_1012682553110375_3033554080401796566_n-300x157.jpg 300w, https:\/\/escolaraiz.pt\/pt\/wp-content\/uploads\/2023\/07\/352176497_1012682553110375_3033554080401796566_n-768x403.jpg 768w, https:\/\/escolaraiz.pt\/pt\/wp-content\/uploads\/2023\/07\/352176497_1012682553110375_3033554080401796566_n-500x262.jpg 500w, https:\/\/escolaraiz.pt\/pt\/wp-content\/uploads\/2023\/07\/352176497_1012682553110375_3033554080401796566_n-600x315.jpg 600w, https:\/\/escolaraiz.pt\/pt\/wp-content\/uploads\/2023\/07\/352176497_1012682553110375_3033554080401796566_n.jpg 1200w\" sizes=\"auto, (max-width: 1024px) 100vw, 1024px\" \/><\/a><\/figure>\n\n\n\n<figure class=\"wp-block-image size-large\"><a href=\"https:\/\/escolaraiz.pt\/pt\/wp-content\/uploads\/2023\/07\/351137532_600094855522315_5491099822884295470_n.jpg\"><img loading=\"lazy\" decoding=\"async\" width=\"1024\" height=\"537\" data-id=\"30630\" src=\"https:\/\/escolaraiz.pt\/pt\/wp-content\/uploads\/2023\/07\/351137532_600094855522315_5491099822884295470_n-1024x537.jpg\" alt=\"\" class=\"wp-image-30630\" srcset=\"https:\/\/escolaraiz.pt\/pt\/wp-content\/uploads\/2023\/07\/351137532_600094855522315_5491099822884295470_n-1024x537.jpg 1024w, https:\/\/escolaraiz.pt\/pt\/wp-content\/uploads\/2023\/07\/351137532_600094855522315_5491099822884295470_n-300x157.jpg 300w, https:\/\/escolaraiz.pt\/pt\/wp-content\/uploads\/2023\/07\/351137532_600094855522315_5491099822884295470_n-768x403.jpg 768w, https:\/\/escolaraiz.pt\/pt\/wp-content\/uploads\/2023\/07\/351137532_600094855522315_5491099822884295470_n-500x262.jpg 500w, https:\/\/escolaraiz.pt\/pt\/wp-content\/uploads\/2023\/07\/351137532_600094855522315_5491099822884295470_n-600x315.jpg 600w, https:\/\/escolaraiz.pt\/pt\/wp-content\/uploads\/2023\/07\/351137532_600094855522315_5491099822884295470_n.jpg 1200w\" sizes=\"auto, (max-width: 1024px) 100vw, 1024px\" \/><\/a><\/figure>\n\n\n\n<figure class=\"wp-block-image size-large\"><a href=\"https:\/\/escolaraiz.pt\/pt\/wp-content\/uploads\/2023\/07\/351451613_1079437566776558_627953747097107608_n.jpg\"><img loading=\"lazy\" decoding=\"async\" width=\"1024\" height=\"537\" data-id=\"30632\" src=\"https:\/\/escolaraiz.pt\/pt\/wp-content\/uploads\/2023\/07\/351451613_1079437566776558_627953747097107608_n-1024x537.jpg\" alt=\"\" class=\"wp-image-30632\" srcset=\"https:\/\/escolaraiz.pt\/pt\/wp-content\/uploads\/2023\/07\/351451613_1079437566776558_627953747097107608_n-1024x537.jpg 1024w, https:\/\/escolaraiz.pt\/pt\/wp-content\/uploads\/2023\/07\/351451613_1079437566776558_627953747097107608_n-300x157.jpg 300w, https:\/\/escolaraiz.pt\/pt\/wp-content\/uploads\/2023\/07\/351451613_1079437566776558_627953747097107608_n-768x403.jpg 768w, https:\/\/escolaraiz.pt\/pt\/wp-content\/uploads\/2023\/07\/351451613_1079437566776558_627953747097107608_n-500x262.jpg 500w, https:\/\/escolaraiz.pt\/pt\/wp-content\/uploads\/2023\/07\/351451613_1079437566776558_627953747097107608_n-600x315.jpg 600w, https:\/\/escolaraiz.pt\/pt\/wp-content\/uploads\/2023\/07\/351451613_1079437566776558_627953747097107608_n.jpg 1200w\" sizes=\"auto, (max-width: 1024px) 100vw, 1024px\" \/><\/a><\/figure>\n\n\n\n<figure class=\"wp-block-image size-large\"><a href=\"https:\/\/escolaraiz.pt\/pt\/wp-content\/uploads\/2023\/07\/351143637_1274367883469940_8785701922176717541_n.jpg\"><img loading=\"lazy\" decoding=\"async\" width=\"1024\" height=\"537\" data-id=\"30633\" src=\"https:\/\/escolaraiz.pt\/pt\/wp-content\/uploads\/2023\/07\/351143637_1274367883469940_8785701922176717541_n-1024x537.jpg\" alt=\"\" class=\"wp-image-30633\" srcset=\"https:\/\/escolaraiz.pt\/pt\/wp-content\/uploads\/2023\/07\/351143637_1274367883469940_8785701922176717541_n-1024x537.jpg 1024w, https:\/\/escolaraiz.pt\/pt\/wp-content\/uploads\/2023\/07\/351143637_1274367883469940_8785701922176717541_n-300x157.jpg 300w, https:\/\/escolaraiz.pt\/pt\/wp-content\/uploads\/2023\/07\/351143637_1274367883469940_8785701922176717541_n-768x403.jpg 768w, https:\/\/escolaraiz.pt\/pt\/wp-content\/uploads\/2023\/07\/351143637_1274367883469940_8785701922176717541_n-500x262.jpg 500w, https:\/\/escolaraiz.pt\/pt\/wp-content\/uploads\/2023\/07\/351143637_1274367883469940_8785701922176717541_n-600x315.jpg 600w, https:\/\/escolaraiz.pt\/pt\/wp-content\/uploads\/2023\/07\/351143637_1274367883469940_8785701922176717541_n.jpg 1200w\" sizes=\"auto, (max-width: 1024px) 100vw, 1024px\" \/><\/a><\/figure>\n\n\n\n<figure class=\"wp-block-image size-large\"><a href=\"https:\/\/escolaraiz.pt\/pt\/wp-content\/uploads\/2023\/07\/351820737_785563126560376_5903619572852347144_n.jpg\"><img loading=\"lazy\" decoding=\"async\" width=\"1024\" height=\"537\" data-id=\"30627\" src=\"https:\/\/escolaraiz.pt\/pt\/wp-content\/uploads\/2023\/07\/351820737_785563126560376_5903619572852347144_n-1024x537.jpg\" alt=\"\" class=\"wp-image-30627\" srcset=\"https:\/\/escolaraiz.pt\/pt\/wp-content\/uploads\/2023\/07\/351820737_785563126560376_5903619572852347144_n-1024x537.jpg 1024w, https:\/\/escolaraiz.pt\/pt\/wp-content\/uploads\/2023\/07\/351820737_785563126560376_5903619572852347144_n-300x157.jpg 300w, https:\/\/escolaraiz.pt\/pt\/wp-content\/uploads\/2023\/07\/351820737_785563126560376_5903619572852347144_n-768x402.jpg 768w, https:\/\/escolaraiz.pt\/pt\/wp-content\/uploads\/2023\/07\/351820737_785563126560376_5903619572852347144_n-500x262.jpg 500w, https:\/\/escolaraiz.pt\/pt\/wp-content\/uploads\/2023\/07\/351820737_785563126560376_5903619572852347144_n-600x314.jpg 600w, https:\/\/escolaraiz.pt\/pt\/wp-content\/uploads\/2023\/07\/351820737_785563126560376_5903619572852347144_n.jpg 1334w\" sizes=\"auto, (max-width: 1024px) 100vw, 1024px\" \/><\/a><\/figure>\n\n\n\n<figure class=\"wp-block-image size-large\"><a href=\"https:\/\/escolaraiz.pt\/pt\/wp-content\/uploads\/2023\/07\/352180789_247591501249820_1639499148826404053_n.jpg\"><img loading=\"lazy\" decoding=\"async\" width=\"1024\" height=\"537\" data-id=\"30629\" src=\"https:\/\/escolaraiz.pt\/pt\/wp-content\/uploads\/2023\/07\/352180789_247591501249820_1639499148826404053_n-1024x537.jpg\" alt=\"\" class=\"wp-image-30629\" srcset=\"https:\/\/escolaraiz.pt\/pt\/wp-content\/uploads\/2023\/07\/352180789_247591501249820_1639499148826404053_n-1024x537.jpg 1024w, https:\/\/escolaraiz.pt\/pt\/wp-content\/uploads\/2023\/07\/352180789_247591501249820_1639499148826404053_n-300x157.jpg 300w, https:\/\/escolaraiz.pt\/pt\/wp-content\/uploads\/2023\/07\/352180789_247591501249820_1639499148826404053_n-768x402.jpg 768w, https:\/\/escolaraiz.pt\/pt\/wp-content\/uploads\/2023\/07\/352180789_247591501249820_1639499148826404053_n-500x262.jpg 500w, https:\/\/escolaraiz.pt\/pt\/wp-content\/uploads\/2023\/07\/352180789_247591501249820_1639499148826404053_n-600x314.jpg 600w, https:\/\/escolaraiz.pt\/pt\/wp-content\/uploads\/2023\/07\/352180789_247591501249820_1639499148826404053_n.jpg 1334w\" sizes=\"auto, (max-width: 1024px) 100vw, 1024px\" \/><\/a><\/figure>\n<\/figure>\n","protected":false},"excerpt":{"rendered":"<p>SALA PL\u00c1TANO NO JARDIM DUCLA SOARES<\/p>\n","protected":false},"author":6,"featured_media":30627,"comment_status":"closed","ping_status":"open","sticky":false,"template":"","format":"standard","meta":{"footnotes":""},"categories":[5],"tags":[],"class_list":["post-30626","post","type-post","status-publish","format-standard","has-post-thumbnail","hentry","category-noticias"],"yoast_head":"<!-- This site is optimized with the Yoast SEO plugin v27.5 - https:\/\/yoast.com\/product\/yoast-seo-wordpress\/ -->\n<title>SALA PL\u00c1TANO NO JARDIM DUCLA SOARES - Raiz<\/title>\n<meta name=\"robots\" content=\"index, follow, max-snippet:-1, max-image-preview:large, max-video-preview:-1\" \/>\n<link rel=\"canonical\" href=\"https:\/\/escolaraiz.pt\/pt\/noticias\/sala-platano-no-jardim-ducla-soares\/\" \/>\n<meta name=\"twitter:card\" content=\"summary_large_image\" \/>\n<meta name=\"twitter:title\" content=\"SALA PL\u00c1TANO NO JARDIM DUCLA SOARES - Raiz\" \/>\n<meta name=\"twitter:description\" content=\"SALA PL\u00c1TANO NO JARDIM DUCLA SOARES\" \/>\n<meta name=\"twitter:image\" content=\"https:\/\/escolaraiz.pt\/pt\/wp-content\/uploads\/2023\/07\/351820737_785563126560376_5903619572852347144_n.jpg\" \/>\n<meta name=\"twitter:label1\" content=\"Escrito por\" \/>\n\t<meta name=\"twitter:data1\" content=\"Joana\" \/>\n<script type=\"application\/ld+json\" class=\"yoast-schema-graph\">{\"@context\":\"https:\\\/\\\/schema.org\",\"@graph\":[{\"@type\":\"Article\",\"@id\":\"https:\\\/\\\/escolaraiz.pt\\\/pt\\\/noticias\\\/sala-platano-no-jardim-ducla-soares\\\/#article\",\"isPartOf\":{\"@id\":\"https:\\\/\\\/escolaraiz.pt\\\/pt\\\/noticias\\\/sala-platano-no-jardim-ducla-soares\\\/\"},\"author\":{\"name\":\"Joana\",\"@id\":\"https:\\\/\\\/escolaraiz.pt\\\/pt\\\/#\\\/schema\\\/person\\\/6345bdaf152ba0769cdcc8492bf088e1\"},\"headline\":\"SALA PL\u00c1TANO NO JARDIM DUCLA SOARES\",\"datePublished\":\"2023-07-14T20:57:32+00:00\",\"mainEntityOfPage\":{\"@id\":\"https:\\\/\\\/escolaraiz.pt\\\/pt\\\/noticias\\\/sala-platano-no-jardim-ducla-soares\\\/\"},\"wordCount\":45,\"image\":{\"@id\":\"https:\\\/\\\/escolaraiz.pt\\\/pt\\\/noticias\\\/sala-platano-no-jardim-ducla-soares\\\/#primaryimage\"},\"thumbnailUrl\":\"https:\\\/\\\/escolaraiz.pt\\\/pt\\\/wp-content\\\/uploads\\\/2023\\\/07\\\/351820737_785563126560376_5903619572852347144_n.jpg\",\"articleSection\":[\"Noticias\"],\"inLanguage\":\"pt-PT\"},{\"@type\":\"WebPage\",\"@id\":\"https:\\\/\\\/escolaraiz.pt\\\/pt\\\/noticias\\\/sala-platano-no-jardim-ducla-soares\\\/\",\"url\":\"https:\\\/\\\/escolaraiz.pt\\\/pt\\\/noticias\\\/sala-platano-no-jardim-ducla-soares\\\/\",\"name\":\"SALA PL\u00c1TANO NO JARDIM DUCLA SOARES - Raiz\",\"isPartOf\":{\"@id\":\"https:\\\/\\\/escolaraiz.pt\\\/pt\\\/#website\"},\"primaryImageOfPage\":{\"@id\":\"https:\\\/\\\/escolaraiz.pt\\\/pt\\\/noticias\\\/sala-platano-no-jardim-ducla-soares\\\/#primaryimage\"},\"image\":{\"@id\":\"https:\\\/\\\/escolaraiz.pt\\\/pt\\\/noticias\\\/sala-platano-no-jardim-ducla-soares\\\/#primaryimage\"},\"thumbnailUrl\":\"https:\\\/\\\/escolaraiz.pt\\\/pt\\\/wp-content\\\/uploads\\\/2023\\\/07\\\/351820737_785563126560376_5903619572852347144_n.jpg\",\"datePublished\":\"2023-07-14T20:57:32+00:00\",\"author\":{\"@id\":\"https:\\\/\\\/escolaraiz.pt\\\/pt\\\/#\\\/schema\\\/person\\\/6345bdaf152ba0769cdcc8492bf088e1\"},\"breadcrumb\":{\"@id\":\"https:\\\/\\\/escolaraiz.pt\\\/pt\\\/noticias\\\/sala-platano-no-jardim-ducla-soares\\\/#breadcrumb\"},\"inLanguage\":\"pt-PT\",\"potentialAction\":[{\"@type\":\"ReadAction\",\"target\":[\"https:\\\/\\\/escolaraiz.pt\\\/pt\\\/noticias\\\/sala-platano-no-jardim-ducla-soares\\\/\"]}]},{\"@type\":\"ImageObject\",\"inLanguage\":\"pt-PT\",\"@id\":\"https:\\\/\\\/escolaraiz.pt\\\/pt\\\/noticias\\\/sala-platano-no-jardim-ducla-soares\\\/#primaryimage\",\"url\":\"https:\\\/\\\/escolaraiz.pt\\\/pt\\\/wp-content\\\/uploads\\\/2023\\\/07\\\/351820737_785563126560376_5903619572852347144_n.jpg\",\"contentUrl\":\"https:\\\/\\\/escolaraiz.pt\\\/pt\\\/wp-content\\\/uploads\\\/2023\\\/07\\\/351820737_785563126560376_5903619572852347144_n.jpg\",\"width\":1334,\"height\":699},{\"@type\":\"BreadcrumbList\",\"@id\":\"https:\\\/\\\/escolaraiz.pt\\\/pt\\\/noticias\\\/sala-platano-no-jardim-ducla-soares\\\/#breadcrumb\",\"itemListElement\":[{\"@type\":\"ListItem\",\"position\":1,\"name\":\"In\u00edcio\",\"item\":\"https:\\\/\\\/escolaraiz.pt\\\/pt\\\/\"},{\"@type\":\"ListItem\",\"position\":2,\"name\":\"SALA PL\u00c1TANO NO JARDIM DUCLA SOARES\"}]},{\"@type\":\"WebSite\",\"@id\":\"https:\\\/\\\/escolaraiz.pt\\\/pt\\\/#website\",\"url\":\"https:\\\/\\\/escolaraiz.pt\\\/pt\\\/\",\"name\":\"Raiz\",\"description\":\"Active Learning School\",\"potentialAction\":[{\"@type\":\"SearchAction\",\"target\":{\"@type\":\"EntryPoint\",\"urlTemplate\":\"https:\\\/\\\/escolaraiz.pt\\\/pt\\\/?s={search_term_string}\"},\"query-input\":{\"@type\":\"PropertyValueSpecification\",\"valueRequired\":true,\"valueName\":\"search_term_string\"}}],\"inLanguage\":\"pt-PT\"},{\"@type\":\"Person\",\"@id\":\"https:\\\/\\\/escolaraiz.pt\\\/pt\\\/#\\\/schema\\\/person\\\/6345bdaf152ba0769cdcc8492bf088e1\",\"name\":\"Joana\"}]}<\/script>\n<!-- \/ Yoast SEO plugin. -->","yoast_head_json":{"title":"SALA PL\u00c1TANO NO JARDIM DUCLA SOARES - Raiz","robots":{"index":"index","follow":"follow","max-snippet":"max-snippet:-1","max-image-preview":"max-image-preview:large","max-video-preview":"max-video-preview:-1"},"canonical":"https:\/\/escolaraiz.pt\/pt\/noticias\/sala-platano-no-jardim-ducla-soares\/","twitter_card":"summary_large_image","twitter_title":"SALA PL\u00c1TANO NO JARDIM DUCLA SOARES - Raiz","twitter_description":"SALA PL\u00c1TANO NO JARDIM DUCLA SOARES","twitter_image":"https:\/\/escolaraiz.pt\/pt\/wp-content\/uploads\/2023\/07\/351820737_785563126560376_5903619572852347144_n.jpg","twitter_misc":{"Escrito por":"Joana"},"schema":{"@context":"https:\/\/schema.org","@graph":[{"@type":"Article","@id":"https:\/\/escolaraiz.pt\/pt\/noticias\/sala-platano-no-jardim-ducla-soares\/#article","isPartOf":{"@id":"https:\/\/escolaraiz.pt\/pt\/noticias\/sala-platano-no-jardim-ducla-soares\/"},"author":{"name":"Joana","@id":"https:\/\/escolaraiz.pt\/pt\/#\/schema\/person\/6345bdaf152ba0769cdcc8492bf088e1"},"headline":"SALA PL\u00c1TANO NO JARDIM DUCLA SOARES","datePublished":"2023-07-14T20:57:32+00:00","mainEntityOfPage":{"@id":"https:\/\/escolaraiz.pt\/pt\/noticias\/sala-platano-no-jardim-ducla-soares\/"},"wordCount":45,"image":{"@id":"https:\/\/escolaraiz.pt\/pt\/noticias\/sala-platano-no-jardim-ducla-soares\/#primaryimage"},"thumbnailUrl":"https:\/\/escolaraiz.pt\/pt\/wp-content\/uploads\/2023\/07\/351820737_785563126560376_5903619572852347144_n.jpg","articleSection":["Noticias"],"inLanguage":"pt-PT"},{"@type":"WebPage","@id":"https:\/\/escolaraiz.pt\/pt\/noticias\/sala-platano-no-jardim-ducla-soares\/","url":"https:\/\/escolaraiz.pt\/pt\/noticias\/sala-platano-no-jardim-ducla-soares\/","name":"SALA PL\u00c1TANO NO JARDIM DUCLA SOARES - Raiz","isPartOf":{"@id":"https:\/\/escolaraiz.pt\/pt\/#website"},"primaryImageOfPage":{"@id":"https:\/\/escolaraiz.pt\/pt\/noticias\/sala-platano-no-jardim-ducla-soares\/#primaryimage"},"image":{"@id":"https:\/\/escolaraiz.pt\/pt\/noticias\/sala-platano-no-jardim-ducla-soares\/#primaryimage"},"thumbnailUrl":"https:\/\/escolaraiz.pt\/pt\/wp-content\/uploads\/2023\/07\/351820737_785563126560376_5903619572852347144_n.jpg","datePublished":"2023-07-14T20:57:32+00:00","author":{"@id":"https:\/\/escolaraiz.pt\/pt\/#\/schema\/person\/6345bdaf152ba0769cdcc8492bf088e1"},"breadcrumb":{"@id":"https:\/\/escolaraiz.pt\/pt\/noticias\/sala-platano-no-jardim-ducla-soares\/#breadcrumb"},"inLanguage":"pt-PT","potentialAction":[{"@type":"ReadAction","target":["https:\/\/escolaraiz.pt\/pt\/noticias\/sala-platano-no-jardim-ducla-soares\/"]}]},{"@type":"ImageObject","inLanguage":"pt-PT","@id":"https:\/\/escolaraiz.pt\/pt\/noticias\/sala-platano-no-jardim-ducla-soares\/#primaryimage","url":"https:\/\/escolaraiz.pt\/pt\/wp-content\/uploads\/2023\/07\/351820737_785563126560376_5903619572852347144_n.jpg","contentUrl":"https:\/\/escolaraiz.pt\/pt\/wp-content\/uploads\/2023\/07\/351820737_785563126560376_5903619572852347144_n.jpg","width":1334,"height":699},{"@type":"BreadcrumbList","@id":"https:\/\/escolaraiz.pt\/pt\/noticias\/sala-platano-no-jardim-ducla-soares\/#breadcrumb","itemListElement":[{"@type":"ListItem","position":1,"name":"In\u00edcio","item":"https:\/\/escolaraiz.pt\/pt\/"},{"@type":"ListItem","position":2,"name":"SALA PL\u00c1TANO NO JARDIM DUCLA SOARES"}]},{"@type":"WebSite","@id":"https:\/\/escolaraiz.pt\/pt\/#website","url":"https:\/\/escolaraiz.pt\/pt\/","name":"Raiz","description":"Active Learning School","potentialAction":[{"@type":"SearchAction","target":{"@type":"EntryPoint","urlTemplate":"https:\/\/escolaraiz.pt\/pt\/?s={search_term_string}"},"query-input":{"@type":"PropertyValueSpecification","valueRequired":true,"valueName":"search_term_string"}}],"inLanguage":"pt-PT"},{"@type":"Person","@id":"https:\/\/escolaraiz.pt\/pt\/#\/schema\/person\/6345bdaf152ba0769cdcc8492bf088e1","name":"Joana"}]}},"_links":{"self":[{"href":"https:\/\/escolaraiz.pt\/pt\/wp-json\/wp\/v2\/posts\/30626","targetHints":{"allow":["GET"]}}],"collection":[{"href":"https:\/\/escolaraiz.pt\/pt\/wp-json\/wp\/v2\/posts"}],"about":[{"href":"https:\/\/escolaraiz.pt\/pt\/wp-json\/wp\/v2\/types\/post"}],"author":[{"embeddable":true,"href":"https:\/\/escolaraiz.pt\/pt\/wp-json\/wp\/v2\/users\/6"}],"replies":[{"embeddable":true,"href":"https:\/\/escolaraiz.pt\/pt\/wp-json\/wp\/v2\/comments?post=30626"}],"version-history":[{"count":1,"href":"https:\/\/escolaraiz.pt\/pt\/wp-json\/wp\/v2\/posts\/30626\/revisions"}],"predecessor-version":[{"id":30634,"href":"https:\/\/escolaraiz.pt\/pt\/wp-json\/wp\/v2\/posts\/30626\/revisions\/30634"}],"wp:featuredmedia":[{"embeddable":true,"href":"https:\/\/escolaraiz.pt\/pt\/wp-json\/wp\/v2\/media\/30627"}],"wp:attachment":[{"href":"https:\/\/escolaraiz.pt\/pt\/wp-json\/wp\/v2\/media?parent=30626"}],"wp:term":[{"taxonomy":"category","embeddable":true,"href":"https:\/\/escolaraiz.pt\/pt\/wp-json\/wp\/v2\/categories?post=30626"},{"taxonomy":"post_tag","embeddable":true,"href":"https:\/\/escolaraiz.pt\/pt\/wp-json\/wp\/v2\/tags?post=30626"}],"curies":[{"name":"wp","href":"https:\/\/api.w.org\/{rel}","templated":true}]}}