{"id":30603,"date":"2023-06-16T20:43:58","date_gmt":"2023-06-16T20:43:58","guid":{"rendered":"https:\/\/escolaraiz.pt\/pt\/?p=30603"},"modified":"2023-07-07T20:53:58","modified_gmt":"2023-07-07T20:53:58","slug":"visita-quinta-pedagogica-dos-olivais","status":"publish","type":"post","link":"https:\/\/escolaraiz.pt\/pt\/noticias\/visita-quinta-pedagogica-dos-olivais\/","title":{"rendered":"VISITA QUINTA PEDAG\u00d3GICA DOS OLIVAIS"},"content":{"rendered":"\n<p>Visit\u00e1mos a Quinta Pedag\u00f3gica dos Olivais. Quando cheg\u00e1mos, fic\u00e1mos a conhecer algumas \u00e1rvores da Quinta e alguns dos animais que l\u00e1 vivem.<\/p>\n\n\n\n<p>Depois fomos ao pomar conhecer as \u00e1rvores de fruta. Para al\u00e9m de ficarmos a saber os seus nomes, fic\u00e1mos a conhecer algumas carater\u00edsticas sobre os seus frutos e estrat\u00e9gias para afugentar os bichos e p\u00e1ssaros do pomar. Apanh\u00e1mos, tamb\u00e9m, amoras da amoreira para comer.<\/p>\n\n\n\n<p>A seguir fomos \u00e0 horta apanhar legumes para fazer um batido. Colhemos <a><\/a>alface, couve roxa, cenouras, hortel\u00e3, entre outros. Na cozinha, a C\u00e9u preparou os legumes que trouxemos da horta e juntou algumas frutas do pomar para fazer o batido.<\/p>\n\n\n\n<p>No final prov\u00e1mos o batido! <img loading=\"lazy\" decoding=\"async\" height=\"16\" width=\"16\" alt=\"?\" src=\"https:\/\/static.xx.fbcdn.net\/images\/emoji.php\/v9\/t57\/1.5\/16\/1f96c.png\"><img loading=\"lazy\" decoding=\"async\" height=\"16\" width=\"16\" alt=\"?\" src=\"https:\/\/static.xx.fbcdn.net\/images\/emoji.php\/v9\/t86\/1.5\/16\/1f951.png\"><img loading=\"lazy\" decoding=\"async\" height=\"16\" width=\"16\" alt=\"?\" src=\"https:\/\/static.xx.fbcdn.net\/images\/emoji.php\/v9\/t7f\/1.5\/16\/1f350.png\"><img loading=\"lazy\" decoding=\"async\" height=\"16\" width=\"16\" alt=\"?\" src=\"https:\/\/static.xx.fbcdn.net\/images\/emoji.php\/v9\/t16\/1.5\/16\/1f34f.png\"><img loading=\"lazy\" decoding=\"async\" height=\"16\" width=\"16\" alt=\"?\" src=\"https:\/\/static.xx.fbcdn.net\/images\/emoji.php\/v9\/t2\/1.5\/16\/1f353.png\"><img loading=\"lazy\" decoding=\"async\" height=\"16\" width=\"16\" alt=\"?\" src=\"https:\/\/static.xx.fbcdn.net\/images\/emoji.php\/v9\/t8a\/1.5\/16\/1f955.png\"><img loading=\"lazy\" decoding=\"async\" height=\"16\" width=\"16\" alt=\"?\" src=\"https:\/\/static.xx.fbcdn.net\/images\/emoji.php\/v9\/t39\/1.5\/16\/1f95d.png\"><img loading=\"lazy\" decoding=\"async\" height=\"16\" width=\"16\" alt=\"?\" src=\"https:\/\/static.xx.fbcdn.net\/images\/emoji.php\/v9\/t91\/1.5\/16\/1f34a.png\"><\/p>\n\n\n\n<p><a href=\"https:\/\/www.facebook.com\/hashtag\/escolaraiz?__eep__=6&amp;__cft__[0]=AZWeQzqi7nMOVKKfQOHvWVAggw_nnf3TvaKOWWu-yP43t7WOR28UwCy7NHppuS1jqpaxDsYiTbNGwuEge6ZMKTyW_J6olNkcjaH22GZIoGQ6gBlFMu3OUfN2-bQIkw-y-Odgy_hTEmCwV08QwcQwCG5otlmZ0non27h71q5W3bMNW-0QXG9bc9RBa6aVQxpryTs&amp;__tn__=*NK-R\">#escolaraiz<\/a><a href=\"https:\/\/www.facebook.com\/hashtag\/highscope?__eep__=6&amp;__cft__[0]=AZWeQzqi7nMOVKKfQOHvWVAggw_nnf3TvaKOWWu-yP43t7WOR28UwCy7NHppuS1jqpaxDsYiTbNGwuEge6ZMKTyW_J6olNkcjaH22GZIoGQ6gBlFMu3OUfN2-bQIkw-y-Odgy_hTEmCwV08QwcQwCG5otlmZ0non27h71q5W3bMNW-0QXG9bc9RBa6aVQxpryTs&amp;__tn__=*NK-R\">#highscope<\/a><a href=\"https:\/\/www.facebook.com\/hashtag\/aprendizagemativa?__eep__=6&amp;__cft__[0]=AZWeQzqi7nMOVKKfQOHvWVAggw_nnf3TvaKOWWu-yP43t7WOR28UwCy7NHppuS1jqpaxDsYiTbNGwuEge6ZMKTyW_J6olNkcjaH22GZIoGQ6gBlFMu3OUfN2-bQIkw-y-Odgy_hTEmCwV08QwcQwCG5otlmZ0non27h71q5W3bMNW-0QXG9bc9RBa6aVQxpryTs&amp;__tn__=*NK-R\">#aprendizagemativa<\/a><\/p>\n\n\n\n<figure class=\"wp-block-gallery has-nested-images columns-default is-cropped wp-block-gallery-1 is-layout-flex wp-block-gallery-is-layout-flex\">\n<figure class=\"wp-block-image size-large\"><a href=\"https:\/\/escolaraiz.pt\/pt\/wp-content\/uploads\/2023\/07\/346482291_3400820740247030_6570293237112874448_n.jpg\"><img loading=\"lazy\" decoding=\"async\" width=\"819\" height=\"1024\" data-id=\"30604\" src=\"https:\/\/escolaraiz.pt\/pt\/wp-content\/uploads\/2023\/07\/346482291_3400820740247030_6570293237112874448_n-819x1024.jpg\" alt=\"\" class=\"wp-image-30604\" srcset=\"https:\/\/escolaraiz.pt\/pt\/wp-content\/uploads\/2023\/07\/346482291_3400820740247030_6570293237112874448_n-819x1024.jpg 819w, https:\/\/escolaraiz.pt\/pt\/wp-content\/uploads\/2023\/07\/346482291_3400820740247030_6570293237112874448_n-240x300.jpg 240w, https:\/\/escolaraiz.pt\/pt\/wp-content\/uploads\/2023\/07\/346482291_3400820740247030_6570293237112874448_n-768x960.jpg 768w, https:\/\/escolaraiz.pt\/pt\/wp-content\/uploads\/2023\/07\/346482291_3400820740247030_6570293237112874448_n-1229x1536.jpg 1229w, https:\/\/escolaraiz.pt\/pt\/wp-content\/uploads\/2023\/07\/346482291_3400820740247030_6570293237112874448_n-500x625.jpg 500w, https:\/\/escolaraiz.pt\/pt\/wp-content\/uploads\/2023\/07\/346482291_3400820740247030_6570293237112874448_n-600x750.jpg 600w, https:\/\/escolaraiz.pt\/pt\/wp-content\/uploads\/2023\/07\/346482291_3400820740247030_6570293237112874448_n.jpg 1536w\" sizes=\"auto, (max-width: 819px) 100vw, 819px\" \/><\/a><\/figure>\n\n\n\n<figure class=\"wp-block-image size-large\"><a href=\"https:\/\/escolaraiz.pt\/pt\/wp-content\/uploads\/2023\/07\/346629447_1262368331374441_7248024397742888212_n.jpg\"><img loading=\"lazy\" decoding=\"async\" width=\"819\" height=\"1024\" data-id=\"30610\" src=\"https:\/\/escolaraiz.pt\/pt\/wp-content\/uploads\/2023\/07\/346629447_1262368331374441_7248024397742888212_n-819x1024.jpg\" alt=\"\" class=\"wp-image-30610\" srcset=\"https:\/\/escolaraiz.pt\/pt\/wp-content\/uploads\/2023\/07\/346629447_1262368331374441_7248024397742888212_n-819x1024.jpg 819w, https:\/\/escolaraiz.pt\/pt\/wp-content\/uploads\/2023\/07\/346629447_1262368331374441_7248024397742888212_n-240x300.jpg 240w, https:\/\/escolaraiz.pt\/pt\/wp-content\/uploads\/2023\/07\/346629447_1262368331374441_7248024397742888212_n-768x960.jpg 768w, https:\/\/escolaraiz.pt\/pt\/wp-content\/uploads\/2023\/07\/346629447_1262368331374441_7248024397742888212_n-1229x1536.jpg 1229w, https:\/\/escolaraiz.pt\/pt\/wp-content\/uploads\/2023\/07\/346629447_1262368331374441_7248024397742888212_n-500x625.jpg 500w, https:\/\/escolaraiz.pt\/pt\/wp-content\/uploads\/2023\/07\/346629447_1262368331374441_7248024397742888212_n-600x750.jpg 600w, https:\/\/escolaraiz.pt\/pt\/wp-content\/uploads\/2023\/07\/346629447_1262368331374441_7248024397742888212_n.jpg 1500w\" sizes=\"auto, (max-width: 819px) 100vw, 819px\" \/><\/a><\/figure>\n\n\n\n<figure class=\"wp-block-image size-large\"><a href=\"https:\/\/escolaraiz.pt\/pt\/wp-content\/uploads\/2023\/07\/347415163_940052810665886_3623625901392291742_n.jpg\"><img loading=\"lazy\" decoding=\"async\" width=\"819\" height=\"1024\" data-id=\"30607\" src=\"https:\/\/escolaraiz.pt\/pt\/wp-content\/uploads\/2023\/07\/347415163_940052810665886_3623625901392291742_n-819x1024.jpg\" alt=\"\" class=\"wp-image-30607\" srcset=\"https:\/\/escolaraiz.pt\/pt\/wp-content\/uploads\/2023\/07\/347415163_940052810665886_3623625901392291742_n-819x1024.jpg 819w, https:\/\/escolaraiz.pt\/pt\/wp-content\/uploads\/2023\/07\/347415163_940052810665886_3623625901392291742_n-240x300.jpg 240w, https:\/\/escolaraiz.pt\/pt\/wp-content\/uploads\/2023\/07\/347415163_940052810665886_3623625901392291742_n-768x960.jpg 768w, https:\/\/escolaraiz.pt\/pt\/wp-content\/uploads\/2023\/07\/347415163_940052810665886_3623625901392291742_n-1229x1536.jpg 1229w, https:\/\/escolaraiz.pt\/pt\/wp-content\/uploads\/2023\/07\/347415163_940052810665886_3623625901392291742_n-500x625.jpg 500w, https:\/\/escolaraiz.pt\/pt\/wp-content\/uploads\/2023\/07\/347415163_940052810665886_3623625901392291742_n-600x750.jpg 600w, https:\/\/escolaraiz.pt\/pt\/wp-content\/uploads\/2023\/07\/347415163_940052810665886_3623625901392291742_n.jpg 1500w\" sizes=\"auto, (max-width: 819px) 100vw, 819px\" \/><\/a><\/figure>\n\n\n\n<figure class=\"wp-block-image size-large\"><a href=\"https:\/\/escolaraiz.pt\/pt\/wp-content\/uploads\/2023\/07\/346495505_1456296255107517_5413175629417830023_n.jpg\"><img loading=\"lazy\" decoding=\"async\" width=\"819\" height=\"1024\" data-id=\"30612\" src=\"https:\/\/escolaraiz.pt\/pt\/wp-content\/uploads\/2023\/07\/346495505_1456296255107517_5413175629417830023_n-819x1024.jpg\" alt=\"\" class=\"wp-image-30612\" srcset=\"https:\/\/escolaraiz.pt\/pt\/wp-content\/uploads\/2023\/07\/346495505_1456296255107517_5413175629417830023_n-819x1024.jpg 819w, https:\/\/escolaraiz.pt\/pt\/wp-content\/uploads\/2023\/07\/346495505_1456296255107517_5413175629417830023_n-240x300.jpg 240w, https:\/\/escolaraiz.pt\/pt\/wp-content\/uploads\/2023\/07\/346495505_1456296255107517_5413175629417830023_n-768x960.jpg 768w, https:\/\/escolaraiz.pt\/pt\/wp-content\/uploads\/2023\/07\/346495505_1456296255107517_5413175629417830023_n-1229x1536.jpg 1229w, https:\/\/escolaraiz.pt\/pt\/wp-content\/uploads\/2023\/07\/346495505_1456296255107517_5413175629417830023_n-500x625.jpg 500w, https:\/\/escolaraiz.pt\/pt\/wp-content\/uploads\/2023\/07\/346495505_1456296255107517_5413175629417830023_n-600x750.jpg 600w, https:\/\/escolaraiz.pt\/pt\/wp-content\/uploads\/2023\/07\/346495505_1456296255107517_5413175629417830023_n.jpg 1500w\" sizes=\"auto, (max-width: 819px) 100vw, 819px\" \/><\/a><\/figure>\n\n\n\n<figure class=\"wp-block-image size-large\"><a href=\"https:\/\/escolaraiz.pt\/pt\/wp-content\/uploads\/2023\/07\/345606309_569261418628604_3146829241595072992_n.jpg\"><img loading=\"lazy\" decoding=\"async\" width=\"819\" height=\"1024\" data-id=\"30609\" src=\"https:\/\/escolaraiz.pt\/pt\/wp-content\/uploads\/2023\/07\/345606309_569261418628604_3146829241595072992_n-819x1024.jpg\" alt=\"\" class=\"wp-image-30609\" srcset=\"https:\/\/escolaraiz.pt\/pt\/wp-content\/uploads\/2023\/07\/345606309_569261418628604_3146829241595072992_n-819x1024.jpg 819w, https:\/\/escolaraiz.pt\/pt\/wp-content\/uploads\/2023\/07\/345606309_569261418628604_3146829241595072992_n-240x300.jpg 240w, https:\/\/escolaraiz.pt\/pt\/wp-content\/uploads\/2023\/07\/345606309_569261418628604_3146829241595072992_n-768x960.jpg 768w, https:\/\/escolaraiz.pt\/pt\/wp-content\/uploads\/2023\/07\/345606309_569261418628604_3146829241595072992_n-1229x1536.jpg 1229w, https:\/\/escolaraiz.pt\/pt\/wp-content\/uploads\/2023\/07\/345606309_569261418628604_3146829241595072992_n-500x625.jpg 500w, https:\/\/escolaraiz.pt\/pt\/wp-content\/uploads\/2023\/07\/345606309_569261418628604_3146829241595072992_n-600x750.jpg 600w, https:\/\/escolaraiz.pt\/pt\/wp-content\/uploads\/2023\/07\/345606309_569261418628604_3146829241595072992_n.jpg 1500w\" sizes=\"auto, (max-width: 819px) 100vw, 819px\" \/><\/a><\/figure>\n\n\n\n<figure class=\"wp-block-image size-large\"><a href=\"https:\/\/escolaraiz.pt\/pt\/wp-content\/uploads\/2023\/07\/346803792_197710386435722_5597089492784320001_n.jpg\"><img loading=\"lazy\" decoding=\"async\" width=\"819\" height=\"1024\" data-id=\"30605\" src=\"https:\/\/escolaraiz.pt\/pt\/wp-content\/uploads\/2023\/07\/346803792_197710386435722_5597089492784320001_n-819x1024.jpg\" alt=\"\" class=\"wp-image-30605\" srcset=\"https:\/\/escolaraiz.pt\/pt\/wp-content\/uploads\/2023\/07\/346803792_197710386435722_5597089492784320001_n-819x1024.jpg 819w, https:\/\/escolaraiz.pt\/pt\/wp-content\/uploads\/2023\/07\/346803792_197710386435722_5597089492784320001_n-240x300.jpg 240w, https:\/\/escolaraiz.pt\/pt\/wp-content\/uploads\/2023\/07\/346803792_197710386435722_5597089492784320001_n-768x960.jpg 768w, https:\/\/escolaraiz.pt\/pt\/wp-content\/uploads\/2023\/07\/346803792_197710386435722_5597089492784320001_n-1229x1536.jpg 1229w, https:\/\/escolaraiz.pt\/pt\/wp-content\/uploads\/2023\/07\/346803792_197710386435722_5597089492784320001_n-500x625.jpg 500w, https:\/\/escolaraiz.pt\/pt\/wp-content\/uploads\/2023\/07\/346803792_197710386435722_5597089492784320001_n-600x750.jpg 600w, https:\/\/escolaraiz.pt\/pt\/wp-content\/uploads\/2023\/07\/346803792_197710386435722_5597089492784320001_n.jpg 1500w\" sizes=\"auto, (max-width: 819px) 100vw, 819px\" \/><\/a><\/figure>\n\n\n\n<figure class=\"wp-block-image size-large\"><a href=\"https:\/\/escolaraiz.pt\/pt\/wp-content\/uploads\/2023\/07\/347633962_594252676012047_2761175003800391778_n.jpg\"><img loading=\"lazy\" decoding=\"async\" width=\"819\" height=\"1024\" data-id=\"30613\" src=\"https:\/\/escolaraiz.pt\/pt\/wp-content\/uploads\/2023\/07\/347633962_594252676012047_2761175003800391778_n-819x1024.jpg\" alt=\"\" class=\"wp-image-30613\" srcset=\"https:\/\/escolaraiz.pt\/pt\/wp-content\/uploads\/2023\/07\/347633962_594252676012047_2761175003800391778_n-819x1024.jpg 819w, https:\/\/escolaraiz.pt\/pt\/wp-content\/uploads\/2023\/07\/347633962_594252676012047_2761175003800391778_n-240x300.jpg 240w, https:\/\/escolaraiz.pt\/pt\/wp-content\/uploads\/2023\/07\/347633962_594252676012047_2761175003800391778_n-768x960.jpg 768w, https:\/\/escolaraiz.pt\/pt\/wp-content\/uploads\/2023\/07\/347633962_594252676012047_2761175003800391778_n-1229x1536.jpg 1229w, https:\/\/escolaraiz.pt\/pt\/wp-content\/uploads\/2023\/07\/347633962_594252676012047_2761175003800391778_n-500x625.jpg 500w, https:\/\/escolaraiz.pt\/pt\/wp-content\/uploads\/2023\/07\/347633962_594252676012047_2761175003800391778_n-600x750.jpg 600w, https:\/\/escolaraiz.pt\/pt\/wp-content\/uploads\/2023\/07\/347633962_594252676012047_2761175003800391778_n.jpg 1500w\" sizes=\"auto, (max-width: 819px) 100vw, 819px\" \/><\/a><\/figure>\n\n\n\n<figure class=\"wp-block-image size-large\"><a href=\"https:\/\/escolaraiz.pt\/pt\/wp-content\/uploads\/2023\/07\/347407602_983727012792876_992668196422138379_n.jpg\"><img loading=\"lazy\" decoding=\"async\" width=\"819\" height=\"1024\" data-id=\"30606\" src=\"https:\/\/escolaraiz.pt\/pt\/wp-content\/uploads\/2023\/07\/347407602_983727012792876_992668196422138379_n-819x1024.jpg\" alt=\"\" class=\"wp-image-30606\" srcset=\"https:\/\/escolaraiz.pt\/pt\/wp-content\/uploads\/2023\/07\/347407602_983727012792876_992668196422138379_n-819x1024.jpg 819w, https:\/\/escolaraiz.pt\/pt\/wp-content\/uploads\/2023\/07\/347407602_983727012792876_992668196422138379_n-240x300.jpg 240w, https:\/\/escolaraiz.pt\/pt\/wp-content\/uploads\/2023\/07\/347407602_983727012792876_992668196422138379_n-768x960.jpg 768w, https:\/\/escolaraiz.pt\/pt\/wp-content\/uploads\/2023\/07\/347407602_983727012792876_992668196422138379_n-1229x1536.jpg 1229w, https:\/\/escolaraiz.pt\/pt\/wp-content\/uploads\/2023\/07\/347407602_983727012792876_992668196422138379_n-500x625.jpg 500w, https:\/\/escolaraiz.pt\/pt\/wp-content\/uploads\/2023\/07\/347407602_983727012792876_992668196422138379_n-600x750.jpg 600w, https:\/\/escolaraiz.pt\/pt\/wp-content\/uploads\/2023\/07\/347407602_983727012792876_992668196422138379_n.jpg 1500w\" sizes=\"auto, (max-width: 819px) 100vw, 819px\" \/><\/a><\/figure>\n\n\n\n<figure class=\"wp-block-image size-large\"><a href=\"https:\/\/escolaraiz.pt\/pt\/wp-content\/uploads\/2023\/07\/345926520_659847912635206_8795132934066091981_n.jpg\"><img loading=\"lazy\" decoding=\"async\" width=\"819\" height=\"1024\" data-id=\"30611\" src=\"https:\/\/escolaraiz.pt\/pt\/wp-content\/uploads\/2023\/07\/345926520_659847912635206_8795132934066091981_n-819x1024.jpg\" alt=\"\" class=\"wp-image-30611\" srcset=\"https:\/\/escolaraiz.pt\/pt\/wp-content\/uploads\/2023\/07\/345926520_659847912635206_8795132934066091981_n-819x1024.jpg 819w, https:\/\/escolaraiz.pt\/pt\/wp-content\/uploads\/2023\/07\/345926520_659847912635206_8795132934066091981_n-240x300.jpg 240w, https:\/\/escolaraiz.pt\/pt\/wp-content\/uploads\/2023\/07\/345926520_659847912635206_8795132934066091981_n-768x960.jpg 768w, https:\/\/escolaraiz.pt\/pt\/wp-content\/uploads\/2023\/07\/345926520_659847912635206_8795132934066091981_n-1229x1536.jpg 1229w, https:\/\/escolaraiz.pt\/pt\/wp-content\/uploads\/2023\/07\/345926520_659847912635206_8795132934066091981_n-500x625.jpg 500w, https:\/\/escolaraiz.pt\/pt\/wp-content\/uploads\/2023\/07\/345926520_659847912635206_8795132934066091981_n-600x750.jpg 600w, https:\/\/escolaraiz.pt\/pt\/wp-content\/uploads\/2023\/07\/345926520_659847912635206_8795132934066091981_n.jpg 1500w\" sizes=\"auto, (max-width: 819px) 100vw, 819px\" \/><\/a><\/figure>\n\n\n\n<figure class=\"wp-block-image size-large\"><a href=\"https:\/\/escolaraiz.pt\/pt\/wp-content\/uploads\/2023\/07\/347013334_1454294492065499_7641392346403280463_n.jpg\"><img loading=\"lazy\" decoding=\"async\" width=\"819\" height=\"1024\" data-id=\"30608\" src=\"https:\/\/escolaraiz.pt\/pt\/wp-content\/uploads\/2023\/07\/347013334_1454294492065499_7641392346403280463_n-819x1024.jpg\" alt=\"\" class=\"wp-image-30608\" srcset=\"https:\/\/escolaraiz.pt\/pt\/wp-content\/uploads\/2023\/07\/347013334_1454294492065499_7641392346403280463_n-819x1024.jpg 819w, https:\/\/escolaraiz.pt\/pt\/wp-content\/uploads\/2023\/07\/347013334_1454294492065499_7641392346403280463_n-240x300.jpg 240w, https:\/\/escolaraiz.pt\/pt\/wp-content\/uploads\/2023\/07\/347013334_1454294492065499_7641392346403280463_n-768x960.jpg 768w, https:\/\/escolaraiz.pt\/pt\/wp-content\/uploads\/2023\/07\/347013334_1454294492065499_7641392346403280463_n-1229x1536.jpg 1229w, https:\/\/escolaraiz.pt\/pt\/wp-content\/uploads\/2023\/07\/347013334_1454294492065499_7641392346403280463_n-500x625.jpg 500w, https:\/\/escolaraiz.pt\/pt\/wp-content\/uploads\/2023\/07\/347013334_1454294492065499_7641392346403280463_n-600x750.jpg 600w, https:\/\/escolaraiz.pt\/pt\/wp-content\/uploads\/2023\/07\/347013334_1454294492065499_7641392346403280463_n.jpg 1536w\" sizes=\"auto, (max-width: 819px) 100vw, 819px\" \/><\/a><\/figure>\n<\/figure>\n","protected":false},"excerpt":{"rendered":"<p>VISITA QUINTA PEDAG\u00d3GICA DOS OLIVAIS<\/p>\n","protected":false},"author":1,"featured_media":30604,"comment_status":"closed","ping_status":"open","sticky":false,"template":"","format":"standard","meta":{"footnotes":""},"categories":[5],"tags":[],"class_list":["post-30603","post","type-post","status-publish","format-standard","has-post-thumbnail","hentry","category-noticias"],"yoast_head":"<!-- This site is optimized with the Yoast SEO plugin v27.5 - https:\/\/yoast.com\/product\/yoast-seo-wordpress\/ -->\n<title>VISITA QUINTA PEDAG\u00d3GICA DOS OLIVAIS - Raiz<\/title>\n<meta name=\"robots\" content=\"index, follow, max-snippet:-1, max-image-preview:large, max-video-preview:-1\" \/>\n<link rel=\"canonical\" href=\"https:\/\/escolaraiz.pt\/pt\/noticias\/visita-quinta-pedagogica-dos-olivais\/\" \/>\n<meta name=\"twitter:card\" content=\"summary_large_image\" \/>\n<meta name=\"twitter:title\" content=\"VISITA QUINTA PEDAG\u00d3GICA DOS OLIVAIS - Raiz\" \/>\n<meta name=\"twitter:description\" content=\"VISITA QUINTA PEDAG\u00d3GICA DOS OLIVAIS\" \/>\n<meta name=\"twitter:image\" content=\"https:\/\/escolaraiz.pt\/pt\/wp-content\/uploads\/2023\/07\/346482291_3400820740247030_6570293237112874448_n.jpg\" \/>\n<meta name=\"twitter:label1\" content=\"Escrito por\" \/>\n\t<meta name=\"twitter:data1\" content=\"admin\" \/>\n\t<meta name=\"twitter:label2\" content=\"Tempo estimado de leitura\" \/>\n\t<meta name=\"twitter:data2\" content=\"1 minuto\" \/>\n<script type=\"application\/ld+json\" class=\"yoast-schema-graph\">{\"@context\":\"https:\\\/\\\/schema.org\",\"@graph\":[{\"@type\":\"Article\",\"@id\":\"https:\\\/\\\/escolaraiz.pt\\\/pt\\\/noticias\\\/visita-quinta-pedagogica-dos-olivais\\\/#article\",\"isPartOf\":{\"@id\":\"https:\\\/\\\/escolaraiz.pt\\\/pt\\\/noticias\\\/visita-quinta-pedagogica-dos-olivais\\\/\"},\"author\":{\"name\":\"admin\",\"@id\":\"https:\\\/\\\/escolaraiz.pt\\\/pt\\\/#\\\/schema\\\/person\\\/b730db7f2876087a398bcca824252c02\"},\"headline\":\"VISITA QUINTA PEDAG\u00d3GICA DOS OLIVAIS\",\"datePublished\":\"2023-06-16T20:43:58+00:00\",\"dateModified\":\"2023-07-07T20:53:58+00:00\",\"mainEntityOfPage\":{\"@id\":\"https:\\\/\\\/escolaraiz.pt\\\/pt\\\/noticias\\\/visita-quinta-pedagogica-dos-olivais\\\/\"},\"wordCount\":132,\"image\":{\"@id\":\"https:\\\/\\\/escolaraiz.pt\\\/pt\\\/noticias\\\/visita-quinta-pedagogica-dos-olivais\\\/#primaryimage\"},\"thumbnailUrl\":\"https:\\\/\\\/escolaraiz.pt\\\/pt\\\/wp-content\\\/uploads\\\/2023\\\/07\\\/346482291_3400820740247030_6570293237112874448_n.jpg\",\"articleSection\":[\"Noticias\"],\"inLanguage\":\"pt-PT\"},{\"@type\":\"WebPage\",\"@id\":\"https:\\\/\\\/escolaraiz.pt\\\/pt\\\/noticias\\\/visita-quinta-pedagogica-dos-olivais\\\/\",\"url\":\"https:\\\/\\\/escolaraiz.pt\\\/pt\\\/noticias\\\/visita-quinta-pedagogica-dos-olivais\\\/\",\"name\":\"VISITA QUINTA PEDAG\u00d3GICA DOS OLIVAIS - Raiz\",\"isPartOf\":{\"@id\":\"https:\\\/\\\/escolaraiz.pt\\\/pt\\\/#website\"},\"primaryImageOfPage\":{\"@id\":\"https:\\\/\\\/escolaraiz.pt\\\/pt\\\/noticias\\\/visita-quinta-pedagogica-dos-olivais\\\/#primaryimage\"},\"image\":{\"@id\":\"https:\\\/\\\/escolaraiz.pt\\\/pt\\\/noticias\\\/visita-quinta-pedagogica-dos-olivais\\\/#primaryimage\"},\"thumbnailUrl\":\"https:\\\/\\\/escolaraiz.pt\\\/pt\\\/wp-content\\\/uploads\\\/2023\\\/07\\\/346482291_3400820740247030_6570293237112874448_n.jpg\",\"datePublished\":\"2023-06-16T20:43:58+00:00\",\"dateModified\":\"2023-07-07T20:53:58+00:00\",\"author\":{\"@id\":\"https:\\\/\\\/escolaraiz.pt\\\/pt\\\/#\\\/schema\\\/person\\\/b730db7f2876087a398bcca824252c02\"},\"breadcrumb\":{\"@id\":\"https:\\\/\\\/escolaraiz.pt\\\/pt\\\/noticias\\\/visita-quinta-pedagogica-dos-olivais\\\/#breadcrumb\"},\"inLanguage\":\"pt-PT\",\"potentialAction\":[{\"@type\":\"ReadAction\",\"target\":[\"https:\\\/\\\/escolaraiz.pt\\\/pt\\\/noticias\\\/visita-quinta-pedagogica-dos-olivais\\\/\"]}]},{\"@type\":\"ImageObject\",\"inLanguage\":\"pt-PT\",\"@id\":\"https:\\\/\\\/escolaraiz.pt\\\/pt\\\/noticias\\\/visita-quinta-pedagogica-dos-olivais\\\/#primaryimage\",\"url\":\"https:\\\/\\\/escolaraiz.pt\\\/pt\\\/wp-content\\\/uploads\\\/2023\\\/07\\\/346482291_3400820740247030_6570293237112874448_n.jpg\",\"contentUrl\":\"https:\\\/\\\/escolaraiz.pt\\\/pt\\\/wp-content\\\/uploads\\\/2023\\\/07\\\/346482291_3400820740247030_6570293237112874448_n.jpg\",\"width\":1536,\"height\":1920},{\"@type\":\"BreadcrumbList\",\"@id\":\"https:\\\/\\\/escolaraiz.pt\\\/pt\\\/noticias\\\/visita-quinta-pedagogica-dos-olivais\\\/#breadcrumb\",\"itemListElement\":[{\"@type\":\"ListItem\",\"position\":1,\"name\":\"In\u00edcio\",\"item\":\"https:\\\/\\\/escolaraiz.pt\\\/pt\\\/\"},{\"@type\":\"ListItem\",\"position\":2,\"name\":\"VISITA QUINTA PEDAG\u00d3GICA DOS OLIVAIS\"}]},{\"@type\":\"WebSite\",\"@id\":\"https:\\\/\\\/escolaraiz.pt\\\/pt\\\/#website\",\"url\":\"https:\\\/\\\/escolaraiz.pt\\\/pt\\\/\",\"name\":\"Raiz\",\"description\":\"Active Learning School\",\"potentialAction\":[{\"@type\":\"SearchAction\",\"target\":{\"@type\":\"EntryPoint\",\"urlTemplate\":\"https:\\\/\\\/escolaraiz.pt\\\/pt\\\/?s={search_term_string}\"},\"query-input\":{\"@type\":\"PropertyValueSpecification\",\"valueRequired\":true,\"valueName\":\"search_term_string\"}}],\"inLanguage\":\"pt-PT\"},{\"@type\":\"Person\",\"@id\":\"https:\\\/\\\/escolaraiz.pt\\\/pt\\\/#\\\/schema\\\/person\\\/b730db7f2876087a398bcca824252c02\",\"name\":\"admin\"}]}<\/script>\n<!-- \/ Yoast SEO plugin. -->","yoast_head_json":{"title":"VISITA QUINTA PEDAG\u00d3GICA DOS OLIVAIS - Raiz","robots":{"index":"index","follow":"follow","max-snippet":"max-snippet:-1","max-image-preview":"max-image-preview:large","max-video-preview":"max-video-preview:-1"},"canonical":"https:\/\/escolaraiz.pt\/pt\/noticias\/visita-quinta-pedagogica-dos-olivais\/","twitter_card":"summary_large_image","twitter_title":"VISITA QUINTA PEDAG\u00d3GICA DOS OLIVAIS - Raiz","twitter_description":"VISITA QUINTA PEDAG\u00d3GICA DOS OLIVAIS","twitter_image":"https:\/\/escolaraiz.pt\/pt\/wp-content\/uploads\/2023\/07\/346482291_3400820740247030_6570293237112874448_n.jpg","twitter_misc":{"Escrito por":"admin","Tempo estimado de leitura":"1 minuto"},"schema":{"@context":"https:\/\/schema.org","@graph":[{"@type":"Article","@id":"https:\/\/escolaraiz.pt\/pt\/noticias\/visita-quinta-pedagogica-dos-olivais\/#article","isPartOf":{"@id":"https:\/\/escolaraiz.pt\/pt\/noticias\/visita-quinta-pedagogica-dos-olivais\/"},"author":{"name":"admin","@id":"https:\/\/escolaraiz.pt\/pt\/#\/schema\/person\/b730db7f2876087a398bcca824252c02"},"headline":"VISITA QUINTA PEDAG\u00d3GICA DOS OLIVAIS","datePublished":"2023-06-16T20:43:58+00:00","dateModified":"2023-07-07T20:53:58+00:00","mainEntityOfPage":{"@id":"https:\/\/escolaraiz.pt\/pt\/noticias\/visita-quinta-pedagogica-dos-olivais\/"},"wordCount":132,"image":{"@id":"https:\/\/escolaraiz.pt\/pt\/noticias\/visita-quinta-pedagogica-dos-olivais\/#primaryimage"},"thumbnailUrl":"https:\/\/escolaraiz.pt\/pt\/wp-content\/uploads\/2023\/07\/346482291_3400820740247030_6570293237112874448_n.jpg","articleSection":["Noticias"],"inLanguage":"pt-PT"},{"@type":"WebPage","@id":"https:\/\/escolaraiz.pt\/pt\/noticias\/visita-quinta-pedagogica-dos-olivais\/","url":"https:\/\/escolaraiz.pt\/pt\/noticias\/visita-quinta-pedagogica-dos-olivais\/","name":"VISITA QUINTA PEDAG\u00d3GICA DOS OLIVAIS - Raiz","isPartOf":{"@id":"https:\/\/escolaraiz.pt\/pt\/#website"},"primaryImageOfPage":{"@id":"https:\/\/escolaraiz.pt\/pt\/noticias\/visita-quinta-pedagogica-dos-olivais\/#primaryimage"},"image":{"@id":"https:\/\/escolaraiz.pt\/pt\/noticias\/visita-quinta-pedagogica-dos-olivais\/#primaryimage"},"thumbnailUrl":"https:\/\/escolaraiz.pt\/pt\/wp-content\/uploads\/2023\/07\/346482291_3400820740247030_6570293237112874448_n.jpg","datePublished":"2023-06-16T20:43:58+00:00","dateModified":"2023-07-07T20:53:58+00:00","author":{"@id":"https:\/\/escolaraiz.pt\/pt\/#\/schema\/person\/b730db7f2876087a398bcca824252c02"},"breadcrumb":{"@id":"https:\/\/escolaraiz.pt\/pt\/noticias\/visita-quinta-pedagogica-dos-olivais\/#breadcrumb"},"inLanguage":"pt-PT","potentialAction":[{"@type":"ReadAction","target":["https:\/\/escolaraiz.pt\/pt\/noticias\/visita-quinta-pedagogica-dos-olivais\/"]}]},{"@type":"ImageObject","inLanguage":"pt-PT","@id":"https:\/\/escolaraiz.pt\/pt\/noticias\/visita-quinta-pedagogica-dos-olivais\/#primaryimage","url":"https:\/\/escolaraiz.pt\/pt\/wp-content\/uploads\/2023\/07\/346482291_3400820740247030_6570293237112874448_n.jpg","contentUrl":"https:\/\/escolaraiz.pt\/pt\/wp-content\/uploads\/2023\/07\/346482291_3400820740247030_6570293237112874448_n.jpg","width":1536,"height":1920},{"@type":"BreadcrumbList","@id":"https:\/\/escolaraiz.pt\/pt\/noticias\/visita-quinta-pedagogica-dos-olivais\/#breadcrumb","itemListElement":[{"@type":"ListItem","position":1,"name":"In\u00edcio","item":"https:\/\/escolaraiz.pt\/pt\/"},{"@type":"ListItem","position":2,"name":"VISITA QUINTA PEDAG\u00d3GICA DOS OLIVAIS"}]},{"@type":"WebSite","@id":"https:\/\/escolaraiz.pt\/pt\/#website","url":"https:\/\/escolaraiz.pt\/pt\/","name":"Raiz","description":"Active Learning School","potentialAction":[{"@type":"SearchAction","target":{"@type":"EntryPoint","urlTemplate":"https:\/\/escolaraiz.pt\/pt\/?s={search_term_string}"},"query-input":{"@type":"PropertyValueSpecification","valueRequired":true,"valueName":"search_term_string"}}],"inLanguage":"pt-PT"},{"@type":"Person","@id":"https:\/\/escolaraiz.pt\/pt\/#\/schema\/person\/b730db7f2876087a398bcca824252c02","name":"admin"}]}},"_links":{"self":[{"href":"https:\/\/escolaraiz.pt\/pt\/wp-json\/wp\/v2\/posts\/30603","targetHints":{"allow":["GET"]}}],"collection":[{"href":"https:\/\/escolaraiz.pt\/pt\/wp-json\/wp\/v2\/posts"}],"about":[{"href":"https:\/\/escolaraiz.pt\/pt\/wp-json\/wp\/v2\/types\/post"}],"author":[{"embeddable":true,"href":"https:\/\/escolaraiz.pt\/pt\/wp-json\/wp\/v2\/users\/1"}],"replies":[{"embeddable":true,"href":"https:\/\/escolaraiz.pt\/pt\/wp-json\/wp\/v2\/comments?post=30603"}],"version-history":[{"count":1,"href":"https:\/\/escolaraiz.pt\/pt\/wp-json\/wp\/v2\/posts\/30603\/revisions"}],"predecessor-version":[{"id":30615,"href":"https:\/\/escolaraiz.pt\/pt\/wp-json\/wp\/v2\/posts\/30603\/revisions\/30615"}],"wp:featuredmedia":[{"embeddable":true,"href":"https:\/\/escolaraiz.pt\/pt\/wp-json\/wp\/v2\/media\/30604"}],"wp:attachment":[{"href":"https:\/\/escolaraiz.pt\/pt\/wp-json\/wp\/v2\/media?parent=30603"}],"wp:term":[{"taxonomy":"category","embeddable":true,"href":"https:\/\/escolaraiz.pt\/pt\/wp-json\/wp\/v2\/categories?post=30603"},{"taxonomy":"post_tag","embeddable":true,"href":"https:\/\/escolaraiz.pt\/pt\/wp-json\/wp\/v2\/tags?post=30603"}],"curies":[{"name":"wp","href":"https:\/\/api.w.org\/{rel}","templated":true}]}}