{"id":30551,"date":"2023-03-10T19:08:58","date_gmt":"2023-03-10T19:08:58","guid":{"rendered":"https:\/\/escolaraiz.pt\/pt\/?p=30551"},"modified":"2023-04-12T18:50:26","modified_gmt":"2023-04-12T18:50:26","slug":"sala-nespereira-na-fabrica-farinhas-paulino-horta","status":"publish","type":"post","link":"https:\/\/escolaraiz.pt\/pt\/noticias\/sala-nespereira-na-fabrica-farinhas-paulino-horta\/","title":{"rendered":"SALA NESPEREIRA NA F\u00c1BRICA FARINHAS PAULINO HORTA"},"content":{"rendered":"\n<p>A sala Nespereira visitou a f\u00e1brica de Farinhas Paulino Horta. <img loading=\"lazy\" decoding=\"async\" height=\"16\" width=\"16\" alt=\"?\" src=\"https:\/\/static.xx.fbcdn.net\/images\/emoji.php\/v9\/t6e\/1.5\/16\/1f49b.png\"><\/p>\n\n\n\n<p>Inici\u00e1mos a nossa visita pelo moinho, onde descobrimos algumas curiosidades sobre esse local e as ferramentas que eram utilizadas na moagem dos cereais.<\/p>\n\n\n\n<p>Tamb\u00e9m fic\u00e1mos a conhecer os cereais mais comuns utilizados para fazer farinha (trigo, centeio, milho).<\/p>\n\n\n\n<p>Depois fomos visitar a f\u00e1brica e ver o processo de produ\u00e7\u00e3o, desde a moagem dos cereais ao ensacamento da farinha.<\/p>\n\n\n\n<figure class=\"wp-block-gallery has-nested-images columns-default is-cropped wp-block-gallery-1 is-layout-flex wp-block-gallery-is-layout-flex\">\n<figure class=\"wp-block-image size-large\"><a href=\"https:\/\/escolaraiz.pt\/pt\/wp-content\/uploads\/2023\/02\/WhatsApp-Image-2023-02-16-at-15.19.28-1.jpeg\"><img loading=\"lazy\" decoding=\"async\" width=\"768\" height=\"1024\" data-id=\"30553\" src=\"https:\/\/escolaraiz.pt\/pt\/wp-content\/uploads\/2023\/02\/WhatsApp-Image-2023-02-16-at-15.19.28-1-768x1024.jpeg\" alt=\"\" class=\"wp-image-30553\" srcset=\"https:\/\/escolaraiz.pt\/pt\/wp-content\/uploads\/2023\/02\/WhatsApp-Image-2023-02-16-at-15.19.28-1-768x1024.jpeg 768w, https:\/\/escolaraiz.pt\/pt\/wp-content\/uploads\/2023\/02\/WhatsApp-Image-2023-02-16-at-15.19.28-1-225x300.jpeg 225w, https:\/\/escolaraiz.pt\/pt\/wp-content\/uploads\/2023\/02\/WhatsApp-Image-2023-02-16-at-15.19.28-1-1152x1536.jpeg 1152w, https:\/\/escolaraiz.pt\/pt\/wp-content\/uploads\/2023\/02\/WhatsApp-Image-2023-02-16-at-15.19.28-1-500x667.jpeg 500w, https:\/\/escolaraiz.pt\/pt\/wp-content\/uploads\/2023\/02\/WhatsApp-Image-2023-02-16-at-15.19.28-1-600x800.jpeg 600w, https:\/\/escolaraiz.pt\/pt\/wp-content\/uploads\/2023\/02\/WhatsApp-Image-2023-02-16-at-15.19.28-1.jpeg 1500w\" sizes=\"auto, (max-width: 768px) 100vw, 768px\" \/><\/a><\/figure>\n\n\n\n<figure class=\"wp-block-image size-large\"><a href=\"https:\/\/escolaraiz.pt\/pt\/wp-content\/uploads\/2023\/02\/WhatsApp-Image-2023-02-16-at-15.19.28.jpeg\"><img loading=\"lazy\" decoding=\"async\" width=\"768\" height=\"1024\" data-id=\"30554\" src=\"https:\/\/escolaraiz.pt\/pt\/wp-content\/uploads\/2023\/02\/WhatsApp-Image-2023-02-16-at-15.19.28-768x1024.jpeg\" alt=\"\" class=\"wp-image-30554\" srcset=\"https:\/\/escolaraiz.pt\/pt\/wp-content\/uploads\/2023\/02\/WhatsApp-Image-2023-02-16-at-15.19.28-768x1024.jpeg 768w, https:\/\/escolaraiz.pt\/pt\/wp-content\/uploads\/2023\/02\/WhatsApp-Image-2023-02-16-at-15.19.28-225x300.jpeg 225w, https:\/\/escolaraiz.pt\/pt\/wp-content\/uploads\/2023\/02\/WhatsApp-Image-2023-02-16-at-15.19.28-1152x1536.jpeg 1152w, https:\/\/escolaraiz.pt\/pt\/wp-content\/uploads\/2023\/02\/WhatsApp-Image-2023-02-16-at-15.19.28-500x667.jpeg 500w, https:\/\/escolaraiz.pt\/pt\/wp-content\/uploads\/2023\/02\/WhatsApp-Image-2023-02-16-at-15.19.28-600x800.jpeg 600w, https:\/\/escolaraiz.pt\/pt\/wp-content\/uploads\/2023\/02\/WhatsApp-Image-2023-02-16-at-15.19.28.jpeg 1500w\" sizes=\"auto, (max-width: 768px) 100vw, 768px\" \/><\/a><\/figure>\n\n\n\n<figure class=\"wp-block-image size-large\"><a href=\"https:\/\/escolaraiz.pt\/pt\/wp-content\/uploads\/2023\/02\/WhatsApp-Image-2023-02-16-at-15.19.29-1.jpeg\"><img loading=\"lazy\" decoding=\"async\" width=\"768\" height=\"1024\" data-id=\"30552\" src=\"https:\/\/escolaraiz.pt\/pt\/wp-content\/uploads\/2023\/02\/WhatsApp-Image-2023-02-16-at-15.19.29-1-768x1024.jpeg\" alt=\"\" class=\"wp-image-30552\" srcset=\"https:\/\/escolaraiz.pt\/pt\/wp-content\/uploads\/2023\/02\/WhatsApp-Image-2023-02-16-at-15.19.29-1-768x1024.jpeg 768w, https:\/\/escolaraiz.pt\/pt\/wp-content\/uploads\/2023\/02\/WhatsApp-Image-2023-02-16-at-15.19.29-1-225x300.jpeg 225w, https:\/\/escolaraiz.pt\/pt\/wp-content\/uploads\/2023\/02\/WhatsApp-Image-2023-02-16-at-15.19.29-1-1152x1536.jpeg 1152w, https:\/\/escolaraiz.pt\/pt\/wp-content\/uploads\/2023\/02\/WhatsApp-Image-2023-02-16-at-15.19.29-1-500x667.jpeg 500w, https:\/\/escolaraiz.pt\/pt\/wp-content\/uploads\/2023\/02\/WhatsApp-Image-2023-02-16-at-15.19.29-1-600x800.jpeg 600w, https:\/\/escolaraiz.pt\/pt\/wp-content\/uploads\/2023\/02\/WhatsApp-Image-2023-02-16-at-15.19.29-1.jpeg 1500w\" sizes=\"auto, (max-width: 768px) 100vw, 768px\" \/><\/a><\/figure>\n\n\n\n<figure class=\"wp-block-image size-large\"><a href=\"https:\/\/escolaraiz.pt\/pt\/wp-content\/uploads\/2023\/02\/WhatsApp-Image-2023-02-16-at-15.19.29.jpeg\"><img loading=\"lazy\" decoding=\"async\" width=\"768\" height=\"1024\" data-id=\"30555\" src=\"https:\/\/escolaraiz.pt\/pt\/wp-content\/uploads\/2023\/02\/WhatsApp-Image-2023-02-16-at-15.19.29-768x1024.jpeg\" alt=\"\" class=\"wp-image-30555\" srcset=\"https:\/\/escolaraiz.pt\/pt\/wp-content\/uploads\/2023\/02\/WhatsApp-Image-2023-02-16-at-15.19.29-768x1024.jpeg 768w, https:\/\/escolaraiz.pt\/pt\/wp-content\/uploads\/2023\/02\/WhatsApp-Image-2023-02-16-at-15.19.29-225x300.jpeg 225w, https:\/\/escolaraiz.pt\/pt\/wp-content\/uploads\/2023\/02\/WhatsApp-Image-2023-02-16-at-15.19.29-1152x1536.jpeg 1152w, https:\/\/escolaraiz.pt\/pt\/wp-content\/uploads\/2023\/02\/WhatsApp-Image-2023-02-16-at-15.19.29-500x667.jpeg 500w, https:\/\/escolaraiz.pt\/pt\/wp-content\/uploads\/2023\/02\/WhatsApp-Image-2023-02-16-at-15.19.29-600x800.jpeg 600w, https:\/\/escolaraiz.pt\/pt\/wp-content\/uploads\/2023\/02\/WhatsApp-Image-2023-02-16-at-15.19.29.jpeg 1500w\" sizes=\"auto, (max-width: 768px) 100vw, 768px\" \/><\/a><\/figure>\n<\/figure>\n","protected":false},"excerpt":{"rendered":"<p>SALA NESPEREIRA F\u00c1BRICA FARINHAS PAULINO HORTA<\/p>\n","protected":false},"author":1,"featured_media":30553,"comment_status":"closed","ping_status":"open","sticky":false,"template":"","format":"standard","meta":{"footnotes":""},"categories":[5],"tags":[],"class_list":["post-30551","post","type-post","status-publish","format-standard","has-post-thumbnail","hentry","category-noticias"],"yoast_head":"<!-- This site is optimized with the Yoast SEO plugin v27.5 - https:\/\/yoast.com\/product\/yoast-seo-wordpress\/ -->\n<title>SALA NESPEREIRA NA F\u00c1BRICA FARINHAS PAULINO HORTA - Raiz<\/title>\n<meta name=\"robots\" content=\"index, follow, max-snippet:-1, max-image-preview:large, max-video-preview:-1\" \/>\n<link rel=\"canonical\" href=\"https:\/\/escolaraiz.pt\/pt\/noticias\/sala-nespereira-na-fabrica-farinhas-paulino-horta\/\" \/>\n<meta name=\"twitter:card\" content=\"summary_large_image\" \/>\n<meta name=\"twitter:title\" content=\"SALA NESPEREIRA NA F\u00c1BRICA FARINHAS PAULINO HORTA - Raiz\" \/>\n<meta name=\"twitter:description\" content=\"SALA NESPEREIRA F\u00c1BRICA FARINHAS PAULINO HORTA\" \/>\n<meta name=\"twitter:image\" content=\"https:\/\/escolaraiz.pt\/pt\/wp-content\/uploads\/2023\/02\/WhatsApp-Image-2023-02-16-at-15.19.28-1.jpeg\" \/>\n<meta name=\"twitter:label1\" content=\"Escrito por\" \/>\n\t<meta name=\"twitter:data1\" content=\"admin\" \/>\n<script type=\"application\/ld+json\" class=\"yoast-schema-graph\">{\"@context\":\"https:\\\/\\\/schema.org\",\"@graph\":[{\"@type\":\"Article\",\"@id\":\"https:\\\/\\\/escolaraiz.pt\\\/pt\\\/noticias\\\/sala-nespereira-na-fabrica-farinhas-paulino-horta\\\/#article\",\"isPartOf\":{\"@id\":\"https:\\\/\\\/escolaraiz.pt\\\/pt\\\/noticias\\\/sala-nespereira-na-fabrica-farinhas-paulino-horta\\\/\"},\"author\":{\"name\":\"admin\",\"@id\":\"https:\\\/\\\/escolaraiz.pt\\\/pt\\\/#\\\/schema\\\/person\\\/b730db7f2876087a398bcca824252c02\"},\"headline\":\"SALA NESPEREIRA NA F\u00c1BRICA FARINHAS PAULINO HORTA\",\"datePublished\":\"2023-03-10T19:08:58+00:00\",\"dateModified\":\"2023-04-12T18:50:26+00:00\",\"mainEntityOfPage\":{\"@id\":\"https:\\\/\\\/escolaraiz.pt\\\/pt\\\/noticias\\\/sala-nespereira-na-fabrica-farinhas-paulino-horta\\\/\"},\"wordCount\":82,\"image\":{\"@id\":\"https:\\\/\\\/escolaraiz.pt\\\/pt\\\/noticias\\\/sala-nespereira-na-fabrica-farinhas-paulino-horta\\\/#primaryimage\"},\"thumbnailUrl\":\"https:\\\/\\\/escolaraiz.pt\\\/pt\\\/wp-content\\\/uploads\\\/2023\\\/02\\\/WhatsApp-Image-2023-02-16-at-15.19.28-1.jpeg\",\"articleSection\":[\"Noticias\"],\"inLanguage\":\"pt-PT\"},{\"@type\":\"WebPage\",\"@id\":\"https:\\\/\\\/escolaraiz.pt\\\/pt\\\/noticias\\\/sala-nespereira-na-fabrica-farinhas-paulino-horta\\\/\",\"url\":\"https:\\\/\\\/escolaraiz.pt\\\/pt\\\/noticias\\\/sala-nespereira-na-fabrica-farinhas-paulino-horta\\\/\",\"name\":\"SALA NESPEREIRA NA F\u00c1BRICA FARINHAS PAULINO HORTA - Raiz\",\"isPartOf\":{\"@id\":\"https:\\\/\\\/escolaraiz.pt\\\/pt\\\/#website\"},\"primaryImageOfPage\":{\"@id\":\"https:\\\/\\\/escolaraiz.pt\\\/pt\\\/noticias\\\/sala-nespereira-na-fabrica-farinhas-paulino-horta\\\/#primaryimage\"},\"image\":{\"@id\":\"https:\\\/\\\/escolaraiz.pt\\\/pt\\\/noticias\\\/sala-nespereira-na-fabrica-farinhas-paulino-horta\\\/#primaryimage\"},\"thumbnailUrl\":\"https:\\\/\\\/escolaraiz.pt\\\/pt\\\/wp-content\\\/uploads\\\/2023\\\/02\\\/WhatsApp-Image-2023-02-16-at-15.19.28-1.jpeg\",\"datePublished\":\"2023-03-10T19:08:58+00:00\",\"dateModified\":\"2023-04-12T18:50:26+00:00\",\"author\":{\"@id\":\"https:\\\/\\\/escolaraiz.pt\\\/pt\\\/#\\\/schema\\\/person\\\/b730db7f2876087a398bcca824252c02\"},\"breadcrumb\":{\"@id\":\"https:\\\/\\\/escolaraiz.pt\\\/pt\\\/noticias\\\/sala-nespereira-na-fabrica-farinhas-paulino-horta\\\/#breadcrumb\"},\"inLanguage\":\"pt-PT\",\"potentialAction\":[{\"@type\":\"ReadAction\",\"target\":[\"https:\\\/\\\/escolaraiz.pt\\\/pt\\\/noticias\\\/sala-nespereira-na-fabrica-farinhas-paulino-horta\\\/\"]}]},{\"@type\":\"ImageObject\",\"inLanguage\":\"pt-PT\",\"@id\":\"https:\\\/\\\/escolaraiz.pt\\\/pt\\\/noticias\\\/sala-nespereira-na-fabrica-farinhas-paulino-horta\\\/#primaryimage\",\"url\":\"https:\\\/\\\/escolaraiz.pt\\\/pt\\\/wp-content\\\/uploads\\\/2023\\\/02\\\/WhatsApp-Image-2023-02-16-at-15.19.28-1.jpeg\",\"contentUrl\":\"https:\\\/\\\/escolaraiz.pt\\\/pt\\\/wp-content\\\/uploads\\\/2023\\\/02\\\/WhatsApp-Image-2023-02-16-at-15.19.28-1.jpeg\",\"width\":1500,\"height\":2000},{\"@type\":\"BreadcrumbList\",\"@id\":\"https:\\\/\\\/escolaraiz.pt\\\/pt\\\/noticias\\\/sala-nespereira-na-fabrica-farinhas-paulino-horta\\\/#breadcrumb\",\"itemListElement\":[{\"@type\":\"ListItem\",\"position\":1,\"name\":\"In\u00edcio\",\"item\":\"https:\\\/\\\/escolaraiz.pt\\\/pt\\\/\"},{\"@type\":\"ListItem\",\"position\":2,\"name\":\"SALA NESPEREIRA NA F\u00c1BRICA FARINHAS PAULINO HORTA\"}]},{\"@type\":\"WebSite\",\"@id\":\"https:\\\/\\\/escolaraiz.pt\\\/pt\\\/#website\",\"url\":\"https:\\\/\\\/escolaraiz.pt\\\/pt\\\/\",\"name\":\"Raiz\",\"description\":\"Active Learning School\",\"potentialAction\":[{\"@type\":\"SearchAction\",\"target\":{\"@type\":\"EntryPoint\",\"urlTemplate\":\"https:\\\/\\\/escolaraiz.pt\\\/pt\\\/?s={search_term_string}\"},\"query-input\":{\"@type\":\"PropertyValueSpecification\",\"valueRequired\":true,\"valueName\":\"search_term_string\"}}],\"inLanguage\":\"pt-PT\"},{\"@type\":\"Person\",\"@id\":\"https:\\\/\\\/escolaraiz.pt\\\/pt\\\/#\\\/schema\\\/person\\\/b730db7f2876087a398bcca824252c02\",\"name\":\"admin\"}]}<\/script>\n<!-- \/ Yoast SEO plugin. -->","yoast_head_json":{"title":"SALA NESPEREIRA NA F\u00c1BRICA FARINHAS PAULINO HORTA - Raiz","robots":{"index":"index","follow":"follow","max-snippet":"max-snippet:-1","max-image-preview":"max-image-preview:large","max-video-preview":"max-video-preview:-1"},"canonical":"https:\/\/escolaraiz.pt\/pt\/noticias\/sala-nespereira-na-fabrica-farinhas-paulino-horta\/","twitter_card":"summary_large_image","twitter_title":"SALA NESPEREIRA NA F\u00c1BRICA FARINHAS PAULINO HORTA - Raiz","twitter_description":"SALA NESPEREIRA F\u00c1BRICA FARINHAS PAULINO HORTA","twitter_image":"https:\/\/escolaraiz.pt\/pt\/wp-content\/uploads\/2023\/02\/WhatsApp-Image-2023-02-16-at-15.19.28-1.jpeg","twitter_misc":{"Escrito por":"admin"},"schema":{"@context":"https:\/\/schema.org","@graph":[{"@type":"Article","@id":"https:\/\/escolaraiz.pt\/pt\/noticias\/sala-nespereira-na-fabrica-farinhas-paulino-horta\/#article","isPartOf":{"@id":"https:\/\/escolaraiz.pt\/pt\/noticias\/sala-nespereira-na-fabrica-farinhas-paulino-horta\/"},"author":{"name":"admin","@id":"https:\/\/escolaraiz.pt\/pt\/#\/schema\/person\/b730db7f2876087a398bcca824252c02"},"headline":"SALA NESPEREIRA NA F\u00c1BRICA FARINHAS PAULINO HORTA","datePublished":"2023-03-10T19:08:58+00:00","dateModified":"2023-04-12T18:50:26+00:00","mainEntityOfPage":{"@id":"https:\/\/escolaraiz.pt\/pt\/noticias\/sala-nespereira-na-fabrica-farinhas-paulino-horta\/"},"wordCount":82,"image":{"@id":"https:\/\/escolaraiz.pt\/pt\/noticias\/sala-nespereira-na-fabrica-farinhas-paulino-horta\/#primaryimage"},"thumbnailUrl":"https:\/\/escolaraiz.pt\/pt\/wp-content\/uploads\/2023\/02\/WhatsApp-Image-2023-02-16-at-15.19.28-1.jpeg","articleSection":["Noticias"],"inLanguage":"pt-PT"},{"@type":"WebPage","@id":"https:\/\/escolaraiz.pt\/pt\/noticias\/sala-nespereira-na-fabrica-farinhas-paulino-horta\/","url":"https:\/\/escolaraiz.pt\/pt\/noticias\/sala-nespereira-na-fabrica-farinhas-paulino-horta\/","name":"SALA NESPEREIRA NA F\u00c1BRICA FARINHAS PAULINO HORTA - Raiz","isPartOf":{"@id":"https:\/\/escolaraiz.pt\/pt\/#website"},"primaryImageOfPage":{"@id":"https:\/\/escolaraiz.pt\/pt\/noticias\/sala-nespereira-na-fabrica-farinhas-paulino-horta\/#primaryimage"},"image":{"@id":"https:\/\/escolaraiz.pt\/pt\/noticias\/sala-nespereira-na-fabrica-farinhas-paulino-horta\/#primaryimage"},"thumbnailUrl":"https:\/\/escolaraiz.pt\/pt\/wp-content\/uploads\/2023\/02\/WhatsApp-Image-2023-02-16-at-15.19.28-1.jpeg","datePublished":"2023-03-10T19:08:58+00:00","dateModified":"2023-04-12T18:50:26+00:00","author":{"@id":"https:\/\/escolaraiz.pt\/pt\/#\/schema\/person\/b730db7f2876087a398bcca824252c02"},"breadcrumb":{"@id":"https:\/\/escolaraiz.pt\/pt\/noticias\/sala-nespereira-na-fabrica-farinhas-paulino-horta\/#breadcrumb"},"inLanguage":"pt-PT","potentialAction":[{"@type":"ReadAction","target":["https:\/\/escolaraiz.pt\/pt\/noticias\/sala-nespereira-na-fabrica-farinhas-paulino-horta\/"]}]},{"@type":"ImageObject","inLanguage":"pt-PT","@id":"https:\/\/escolaraiz.pt\/pt\/noticias\/sala-nespereira-na-fabrica-farinhas-paulino-horta\/#primaryimage","url":"https:\/\/escolaraiz.pt\/pt\/wp-content\/uploads\/2023\/02\/WhatsApp-Image-2023-02-16-at-15.19.28-1.jpeg","contentUrl":"https:\/\/escolaraiz.pt\/pt\/wp-content\/uploads\/2023\/02\/WhatsApp-Image-2023-02-16-at-15.19.28-1.jpeg","width":1500,"height":2000},{"@type":"BreadcrumbList","@id":"https:\/\/escolaraiz.pt\/pt\/noticias\/sala-nespereira-na-fabrica-farinhas-paulino-horta\/#breadcrumb","itemListElement":[{"@type":"ListItem","position":1,"name":"In\u00edcio","item":"https:\/\/escolaraiz.pt\/pt\/"},{"@type":"ListItem","position":2,"name":"SALA NESPEREIRA NA F\u00c1BRICA FARINHAS PAULINO HORTA"}]},{"@type":"WebSite","@id":"https:\/\/escolaraiz.pt\/pt\/#website","url":"https:\/\/escolaraiz.pt\/pt\/","name":"Raiz","description":"Active Learning School","potentialAction":[{"@type":"SearchAction","target":{"@type":"EntryPoint","urlTemplate":"https:\/\/escolaraiz.pt\/pt\/?s={search_term_string}"},"query-input":{"@type":"PropertyValueSpecification","valueRequired":true,"valueName":"search_term_string"}}],"inLanguage":"pt-PT"},{"@type":"Person","@id":"https:\/\/escolaraiz.pt\/pt\/#\/schema\/person\/b730db7f2876087a398bcca824252c02","name":"admin"}]}},"_links":{"self":[{"href":"https:\/\/escolaraiz.pt\/pt\/wp-json\/wp\/v2\/posts\/30551","targetHints":{"allow":["GET"]}}],"collection":[{"href":"https:\/\/escolaraiz.pt\/pt\/wp-json\/wp\/v2\/posts"}],"about":[{"href":"https:\/\/escolaraiz.pt\/pt\/wp-json\/wp\/v2\/types\/post"}],"author":[{"embeddable":true,"href":"https:\/\/escolaraiz.pt\/pt\/wp-json\/wp\/v2\/users\/1"}],"replies":[{"embeddable":true,"href":"https:\/\/escolaraiz.pt\/pt\/wp-json\/wp\/v2\/comments?post=30551"}],"version-history":[{"count":1,"href":"https:\/\/escolaraiz.pt\/pt\/wp-json\/wp\/v2\/posts\/30551\/revisions"}],"predecessor-version":[{"id":30556,"href":"https:\/\/escolaraiz.pt\/pt\/wp-json\/wp\/v2\/posts\/30551\/revisions\/30556"}],"wp:featuredmedia":[{"embeddable":true,"href":"https:\/\/escolaraiz.pt\/pt\/wp-json\/wp\/v2\/media\/30553"}],"wp:attachment":[{"href":"https:\/\/escolaraiz.pt\/pt\/wp-json\/wp\/v2\/media?parent=30551"}],"wp:term":[{"taxonomy":"category","embeddable":true,"href":"https:\/\/escolaraiz.pt\/pt\/wp-json\/wp\/v2\/categories?post=30551"},{"taxonomy":"post_tag","embeddable":true,"href":"https:\/\/escolaraiz.pt\/pt\/wp-json\/wp\/v2\/tags?post=30551"}],"curies":[{"name":"wp","href":"https:\/\/api.w.org\/{rel}","templated":true}]}}