{"id":30500,"date":"2022-12-22T07:00:00","date_gmt":"2022-12-22T07:00:00","guid":{"rendered":"https:\/\/escolaraiz.pt\/pt\/?p=30500"},"modified":"2023-01-17T20:16:41","modified_gmt":"2023-01-17T20:16:41","slug":"festa-de-natal-com-banda-cottas-club-jazz","status":"publish","type":"post","link":"https:\/\/escolaraiz.pt\/pt\/noticias\/festa-de-natal-com-banda-cottas-club-jazz\/","title":{"rendered":"FESTA DE NATAL 2023 COM BANDA Cottas Club Jazz"},"content":{"rendered":"\n<p><\/p>\n\n\n\n<p>Foi assim a nossa festa &#8220;Aladino pelo Mundo&#8221; e foi incr\u00edvel. <img loading=\"lazy\" decoding=\"async\" height=\"16\" width=\"16\" src=\"https:\/\/static.xx.fbcdn.net\/images\/emoji.php\/v9\/ted\/1.5\/16\/1f49a.png\" alt=\"?\"><\/p>\n\n\n\n<p>Concerto dos nossos alunos acompanhados pelos Cottas Club Jazz Band, salas tem\u00e1ticas de pa\u00edses por toda a F\u00e1brica de Bra\u00e7o de Prata, a proje\u00e7\u00e3o de um filme protagonizado pelos nossos alunos e tudo envolto num ambiente de enorme partilha e anima\u00e7\u00e3o.<\/p>\n\n\n\n<figure class=\"wp-block-gallery has-nested-images columns-default is-cropped wp-block-gallery-1 is-layout-flex wp-block-gallery-is-layout-flex\">\n<figure class=\"wp-block-image size-large\"><a href=\"https:\/\/escolaraiz.pt\/pt\/wp-content\/uploads\/2023\/01\/322381564_709862240766881_3076677239377931210_n.jpg\"><img loading=\"lazy\" decoding=\"async\" width=\"768\" height=\"1024\" data-id=\"30501\" src=\"https:\/\/escolaraiz.pt\/pt\/wp-content\/uploads\/2023\/01\/322381564_709862240766881_3076677239377931210_n.jpg\" alt=\"\" class=\"wp-image-30501\" srcset=\"https:\/\/escolaraiz.pt\/pt\/wp-content\/uploads\/2023\/01\/322381564_709862240766881_3076677239377931210_n.jpg 768w, https:\/\/escolaraiz.pt\/pt\/wp-content\/uploads\/2023\/01\/322381564_709862240766881_3076677239377931210_n-225x300.jpg 225w, https:\/\/escolaraiz.pt\/pt\/wp-content\/uploads\/2023\/01\/322381564_709862240766881_3076677239377931210_n-500x667.jpg 500w, https:\/\/escolaraiz.pt\/pt\/wp-content\/uploads\/2023\/01\/322381564_709862240766881_3076677239377931210_n-600x800.jpg 600w\" sizes=\"auto, (max-width: 768px) 100vw, 768px\" \/><\/a><\/figure>\n\n\n\n<figure class=\"wp-block-image size-large\"><a href=\"https:\/\/escolaraiz.pt\/pt\/wp-content\/uploads\/2023\/01\/322392180_1314263115815755_7911929264858748444_n.jpg\"><img loading=\"lazy\" decoding=\"async\" width=\"819\" height=\"1024\" data-id=\"30504\" src=\"https:\/\/escolaraiz.pt\/pt\/wp-content\/uploads\/2023\/01\/322392180_1314263115815755_7911929264858748444_n-819x1024.jpg\" alt=\"\" class=\"wp-image-30504\" srcset=\"https:\/\/escolaraiz.pt\/pt\/wp-content\/uploads\/2023\/01\/322392180_1314263115815755_7911929264858748444_n-819x1024.jpg 819w, https:\/\/escolaraiz.pt\/pt\/wp-content\/uploads\/2023\/01\/322392180_1314263115815755_7911929264858748444_n-240x300.jpg 240w, https:\/\/escolaraiz.pt\/pt\/wp-content\/uploads\/2023\/01\/322392180_1314263115815755_7911929264858748444_n-768x960.jpg 768w, https:\/\/escolaraiz.pt\/pt\/wp-content\/uploads\/2023\/01\/322392180_1314263115815755_7911929264858748444_n-1229x1536.jpg 1229w, https:\/\/escolaraiz.pt\/pt\/wp-content\/uploads\/2023\/01\/322392180_1314263115815755_7911929264858748444_n-500x625.jpg 500w, https:\/\/escolaraiz.pt\/pt\/wp-content\/uploads\/2023\/01\/322392180_1314263115815755_7911929264858748444_n-600x750.jpg 600w, https:\/\/escolaraiz.pt\/pt\/wp-content\/uploads\/2023\/01\/322392180_1314263115815755_7911929264858748444_n.jpg 1280w\" sizes=\"auto, (max-width: 819px) 100vw, 819px\" \/><\/a><\/figure>\n\n\n\n<figure class=\"wp-block-image size-large\"><a href=\"https:\/\/escolaraiz.pt\/pt\/wp-content\/uploads\/2023\/01\/323441048_691868145807643_6699501014006919092_n.jpg\"><img loading=\"lazy\" decoding=\"async\" width=\"819\" height=\"1024\" data-id=\"30507\" src=\"https:\/\/escolaraiz.pt\/pt\/wp-content\/uploads\/2023\/01\/323441048_691868145807643_6699501014006919092_n-819x1024.jpg\" alt=\"\" class=\"wp-image-30507\" srcset=\"https:\/\/escolaraiz.pt\/pt\/wp-content\/uploads\/2023\/01\/323441048_691868145807643_6699501014006919092_n-819x1024.jpg 819w, https:\/\/escolaraiz.pt\/pt\/wp-content\/uploads\/2023\/01\/323441048_691868145807643_6699501014006919092_n-240x300.jpg 240w, https:\/\/escolaraiz.pt\/pt\/wp-content\/uploads\/2023\/01\/323441048_691868145807643_6699501014006919092_n-768x960.jpg 768w, https:\/\/escolaraiz.pt\/pt\/wp-content\/uploads\/2023\/01\/323441048_691868145807643_6699501014006919092_n-1229x1536.jpg 1229w, https:\/\/escolaraiz.pt\/pt\/wp-content\/uploads\/2023\/01\/323441048_691868145807643_6699501014006919092_n-500x625.jpg 500w, https:\/\/escolaraiz.pt\/pt\/wp-content\/uploads\/2023\/01\/323441048_691868145807643_6699501014006919092_n-600x750.jpg 600w, https:\/\/escolaraiz.pt\/pt\/wp-content\/uploads\/2023\/01\/323441048_691868145807643_6699501014006919092_n.jpg 1280w\" sizes=\"auto, (max-width: 819px) 100vw, 819px\" \/><\/a><\/figure>\n\n\n\n<figure class=\"wp-block-image size-large\"><a href=\"https:\/\/escolaraiz.pt\/pt\/wp-content\/uploads\/2023\/01\/322242740_4094247684133776_9082085363802871208_n.jpg\"><img loading=\"lazy\" decoding=\"async\" width=\"819\" height=\"1024\" data-id=\"30506\" src=\"https:\/\/escolaraiz.pt\/pt\/wp-content\/uploads\/2023\/01\/322242740_4094247684133776_9082085363802871208_n-819x1024.jpg\" alt=\"\" class=\"wp-image-30506\" srcset=\"https:\/\/escolaraiz.pt\/pt\/wp-content\/uploads\/2023\/01\/322242740_4094247684133776_9082085363802871208_n-819x1024.jpg 819w, https:\/\/escolaraiz.pt\/pt\/wp-content\/uploads\/2023\/01\/322242740_4094247684133776_9082085363802871208_n-240x300.jpg 240w, https:\/\/escolaraiz.pt\/pt\/wp-content\/uploads\/2023\/01\/322242740_4094247684133776_9082085363802871208_n-768x960.jpg 768w, https:\/\/escolaraiz.pt\/pt\/wp-content\/uploads\/2023\/01\/322242740_4094247684133776_9082085363802871208_n-1229x1536.jpg 1229w, https:\/\/escolaraiz.pt\/pt\/wp-content\/uploads\/2023\/01\/322242740_4094247684133776_9082085363802871208_n-500x625.jpg 500w, https:\/\/escolaraiz.pt\/pt\/wp-content\/uploads\/2023\/01\/322242740_4094247684133776_9082085363802871208_n-600x750.jpg 600w, https:\/\/escolaraiz.pt\/pt\/wp-content\/uploads\/2023\/01\/322242740_4094247684133776_9082085363802871208_n.jpg 1280w\" sizes=\"auto, (max-width: 819px) 100vw, 819px\" \/><\/a><\/figure>\n\n\n\n<figure class=\"wp-block-image size-large\"><a href=\"https:\/\/escolaraiz.pt\/pt\/wp-content\/uploads\/2023\/01\/322483037_1597747203981581_9035666751195009194_n.jpg\"><img loading=\"lazy\" decoding=\"async\" width=\"819\" height=\"1024\" data-id=\"30505\" src=\"https:\/\/escolaraiz.pt\/pt\/wp-content\/uploads\/2023\/01\/322483037_1597747203981581_9035666751195009194_n-819x1024.jpg\" alt=\"\" class=\"wp-image-30505\" srcset=\"https:\/\/escolaraiz.pt\/pt\/wp-content\/uploads\/2023\/01\/322483037_1597747203981581_9035666751195009194_n-819x1024.jpg 819w, https:\/\/escolaraiz.pt\/pt\/wp-content\/uploads\/2023\/01\/322483037_1597747203981581_9035666751195009194_n-240x300.jpg 240w, https:\/\/escolaraiz.pt\/pt\/wp-content\/uploads\/2023\/01\/322483037_1597747203981581_9035666751195009194_n-768x960.jpg 768w, https:\/\/escolaraiz.pt\/pt\/wp-content\/uploads\/2023\/01\/322483037_1597747203981581_9035666751195009194_n-1229x1536.jpg 1229w, https:\/\/escolaraiz.pt\/pt\/wp-content\/uploads\/2023\/01\/322483037_1597747203981581_9035666751195009194_n-500x625.jpg 500w, https:\/\/escolaraiz.pt\/pt\/wp-content\/uploads\/2023\/01\/322483037_1597747203981581_9035666751195009194_n-600x750.jpg 600w, https:\/\/escolaraiz.pt\/pt\/wp-content\/uploads\/2023\/01\/322483037_1597747203981581_9035666751195009194_n.jpg 1280w\" sizes=\"auto, (max-width: 819px) 100vw, 819px\" \/><\/a><\/figure>\n\n\n\n<figure class=\"wp-block-image size-large\"><a href=\"https:\/\/escolaraiz.pt\/pt\/wp-content\/uploads\/2023\/01\/324189871_1366341020803593_6615803244835109732_n.jpg\"><img loading=\"lazy\" decoding=\"async\" width=\"819\" height=\"1024\" data-id=\"30503\" src=\"https:\/\/escolaraiz.pt\/pt\/wp-content\/uploads\/2023\/01\/324189871_1366341020803593_6615803244835109732_n-819x1024.jpg\" alt=\"\" class=\"wp-image-30503\" srcset=\"https:\/\/escolaraiz.pt\/pt\/wp-content\/uploads\/2023\/01\/324189871_1366341020803593_6615803244835109732_n-819x1024.jpg 819w, https:\/\/escolaraiz.pt\/pt\/wp-content\/uploads\/2023\/01\/324189871_1366341020803593_6615803244835109732_n-240x300.jpg 240w, https:\/\/escolaraiz.pt\/pt\/wp-content\/uploads\/2023\/01\/324189871_1366341020803593_6615803244835109732_n-768x960.jpg 768w, https:\/\/escolaraiz.pt\/pt\/wp-content\/uploads\/2023\/01\/324189871_1366341020803593_6615803244835109732_n-1229x1536.jpg 1229w, https:\/\/escolaraiz.pt\/pt\/wp-content\/uploads\/2023\/01\/324189871_1366341020803593_6615803244835109732_n-500x625.jpg 500w, https:\/\/escolaraiz.pt\/pt\/wp-content\/uploads\/2023\/01\/324189871_1366341020803593_6615803244835109732_n-600x750.jpg 600w, https:\/\/escolaraiz.pt\/pt\/wp-content\/uploads\/2023\/01\/324189871_1366341020803593_6615803244835109732_n.jpg 1280w\" sizes=\"auto, (max-width: 819px) 100vw, 819px\" \/><\/a><\/figure>\n\n\n\n<figure class=\"wp-block-image size-large\"><a href=\"https:\/\/escolaraiz.pt\/pt\/wp-content\/uploads\/2023\/01\/323437640_939491017247241_3897209072503405212_n.jpg\"><img loading=\"lazy\" decoding=\"async\" width=\"819\" height=\"1024\" data-id=\"30509\" src=\"https:\/\/escolaraiz.pt\/pt\/wp-content\/uploads\/2023\/01\/323437640_939491017247241_3897209072503405212_n-819x1024.jpg\" alt=\"\" class=\"wp-image-30509\" srcset=\"https:\/\/escolaraiz.pt\/pt\/wp-content\/uploads\/2023\/01\/323437640_939491017247241_3897209072503405212_n-819x1024.jpg 819w, https:\/\/escolaraiz.pt\/pt\/wp-content\/uploads\/2023\/01\/323437640_939491017247241_3897209072503405212_n-240x300.jpg 240w, https:\/\/escolaraiz.pt\/pt\/wp-content\/uploads\/2023\/01\/323437640_939491017247241_3897209072503405212_n-768x960.jpg 768w, https:\/\/escolaraiz.pt\/pt\/wp-content\/uploads\/2023\/01\/323437640_939491017247241_3897209072503405212_n-1229x1536.jpg 1229w, https:\/\/escolaraiz.pt\/pt\/wp-content\/uploads\/2023\/01\/323437640_939491017247241_3897209072503405212_n-500x625.jpg 500w, https:\/\/escolaraiz.pt\/pt\/wp-content\/uploads\/2023\/01\/323437640_939491017247241_3897209072503405212_n-600x750.jpg 600w, https:\/\/escolaraiz.pt\/pt\/wp-content\/uploads\/2023\/01\/323437640_939491017247241_3897209072503405212_n.jpg 1440w\" sizes=\"auto, (max-width: 819px) 100vw, 819px\" \/><\/a><\/figure>\n\n\n\n<figure class=\"wp-block-image size-large\"><a href=\"https:\/\/escolaraiz.pt\/pt\/wp-content\/uploads\/2023\/01\/322711051_574731908003314_6565042632408364223_n.jpg\"><img loading=\"lazy\" decoding=\"async\" width=\"819\" height=\"1024\" data-id=\"30502\" src=\"https:\/\/escolaraiz.pt\/pt\/wp-content\/uploads\/2023\/01\/322711051_574731908003314_6565042632408364223_n-819x1024.jpg\" alt=\"\" class=\"wp-image-30502\" srcset=\"https:\/\/escolaraiz.pt\/pt\/wp-content\/uploads\/2023\/01\/322711051_574731908003314_6565042632408364223_n-819x1024.jpg 819w, https:\/\/escolaraiz.pt\/pt\/wp-content\/uploads\/2023\/01\/322711051_574731908003314_6565042632408364223_n-240x300.jpg 240w, https:\/\/escolaraiz.pt\/pt\/wp-content\/uploads\/2023\/01\/322711051_574731908003314_6565042632408364223_n-768x960.jpg 768w, https:\/\/escolaraiz.pt\/pt\/wp-content\/uploads\/2023\/01\/322711051_574731908003314_6565042632408364223_n-1229x1536.jpg 1229w, https:\/\/escolaraiz.pt\/pt\/wp-content\/uploads\/2023\/01\/322711051_574731908003314_6565042632408364223_n-500x625.jpg 500w, https:\/\/escolaraiz.pt\/pt\/wp-content\/uploads\/2023\/01\/322711051_574731908003314_6565042632408364223_n-600x750.jpg 600w, https:\/\/escolaraiz.pt\/pt\/wp-content\/uploads\/2023\/01\/322711051_574731908003314_6565042632408364223_n.jpg 1280w\" sizes=\"auto, (max-width: 819px) 100vw, 819px\" \/><\/a><\/figure>\n\n\n\n<figure class=\"wp-block-image size-large\"><a href=\"https:\/\/escolaraiz.pt\/pt\/wp-content\/uploads\/2023\/01\/322599359_3374058322805565_4637774597428033802_n.jpg\"><img loading=\"lazy\" decoding=\"async\" width=\"819\" height=\"1024\" data-id=\"30508\" src=\"https:\/\/escolaraiz.pt\/pt\/wp-content\/uploads\/2023\/01\/322599359_3374058322805565_4637774597428033802_n-819x1024.jpg\" alt=\"\" class=\"wp-image-30508\" srcset=\"https:\/\/escolaraiz.pt\/pt\/wp-content\/uploads\/2023\/01\/322599359_3374058322805565_4637774597428033802_n-819x1024.jpg 819w, https:\/\/escolaraiz.pt\/pt\/wp-content\/uploads\/2023\/01\/322599359_3374058322805565_4637774597428033802_n-240x300.jpg 240w, https:\/\/escolaraiz.pt\/pt\/wp-content\/uploads\/2023\/01\/322599359_3374058322805565_4637774597428033802_n-768x960.jpg 768w, https:\/\/escolaraiz.pt\/pt\/wp-content\/uploads\/2023\/01\/322599359_3374058322805565_4637774597428033802_n-1229x1536.jpg 1229w, https:\/\/escolaraiz.pt\/pt\/wp-content\/uploads\/2023\/01\/322599359_3374058322805565_4637774597428033802_n-500x625.jpg 500w, https:\/\/escolaraiz.pt\/pt\/wp-content\/uploads\/2023\/01\/322599359_3374058322805565_4637774597428033802_n-600x750.jpg 600w, https:\/\/escolaraiz.pt\/pt\/wp-content\/uploads\/2023\/01\/322599359_3374058322805565_4637774597428033802_n.jpg 1280w\" sizes=\"auto, (max-width: 819px) 100vw, 819px\" \/><\/a><\/figure>\n<\/figure>\n","protected":false},"excerpt":{"rendered":"<p>Desta Aladino Pelo Mundo<\/p>\n","protected":false},"author":1,"featured_media":30506,"comment_status":"closed","ping_status":"open","sticky":false,"template":"","format":"standard","meta":{"footnotes":""},"categories":[5],"tags":[],"class_list":["post-30500","post","type-post","status-publish","format-standard","has-post-thumbnail","hentry","category-noticias"],"yoast_head":"<!-- This site is optimized with the Yoast SEO plugin v27.5 - https:\/\/yoast.com\/product\/yoast-seo-wordpress\/ -->\n<title>FESTA DE NATAL 2023 COM BANDA Cottas Club Jazz - Raiz<\/title>\n<meta name=\"robots\" content=\"index, follow, max-snippet:-1, max-image-preview:large, max-video-preview:-1\" \/>\n<link rel=\"canonical\" href=\"https:\/\/escolaraiz.pt\/pt\/noticias\/festa-de-natal-com-banda-cottas-club-jazz\/\" \/>\n<meta name=\"twitter:card\" content=\"summary_large_image\" \/>\n<meta name=\"twitter:title\" content=\"FESTA DE NATAL 2023 COM BANDA Cottas Club Jazz - Raiz\" \/>\n<meta name=\"twitter:description\" content=\"Desta Aladino Pelo Mundo\" \/>\n<meta name=\"twitter:image\" content=\"https:\/\/escolaraiz.pt\/pt\/wp-content\/uploads\/2023\/01\/322242740_4094247684133776_9082085363802871208_n.jpg\" \/>\n<meta name=\"twitter:label1\" content=\"Escrito por\" \/>\n\t<meta name=\"twitter:data1\" content=\"admin\" \/>\n<script type=\"application\/ld+json\" class=\"yoast-schema-graph\">{\"@context\":\"https:\\\/\\\/schema.org\",\"@graph\":[{\"@type\":\"Article\",\"@id\":\"https:\\\/\\\/escolaraiz.pt\\\/pt\\\/noticias\\\/festa-de-natal-com-banda-cottas-club-jazz\\\/#article\",\"isPartOf\":{\"@id\":\"https:\\\/\\\/escolaraiz.pt\\\/pt\\\/noticias\\\/festa-de-natal-com-banda-cottas-club-jazz\\\/\"},\"author\":{\"name\":\"admin\",\"@id\":\"https:\\\/\\\/escolaraiz.pt\\\/pt\\\/#\\\/schema\\\/person\\\/b730db7f2876087a398bcca824252c02\"},\"headline\":\"FESTA DE NATAL 2023 COM BANDA Cottas Club Jazz\",\"datePublished\":\"2022-12-22T07:00:00+00:00\",\"dateModified\":\"2023-01-17T20:16:41+00:00\",\"mainEntityOfPage\":{\"@id\":\"https:\\\/\\\/escolaraiz.pt\\\/pt\\\/noticias\\\/festa-de-natal-com-banda-cottas-club-jazz\\\/\"},\"wordCount\":67,\"image\":{\"@id\":\"https:\\\/\\\/escolaraiz.pt\\\/pt\\\/noticias\\\/festa-de-natal-com-banda-cottas-club-jazz\\\/#primaryimage\"},\"thumbnailUrl\":\"https:\\\/\\\/escolaraiz.pt\\\/pt\\\/wp-content\\\/uploads\\\/2023\\\/01\\\/322242740_4094247684133776_9082085363802871208_n.jpg\",\"articleSection\":[\"Noticias\"],\"inLanguage\":\"pt-PT\"},{\"@type\":\"WebPage\",\"@id\":\"https:\\\/\\\/escolaraiz.pt\\\/pt\\\/noticias\\\/festa-de-natal-com-banda-cottas-club-jazz\\\/\",\"url\":\"https:\\\/\\\/escolaraiz.pt\\\/pt\\\/noticias\\\/festa-de-natal-com-banda-cottas-club-jazz\\\/\",\"name\":\"FESTA DE NATAL 2023 COM BANDA Cottas Club Jazz - Raiz\",\"isPartOf\":{\"@id\":\"https:\\\/\\\/escolaraiz.pt\\\/pt\\\/#website\"},\"primaryImageOfPage\":{\"@id\":\"https:\\\/\\\/escolaraiz.pt\\\/pt\\\/noticias\\\/festa-de-natal-com-banda-cottas-club-jazz\\\/#primaryimage\"},\"image\":{\"@id\":\"https:\\\/\\\/escolaraiz.pt\\\/pt\\\/noticias\\\/festa-de-natal-com-banda-cottas-club-jazz\\\/#primaryimage\"},\"thumbnailUrl\":\"https:\\\/\\\/escolaraiz.pt\\\/pt\\\/wp-content\\\/uploads\\\/2023\\\/01\\\/322242740_4094247684133776_9082085363802871208_n.jpg\",\"datePublished\":\"2022-12-22T07:00:00+00:00\",\"dateModified\":\"2023-01-17T20:16:41+00:00\",\"author\":{\"@id\":\"https:\\\/\\\/escolaraiz.pt\\\/pt\\\/#\\\/schema\\\/person\\\/b730db7f2876087a398bcca824252c02\"},\"breadcrumb\":{\"@id\":\"https:\\\/\\\/escolaraiz.pt\\\/pt\\\/noticias\\\/festa-de-natal-com-banda-cottas-club-jazz\\\/#breadcrumb\"},\"inLanguage\":\"pt-PT\",\"potentialAction\":[{\"@type\":\"ReadAction\",\"target\":[\"https:\\\/\\\/escolaraiz.pt\\\/pt\\\/noticias\\\/festa-de-natal-com-banda-cottas-club-jazz\\\/\"]}]},{\"@type\":\"ImageObject\",\"inLanguage\":\"pt-PT\",\"@id\":\"https:\\\/\\\/escolaraiz.pt\\\/pt\\\/noticias\\\/festa-de-natal-com-banda-cottas-club-jazz\\\/#primaryimage\",\"url\":\"https:\\\/\\\/escolaraiz.pt\\\/pt\\\/wp-content\\\/uploads\\\/2023\\\/01\\\/322242740_4094247684133776_9082085363802871208_n.jpg\",\"contentUrl\":\"https:\\\/\\\/escolaraiz.pt\\\/pt\\\/wp-content\\\/uploads\\\/2023\\\/01\\\/322242740_4094247684133776_9082085363802871208_n.jpg\",\"width\":1280,\"height\":1600},{\"@type\":\"BreadcrumbList\",\"@id\":\"https:\\\/\\\/escolaraiz.pt\\\/pt\\\/noticias\\\/festa-de-natal-com-banda-cottas-club-jazz\\\/#breadcrumb\",\"itemListElement\":[{\"@type\":\"ListItem\",\"position\":1,\"name\":\"In\u00edcio\",\"item\":\"https:\\\/\\\/escolaraiz.pt\\\/pt\\\/\"},{\"@type\":\"ListItem\",\"position\":2,\"name\":\"FESTA DE NATAL 2023 COM BANDA Cottas Club Jazz\"}]},{\"@type\":\"WebSite\",\"@id\":\"https:\\\/\\\/escolaraiz.pt\\\/pt\\\/#website\",\"url\":\"https:\\\/\\\/escolaraiz.pt\\\/pt\\\/\",\"name\":\"Raiz\",\"description\":\"Active Learning School\",\"potentialAction\":[{\"@type\":\"SearchAction\",\"target\":{\"@type\":\"EntryPoint\",\"urlTemplate\":\"https:\\\/\\\/escolaraiz.pt\\\/pt\\\/?s={search_term_string}\"},\"query-input\":{\"@type\":\"PropertyValueSpecification\",\"valueRequired\":true,\"valueName\":\"search_term_string\"}}],\"inLanguage\":\"pt-PT\"},{\"@type\":\"Person\",\"@id\":\"https:\\\/\\\/escolaraiz.pt\\\/pt\\\/#\\\/schema\\\/person\\\/b730db7f2876087a398bcca824252c02\",\"name\":\"admin\"}]}<\/script>\n<!-- \/ Yoast SEO plugin. -->","yoast_head_json":{"title":"FESTA DE NATAL 2023 COM BANDA Cottas Club Jazz - Raiz","robots":{"index":"index","follow":"follow","max-snippet":"max-snippet:-1","max-image-preview":"max-image-preview:large","max-video-preview":"max-video-preview:-1"},"canonical":"https:\/\/escolaraiz.pt\/pt\/noticias\/festa-de-natal-com-banda-cottas-club-jazz\/","twitter_card":"summary_large_image","twitter_title":"FESTA DE NATAL 2023 COM BANDA Cottas Club Jazz - Raiz","twitter_description":"Desta Aladino Pelo Mundo","twitter_image":"https:\/\/escolaraiz.pt\/pt\/wp-content\/uploads\/2023\/01\/322242740_4094247684133776_9082085363802871208_n.jpg","twitter_misc":{"Escrito por":"admin"},"schema":{"@context":"https:\/\/schema.org","@graph":[{"@type":"Article","@id":"https:\/\/escolaraiz.pt\/pt\/noticias\/festa-de-natal-com-banda-cottas-club-jazz\/#article","isPartOf":{"@id":"https:\/\/escolaraiz.pt\/pt\/noticias\/festa-de-natal-com-banda-cottas-club-jazz\/"},"author":{"name":"admin","@id":"https:\/\/escolaraiz.pt\/pt\/#\/schema\/person\/b730db7f2876087a398bcca824252c02"},"headline":"FESTA DE NATAL 2023 COM BANDA Cottas Club Jazz","datePublished":"2022-12-22T07:00:00+00:00","dateModified":"2023-01-17T20:16:41+00:00","mainEntityOfPage":{"@id":"https:\/\/escolaraiz.pt\/pt\/noticias\/festa-de-natal-com-banda-cottas-club-jazz\/"},"wordCount":67,"image":{"@id":"https:\/\/escolaraiz.pt\/pt\/noticias\/festa-de-natal-com-banda-cottas-club-jazz\/#primaryimage"},"thumbnailUrl":"https:\/\/escolaraiz.pt\/pt\/wp-content\/uploads\/2023\/01\/322242740_4094247684133776_9082085363802871208_n.jpg","articleSection":["Noticias"],"inLanguage":"pt-PT"},{"@type":"WebPage","@id":"https:\/\/escolaraiz.pt\/pt\/noticias\/festa-de-natal-com-banda-cottas-club-jazz\/","url":"https:\/\/escolaraiz.pt\/pt\/noticias\/festa-de-natal-com-banda-cottas-club-jazz\/","name":"FESTA DE NATAL 2023 COM BANDA Cottas Club Jazz - Raiz","isPartOf":{"@id":"https:\/\/escolaraiz.pt\/pt\/#website"},"primaryImageOfPage":{"@id":"https:\/\/escolaraiz.pt\/pt\/noticias\/festa-de-natal-com-banda-cottas-club-jazz\/#primaryimage"},"image":{"@id":"https:\/\/escolaraiz.pt\/pt\/noticias\/festa-de-natal-com-banda-cottas-club-jazz\/#primaryimage"},"thumbnailUrl":"https:\/\/escolaraiz.pt\/pt\/wp-content\/uploads\/2023\/01\/322242740_4094247684133776_9082085363802871208_n.jpg","datePublished":"2022-12-22T07:00:00+00:00","dateModified":"2023-01-17T20:16:41+00:00","author":{"@id":"https:\/\/escolaraiz.pt\/pt\/#\/schema\/person\/b730db7f2876087a398bcca824252c02"},"breadcrumb":{"@id":"https:\/\/escolaraiz.pt\/pt\/noticias\/festa-de-natal-com-banda-cottas-club-jazz\/#breadcrumb"},"inLanguage":"pt-PT","potentialAction":[{"@type":"ReadAction","target":["https:\/\/escolaraiz.pt\/pt\/noticias\/festa-de-natal-com-banda-cottas-club-jazz\/"]}]},{"@type":"ImageObject","inLanguage":"pt-PT","@id":"https:\/\/escolaraiz.pt\/pt\/noticias\/festa-de-natal-com-banda-cottas-club-jazz\/#primaryimage","url":"https:\/\/escolaraiz.pt\/pt\/wp-content\/uploads\/2023\/01\/322242740_4094247684133776_9082085363802871208_n.jpg","contentUrl":"https:\/\/escolaraiz.pt\/pt\/wp-content\/uploads\/2023\/01\/322242740_4094247684133776_9082085363802871208_n.jpg","width":1280,"height":1600},{"@type":"BreadcrumbList","@id":"https:\/\/escolaraiz.pt\/pt\/noticias\/festa-de-natal-com-banda-cottas-club-jazz\/#breadcrumb","itemListElement":[{"@type":"ListItem","position":1,"name":"In\u00edcio","item":"https:\/\/escolaraiz.pt\/pt\/"},{"@type":"ListItem","position":2,"name":"FESTA DE NATAL 2023 COM BANDA Cottas Club Jazz"}]},{"@type":"WebSite","@id":"https:\/\/escolaraiz.pt\/pt\/#website","url":"https:\/\/escolaraiz.pt\/pt\/","name":"Raiz","description":"Active Learning School","potentialAction":[{"@type":"SearchAction","target":{"@type":"EntryPoint","urlTemplate":"https:\/\/escolaraiz.pt\/pt\/?s={search_term_string}"},"query-input":{"@type":"PropertyValueSpecification","valueRequired":true,"valueName":"search_term_string"}}],"inLanguage":"pt-PT"},{"@type":"Person","@id":"https:\/\/escolaraiz.pt\/pt\/#\/schema\/person\/b730db7f2876087a398bcca824252c02","name":"admin"}]}},"_links":{"self":[{"href":"https:\/\/escolaraiz.pt\/pt\/wp-json\/wp\/v2\/posts\/30500","targetHints":{"allow":["GET"]}}],"collection":[{"href":"https:\/\/escolaraiz.pt\/pt\/wp-json\/wp\/v2\/posts"}],"about":[{"href":"https:\/\/escolaraiz.pt\/pt\/wp-json\/wp\/v2\/types\/post"}],"author":[{"embeddable":true,"href":"https:\/\/escolaraiz.pt\/pt\/wp-json\/wp\/v2\/users\/1"}],"replies":[{"embeddable":true,"href":"https:\/\/escolaraiz.pt\/pt\/wp-json\/wp\/v2\/comments?post=30500"}],"version-history":[{"count":1,"href":"https:\/\/escolaraiz.pt\/pt\/wp-json\/wp\/v2\/posts\/30500\/revisions"}],"predecessor-version":[{"id":30510,"href":"https:\/\/escolaraiz.pt\/pt\/wp-json\/wp\/v2\/posts\/30500\/revisions\/30510"}],"wp:featuredmedia":[{"embeddable":true,"href":"https:\/\/escolaraiz.pt\/pt\/wp-json\/wp\/v2\/media\/30506"}],"wp:attachment":[{"href":"https:\/\/escolaraiz.pt\/pt\/wp-json\/wp\/v2\/media?parent=30500"}],"wp:term":[{"taxonomy":"category","embeddable":true,"href":"https:\/\/escolaraiz.pt\/pt\/wp-json\/wp\/v2\/categories?post=30500"},{"taxonomy":"post_tag","embeddable":true,"href":"https:\/\/escolaraiz.pt\/pt\/wp-json\/wp\/v2\/tags?post=30500"}],"curies":[{"name":"wp","href":"https:\/\/api.w.org\/{rel}","templated":true}]}}