{"id":30337,"date":"2022-10-31T09:29:33","date_gmt":"2022-10-31T09:29:33","guid":{"rendered":"https:\/\/escolaraiz.pt\/pt\/?p=30337"},"modified":"2022-10-31T09:29:36","modified_gmt":"2022-10-31T09:29:36","slug":"a-visita-de-kenneth-sherman","status":"publish","type":"post","link":"https:\/\/escolaraiz.pt\/pt\/noticias\/a-visita-de-kenneth-sherman\/","title":{"rendered":"A visita de Kenneth Sherman"},"content":{"rendered":"\n<p>Em setembro, tivemos a visita de Kenneth Sherman, Diretor do Departamento de Forma\u00e7\u00e3o da Funda\u00e7\u00e3o HighScope, gostou muito de visitar a Raiz e ficou contagiado com o envolvimento e alegria vividos nas salas. Foram dias de muita partilha e celebra\u00e7\u00e3o da aprendizagem ativa e do modelo HighScope. De seguida, deixamos alguns registos fotogr\u00e1ficos desta visita.<\/p>\n\n\n\n<p><\/p>\n\n\n\n<figure class=\"wp-block-gallery has-nested-images columns-3 is-cropped wp-block-gallery-1 is-layout-flex wp-block-gallery-is-layout-flex\">\n<figure class=\"wp-block-image size-large\"><a href=\"https:\/\/escolaraiz.pt\/pt\/wp-content\/uploads\/2022\/10\/WhatsApp-Image-2022-10-10-at-11.35.36.jpeg\"><img loading=\"lazy\" decoding=\"async\" width=\"1024\" height=\"768\" data-id=\"30338\" src=\"https:\/\/escolaraiz.pt\/pt\/wp-content\/uploads\/2022\/10\/WhatsApp-Image-2022-10-10-at-11.35.36-1024x768.jpeg\" alt=\"\" class=\"wp-image-30338\" srcset=\"https:\/\/escolaraiz.pt\/pt\/wp-content\/uploads\/2022\/10\/WhatsApp-Image-2022-10-10-at-11.35.36-1024x768.jpeg 1024w, https:\/\/escolaraiz.pt\/pt\/wp-content\/uploads\/2022\/10\/WhatsApp-Image-2022-10-10-at-11.35.36-300x225.jpeg 300w, https:\/\/escolaraiz.pt\/pt\/wp-content\/uploads\/2022\/10\/WhatsApp-Image-2022-10-10-at-11.35.36-768x576.jpeg 768w, https:\/\/escolaraiz.pt\/pt\/wp-content\/uploads\/2022\/10\/WhatsApp-Image-2022-10-10-at-11.35.36-1536x1152.jpeg 1536w, https:\/\/escolaraiz.pt\/pt\/wp-content\/uploads\/2022\/10\/WhatsApp-Image-2022-10-10-at-11.35.36-500x375.jpeg 500w, https:\/\/escolaraiz.pt\/pt\/wp-content\/uploads\/2022\/10\/WhatsApp-Image-2022-10-10-at-11.35.36-600x450.jpeg 600w, https:\/\/escolaraiz.pt\/pt\/wp-content\/uploads\/2022\/10\/WhatsApp-Image-2022-10-10-at-11.35.36.jpeg 2048w\" sizes=\"auto, (max-width: 1024px) 100vw, 1024px\" \/><\/a><\/figure>\n\n\n\n<figure class=\"wp-block-image size-large\"><a href=\"https:\/\/escolaraiz.pt\/pt\/wp-content\/uploads\/2022\/10\/WhatsApp-Image-2022-10-10-at-11.38.14.jpeg\"><img loading=\"lazy\" decoding=\"async\" width=\"1024\" height=\"768\" data-id=\"30339\" src=\"https:\/\/escolaraiz.pt\/pt\/wp-content\/uploads\/2022\/10\/WhatsApp-Image-2022-10-10-at-11.38.14-1024x768.jpeg\" alt=\"\" class=\"wp-image-30339\" srcset=\"https:\/\/escolaraiz.pt\/pt\/wp-content\/uploads\/2022\/10\/WhatsApp-Image-2022-10-10-at-11.38.14-1024x768.jpeg 1024w, https:\/\/escolaraiz.pt\/pt\/wp-content\/uploads\/2022\/10\/WhatsApp-Image-2022-10-10-at-11.38.14-300x225.jpeg 300w, https:\/\/escolaraiz.pt\/pt\/wp-content\/uploads\/2022\/10\/WhatsApp-Image-2022-10-10-at-11.38.14-768x576.jpeg 768w, https:\/\/escolaraiz.pt\/pt\/wp-content\/uploads\/2022\/10\/WhatsApp-Image-2022-10-10-at-11.38.14-1536x1152.jpeg 1536w, https:\/\/escolaraiz.pt\/pt\/wp-content\/uploads\/2022\/10\/WhatsApp-Image-2022-10-10-at-11.38.14-500x375.jpeg 500w, https:\/\/escolaraiz.pt\/pt\/wp-content\/uploads\/2022\/10\/WhatsApp-Image-2022-10-10-at-11.38.14-600x450.jpeg 600w, https:\/\/escolaraiz.pt\/pt\/wp-content\/uploads\/2022\/10\/WhatsApp-Image-2022-10-10-at-11.38.14.jpeg 1920w\" sizes=\"auto, (max-width: 1024px) 100vw, 1024px\" \/><\/a><\/figure>\n<\/figure>\n","protected":false},"excerpt":{"rendered":"<p>Fomos explorar a sala verde!<\/p>\n","protected":false},"author":9,"featured_media":30338,"comment_status":"closed","ping_status":"open","sticky":false,"template":"","format":"standard","meta":{"footnotes":""},"categories":[5],"tags":[],"class_list":["post-30337","post","type-post","status-publish","format-standard","has-post-thumbnail","hentry","category-noticias"],"yoast_head":"<!-- This site is optimized with the Yoast SEO plugin v27.5 - https:\/\/yoast.com\/product\/yoast-seo-wordpress\/ -->\n<title>A visita de Kenneth Sherman - Raiz<\/title>\n<meta name=\"robots\" content=\"index, follow, max-snippet:-1, max-image-preview:large, max-video-preview:-1\" \/>\n<link rel=\"canonical\" href=\"https:\/\/escolaraiz.pt\/pt\/noticias\/a-visita-de-kenneth-sherman\/\" \/>\n<meta name=\"twitter:card\" content=\"summary_large_image\" \/>\n<meta name=\"twitter:title\" content=\"A visita de Kenneth Sherman - Raiz\" \/>\n<meta name=\"twitter:description\" content=\"Fomos explorar a sala verde!\" \/>\n<meta name=\"twitter:image\" content=\"https:\/\/escolaraiz.pt\/pt\/wp-content\/uploads\/2022\/10\/WhatsApp-Image-2022-10-10-at-11.35.36.jpeg\" \/>\n<meta name=\"twitter:label1\" content=\"Escrito por\" \/>\n\t<meta name=\"twitter:data1\" content=\"In\u00eas Rovisco\" \/>\n<script type=\"application\/ld+json\" class=\"yoast-schema-graph\">{\"@context\":\"https:\\\/\\\/schema.org\",\"@graph\":[{\"@type\":\"Article\",\"@id\":\"https:\\\/\\\/escolaraiz.pt\\\/pt\\\/noticias\\\/a-visita-de-kenneth-sherman\\\/#article\",\"isPartOf\":{\"@id\":\"https:\\\/\\\/escolaraiz.pt\\\/pt\\\/noticias\\\/a-visita-de-kenneth-sherman\\\/\"},\"author\":{\"name\":\"In\u00eas Rovisco\",\"@id\":\"https:\\\/\\\/escolaraiz.pt\\\/pt\\\/#\\\/schema\\\/person\\\/2fcf24e67d6a857f5b95ce0127c9437f\"},\"headline\":\"A visita de Kenneth Sherman\",\"datePublished\":\"2022-10-31T09:29:33+00:00\",\"dateModified\":\"2022-10-31T09:29:36+00:00\",\"mainEntityOfPage\":{\"@id\":\"https:\\\/\\\/escolaraiz.pt\\\/pt\\\/noticias\\\/a-visita-de-kenneth-sherman\\\/\"},\"wordCount\":64,\"image\":{\"@id\":\"https:\\\/\\\/escolaraiz.pt\\\/pt\\\/noticias\\\/a-visita-de-kenneth-sherman\\\/#primaryimage\"},\"thumbnailUrl\":\"https:\\\/\\\/escolaraiz.pt\\\/pt\\\/wp-content\\\/uploads\\\/2022\\\/10\\\/WhatsApp-Image-2022-10-10-at-11.35.36.jpeg\",\"articleSection\":[\"Noticias\"],\"inLanguage\":\"pt-PT\"},{\"@type\":\"WebPage\",\"@id\":\"https:\\\/\\\/escolaraiz.pt\\\/pt\\\/noticias\\\/a-visita-de-kenneth-sherman\\\/\",\"url\":\"https:\\\/\\\/escolaraiz.pt\\\/pt\\\/noticias\\\/a-visita-de-kenneth-sherman\\\/\",\"name\":\"A visita de Kenneth Sherman - Raiz\",\"isPartOf\":{\"@id\":\"https:\\\/\\\/escolaraiz.pt\\\/pt\\\/#website\"},\"primaryImageOfPage\":{\"@id\":\"https:\\\/\\\/escolaraiz.pt\\\/pt\\\/noticias\\\/a-visita-de-kenneth-sherman\\\/#primaryimage\"},\"image\":{\"@id\":\"https:\\\/\\\/escolaraiz.pt\\\/pt\\\/noticias\\\/a-visita-de-kenneth-sherman\\\/#primaryimage\"},\"thumbnailUrl\":\"https:\\\/\\\/escolaraiz.pt\\\/pt\\\/wp-content\\\/uploads\\\/2022\\\/10\\\/WhatsApp-Image-2022-10-10-at-11.35.36.jpeg\",\"datePublished\":\"2022-10-31T09:29:33+00:00\",\"dateModified\":\"2022-10-31T09:29:36+00:00\",\"author\":{\"@id\":\"https:\\\/\\\/escolaraiz.pt\\\/pt\\\/#\\\/schema\\\/person\\\/2fcf24e67d6a857f5b95ce0127c9437f\"},\"breadcrumb\":{\"@id\":\"https:\\\/\\\/escolaraiz.pt\\\/pt\\\/noticias\\\/a-visita-de-kenneth-sherman\\\/#breadcrumb\"},\"inLanguage\":\"pt-PT\",\"potentialAction\":[{\"@type\":\"ReadAction\",\"target\":[\"https:\\\/\\\/escolaraiz.pt\\\/pt\\\/noticias\\\/a-visita-de-kenneth-sherman\\\/\"]}]},{\"@type\":\"ImageObject\",\"inLanguage\":\"pt-PT\",\"@id\":\"https:\\\/\\\/escolaraiz.pt\\\/pt\\\/noticias\\\/a-visita-de-kenneth-sherman\\\/#primaryimage\",\"url\":\"https:\\\/\\\/escolaraiz.pt\\\/pt\\\/wp-content\\\/uploads\\\/2022\\\/10\\\/WhatsApp-Image-2022-10-10-at-11.35.36.jpeg\",\"contentUrl\":\"https:\\\/\\\/escolaraiz.pt\\\/pt\\\/wp-content\\\/uploads\\\/2022\\\/10\\\/WhatsApp-Image-2022-10-10-at-11.35.36.jpeg\",\"width\":2048,\"height\":1536},{\"@type\":\"BreadcrumbList\",\"@id\":\"https:\\\/\\\/escolaraiz.pt\\\/pt\\\/noticias\\\/a-visita-de-kenneth-sherman\\\/#breadcrumb\",\"itemListElement\":[{\"@type\":\"ListItem\",\"position\":1,\"name\":\"In\u00edcio\",\"item\":\"https:\\\/\\\/escolaraiz.pt\\\/pt\\\/\"},{\"@type\":\"ListItem\",\"position\":2,\"name\":\"A visita de Kenneth Sherman\"}]},{\"@type\":\"WebSite\",\"@id\":\"https:\\\/\\\/escolaraiz.pt\\\/pt\\\/#website\",\"url\":\"https:\\\/\\\/escolaraiz.pt\\\/pt\\\/\",\"name\":\"Raiz\",\"description\":\"Active Learning School\",\"potentialAction\":[{\"@type\":\"SearchAction\",\"target\":{\"@type\":\"EntryPoint\",\"urlTemplate\":\"https:\\\/\\\/escolaraiz.pt\\\/pt\\\/?s={search_term_string}\"},\"query-input\":{\"@type\":\"PropertyValueSpecification\",\"valueRequired\":true,\"valueName\":\"search_term_string\"}}],\"inLanguage\":\"pt-PT\"},{\"@type\":\"Person\",\"@id\":\"https:\\\/\\\/escolaraiz.pt\\\/pt\\\/#\\\/schema\\\/person\\\/2fcf24e67d6a857f5b95ce0127c9437f\",\"name\":\"In\u00eas Rovisco\"}]}<\/script>\n<!-- \/ Yoast SEO plugin. -->","yoast_head_json":{"title":"A visita de Kenneth Sherman - Raiz","robots":{"index":"index","follow":"follow","max-snippet":"max-snippet:-1","max-image-preview":"max-image-preview:large","max-video-preview":"max-video-preview:-1"},"canonical":"https:\/\/escolaraiz.pt\/pt\/noticias\/a-visita-de-kenneth-sherman\/","twitter_card":"summary_large_image","twitter_title":"A visita de Kenneth Sherman - Raiz","twitter_description":"Fomos explorar a sala verde!","twitter_image":"https:\/\/escolaraiz.pt\/pt\/wp-content\/uploads\/2022\/10\/WhatsApp-Image-2022-10-10-at-11.35.36.jpeg","twitter_misc":{"Escrito por":"In\u00eas Rovisco"},"schema":{"@context":"https:\/\/schema.org","@graph":[{"@type":"Article","@id":"https:\/\/escolaraiz.pt\/pt\/noticias\/a-visita-de-kenneth-sherman\/#article","isPartOf":{"@id":"https:\/\/escolaraiz.pt\/pt\/noticias\/a-visita-de-kenneth-sherman\/"},"author":{"name":"In\u00eas Rovisco","@id":"https:\/\/escolaraiz.pt\/pt\/#\/schema\/person\/2fcf24e67d6a857f5b95ce0127c9437f"},"headline":"A visita de Kenneth Sherman","datePublished":"2022-10-31T09:29:33+00:00","dateModified":"2022-10-31T09:29:36+00:00","mainEntityOfPage":{"@id":"https:\/\/escolaraiz.pt\/pt\/noticias\/a-visita-de-kenneth-sherman\/"},"wordCount":64,"image":{"@id":"https:\/\/escolaraiz.pt\/pt\/noticias\/a-visita-de-kenneth-sherman\/#primaryimage"},"thumbnailUrl":"https:\/\/escolaraiz.pt\/pt\/wp-content\/uploads\/2022\/10\/WhatsApp-Image-2022-10-10-at-11.35.36.jpeg","articleSection":["Noticias"],"inLanguage":"pt-PT"},{"@type":"WebPage","@id":"https:\/\/escolaraiz.pt\/pt\/noticias\/a-visita-de-kenneth-sherman\/","url":"https:\/\/escolaraiz.pt\/pt\/noticias\/a-visita-de-kenneth-sherman\/","name":"A visita de Kenneth Sherman - Raiz","isPartOf":{"@id":"https:\/\/escolaraiz.pt\/pt\/#website"},"primaryImageOfPage":{"@id":"https:\/\/escolaraiz.pt\/pt\/noticias\/a-visita-de-kenneth-sherman\/#primaryimage"},"image":{"@id":"https:\/\/escolaraiz.pt\/pt\/noticias\/a-visita-de-kenneth-sherman\/#primaryimage"},"thumbnailUrl":"https:\/\/escolaraiz.pt\/pt\/wp-content\/uploads\/2022\/10\/WhatsApp-Image-2022-10-10-at-11.35.36.jpeg","datePublished":"2022-10-31T09:29:33+00:00","dateModified":"2022-10-31T09:29:36+00:00","author":{"@id":"https:\/\/escolaraiz.pt\/pt\/#\/schema\/person\/2fcf24e67d6a857f5b95ce0127c9437f"},"breadcrumb":{"@id":"https:\/\/escolaraiz.pt\/pt\/noticias\/a-visita-de-kenneth-sherman\/#breadcrumb"},"inLanguage":"pt-PT","potentialAction":[{"@type":"ReadAction","target":["https:\/\/escolaraiz.pt\/pt\/noticias\/a-visita-de-kenneth-sherman\/"]}]},{"@type":"ImageObject","inLanguage":"pt-PT","@id":"https:\/\/escolaraiz.pt\/pt\/noticias\/a-visita-de-kenneth-sherman\/#primaryimage","url":"https:\/\/escolaraiz.pt\/pt\/wp-content\/uploads\/2022\/10\/WhatsApp-Image-2022-10-10-at-11.35.36.jpeg","contentUrl":"https:\/\/escolaraiz.pt\/pt\/wp-content\/uploads\/2022\/10\/WhatsApp-Image-2022-10-10-at-11.35.36.jpeg","width":2048,"height":1536},{"@type":"BreadcrumbList","@id":"https:\/\/escolaraiz.pt\/pt\/noticias\/a-visita-de-kenneth-sherman\/#breadcrumb","itemListElement":[{"@type":"ListItem","position":1,"name":"In\u00edcio","item":"https:\/\/escolaraiz.pt\/pt\/"},{"@type":"ListItem","position":2,"name":"A visita de Kenneth Sherman"}]},{"@type":"WebSite","@id":"https:\/\/escolaraiz.pt\/pt\/#website","url":"https:\/\/escolaraiz.pt\/pt\/","name":"Raiz","description":"Active Learning School","potentialAction":[{"@type":"SearchAction","target":{"@type":"EntryPoint","urlTemplate":"https:\/\/escolaraiz.pt\/pt\/?s={search_term_string}"},"query-input":{"@type":"PropertyValueSpecification","valueRequired":true,"valueName":"search_term_string"}}],"inLanguage":"pt-PT"},{"@type":"Person","@id":"https:\/\/escolaraiz.pt\/pt\/#\/schema\/person\/2fcf24e67d6a857f5b95ce0127c9437f","name":"In\u00eas Rovisco"}]}},"_links":{"self":[{"href":"https:\/\/escolaraiz.pt\/pt\/wp-json\/wp\/v2\/posts\/30337","targetHints":{"allow":["GET"]}}],"collection":[{"href":"https:\/\/escolaraiz.pt\/pt\/wp-json\/wp\/v2\/posts"}],"about":[{"href":"https:\/\/escolaraiz.pt\/pt\/wp-json\/wp\/v2\/types\/post"}],"author":[{"embeddable":true,"href":"https:\/\/escolaraiz.pt\/pt\/wp-json\/wp\/v2\/users\/9"}],"replies":[{"embeddable":true,"href":"https:\/\/escolaraiz.pt\/pt\/wp-json\/wp\/v2\/comments?post=30337"}],"version-history":[{"count":1,"href":"https:\/\/escolaraiz.pt\/pt\/wp-json\/wp\/v2\/posts\/30337\/revisions"}],"predecessor-version":[{"id":30340,"href":"https:\/\/escolaraiz.pt\/pt\/wp-json\/wp\/v2\/posts\/30337\/revisions\/30340"}],"wp:featuredmedia":[{"embeddable":true,"href":"https:\/\/escolaraiz.pt\/pt\/wp-json\/wp\/v2\/media\/30338"}],"wp:attachment":[{"href":"https:\/\/escolaraiz.pt\/pt\/wp-json\/wp\/v2\/media?parent=30337"}],"wp:term":[{"taxonomy":"category","embeddable":true,"href":"https:\/\/escolaraiz.pt\/pt\/wp-json\/wp\/v2\/categories?post=30337"},{"taxonomy":"post_tag","embeddable":true,"href":"https:\/\/escolaraiz.pt\/pt\/wp-json\/wp\/v2\/tags?post=30337"}],"curies":[{"name":"wp","href":"https:\/\/api.w.org\/{rel}","templated":true}]}}