{"id":30309,"date":"2022-10-10T11:16:00","date_gmt":"2022-10-10T11:16:00","guid":{"rendered":"https:\/\/escolaraiz.pt\/pt\/?p=30309"},"modified":"2022-10-24T11:19:08","modified_gmt":"2022-10-24T11:19:08","slug":"no-jardim-da-praca-de-dio","status":"publish","type":"post","link":"https:\/\/escolaraiz.pt\/pt\/noticias\/no-jardim-da-praca-de-dio\/","title":{"rendered":"No jardim da Pra\u00e7a de Dio"},"content":{"rendered":"\n<p>A sala nespereira passou uma manh\u00e3 no jardim da Pra\u00e7a de Dio. As crian\u00e7as apanharam folhas e ramos, fizeram fogueiras com pedras e paus, observaram as gotas de chuva na relva e nas plantas e descobriram um formigueiro. As crian\u00e7as observaram as formigas a transportar a comida para o formigueiro.<\/p>\n\n\n\n<p><\/p>\n\n\n\n<figure class=\"wp-block-gallery has-nested-images columns-3 is-cropped wp-block-gallery-1 is-layout-flex wp-block-gallery-is-layout-flex\">\n<figure class=\"wp-block-image size-large\"><a href=\"https:\/\/escolaraiz.pt\/pt\/wp-content\/uploads\/2022\/10\/WhatsApp-Image-2022-10-06-at-15.48.33-1.jpeg\"><img loading=\"lazy\" decoding=\"async\" width=\"768\" height=\"1024\" data-id=\"30310\" src=\"https:\/\/escolaraiz.pt\/pt\/wp-content\/uploads\/2022\/10\/WhatsApp-Image-2022-10-06-at-15.48.33-1-768x1024.jpeg\" alt=\"\" class=\"wp-image-30310\" srcset=\"https:\/\/escolaraiz.pt\/pt\/wp-content\/uploads\/2022\/10\/WhatsApp-Image-2022-10-06-at-15.48.33-1-768x1024.jpeg 768w, https:\/\/escolaraiz.pt\/pt\/wp-content\/uploads\/2022\/10\/WhatsApp-Image-2022-10-06-at-15.48.33-1-225x300.jpeg 225w, https:\/\/escolaraiz.pt\/pt\/wp-content\/uploads\/2022\/10\/WhatsApp-Image-2022-10-06-at-15.48.33-1-1152x1536.jpeg 1152w, https:\/\/escolaraiz.pt\/pt\/wp-content\/uploads\/2022\/10\/WhatsApp-Image-2022-10-06-at-15.48.33-1-500x667.jpeg 500w, https:\/\/escolaraiz.pt\/pt\/wp-content\/uploads\/2022\/10\/WhatsApp-Image-2022-10-06-at-15.48.33-1-600x800.jpeg 600w, https:\/\/escolaraiz.pt\/pt\/wp-content\/uploads\/2022\/10\/WhatsApp-Image-2022-10-06-at-15.48.33-1.jpeg 1536w\" sizes=\"auto, (max-width: 768px) 100vw, 768px\" \/><\/a><\/figure>\n\n\n\n<figure class=\"wp-block-image size-large\"><a href=\"https:\/\/escolaraiz.pt\/pt\/wp-content\/uploads\/2022\/10\/WhatsApp-Image-2022-10-06-at-15.48.33.jpeg\"><img loading=\"lazy\" decoding=\"async\" width=\"768\" height=\"1024\" data-id=\"30311\" src=\"https:\/\/escolaraiz.pt\/pt\/wp-content\/uploads\/2022\/10\/WhatsApp-Image-2022-10-06-at-15.48.33-768x1024.jpeg\" alt=\"\" class=\"wp-image-30311\" srcset=\"https:\/\/escolaraiz.pt\/pt\/wp-content\/uploads\/2022\/10\/WhatsApp-Image-2022-10-06-at-15.48.33-768x1024.jpeg 768w, https:\/\/escolaraiz.pt\/pt\/wp-content\/uploads\/2022\/10\/WhatsApp-Image-2022-10-06-at-15.48.33-225x300.jpeg 225w, https:\/\/escolaraiz.pt\/pt\/wp-content\/uploads\/2022\/10\/WhatsApp-Image-2022-10-06-at-15.48.33-1152x1536.jpeg 1152w, https:\/\/escolaraiz.pt\/pt\/wp-content\/uploads\/2022\/10\/WhatsApp-Image-2022-10-06-at-15.48.33-500x667.jpeg 500w, https:\/\/escolaraiz.pt\/pt\/wp-content\/uploads\/2022\/10\/WhatsApp-Image-2022-10-06-at-15.48.33-600x800.jpeg 600w, https:\/\/escolaraiz.pt\/pt\/wp-content\/uploads\/2022\/10\/WhatsApp-Image-2022-10-06-at-15.48.33.jpeg 1500w\" sizes=\"auto, (max-width: 768px) 100vw, 768px\" \/><\/a><\/figure>\n\n\n\n<figure class=\"wp-block-image size-large\"><a href=\"https:\/\/escolaraiz.pt\/pt\/wp-content\/uploads\/2022\/10\/WhatsApp-Image-2022-10-06-at-15.48.34-1.jpeg\"><img loading=\"lazy\" decoding=\"async\" width=\"768\" height=\"1024\" data-id=\"30312\" src=\"https:\/\/escolaraiz.pt\/pt\/wp-content\/uploads\/2022\/10\/WhatsApp-Image-2022-10-06-at-15.48.34-1-768x1024.jpeg\" alt=\"\" class=\"wp-image-30312\" srcset=\"https:\/\/escolaraiz.pt\/pt\/wp-content\/uploads\/2022\/10\/WhatsApp-Image-2022-10-06-at-15.48.34-1-768x1024.jpeg 768w, https:\/\/escolaraiz.pt\/pt\/wp-content\/uploads\/2022\/10\/WhatsApp-Image-2022-10-06-at-15.48.34-1-225x300.jpeg 225w, https:\/\/escolaraiz.pt\/pt\/wp-content\/uploads\/2022\/10\/WhatsApp-Image-2022-10-06-at-15.48.34-1-1152x1536.jpeg 1152w, https:\/\/escolaraiz.pt\/pt\/wp-content\/uploads\/2022\/10\/WhatsApp-Image-2022-10-06-at-15.48.34-1-500x667.jpeg 500w, https:\/\/escolaraiz.pt\/pt\/wp-content\/uploads\/2022\/10\/WhatsApp-Image-2022-10-06-at-15.48.34-1-600x800.jpeg 600w, https:\/\/escolaraiz.pt\/pt\/wp-content\/uploads\/2022\/10\/WhatsApp-Image-2022-10-06-at-15.48.34-1.jpeg 1500w\" sizes=\"auto, (max-width: 768px) 100vw, 768px\" \/><\/a><\/figure>\n\n\n\n<figure class=\"wp-block-image size-large\"><a href=\"https:\/\/escolaraiz.pt\/pt\/wp-content\/uploads\/2022\/10\/WhatsApp-Image-2022-10-06-at-15.48.34-2.jpeg\"><img loading=\"lazy\" decoding=\"async\" width=\"768\" height=\"1024\" data-id=\"30313\" src=\"https:\/\/escolaraiz.pt\/pt\/wp-content\/uploads\/2022\/10\/WhatsApp-Image-2022-10-06-at-15.48.34-2-768x1024.jpeg\" alt=\"\" class=\"wp-image-30313\" srcset=\"https:\/\/escolaraiz.pt\/pt\/wp-content\/uploads\/2022\/10\/WhatsApp-Image-2022-10-06-at-15.48.34-2-768x1024.jpeg 768w, https:\/\/escolaraiz.pt\/pt\/wp-content\/uploads\/2022\/10\/WhatsApp-Image-2022-10-06-at-15.48.34-2-225x300.jpeg 225w, https:\/\/escolaraiz.pt\/pt\/wp-content\/uploads\/2022\/10\/WhatsApp-Image-2022-10-06-at-15.48.34-2-1152x1536.jpeg 1152w, https:\/\/escolaraiz.pt\/pt\/wp-content\/uploads\/2022\/10\/WhatsApp-Image-2022-10-06-at-15.48.34-2-500x667.jpeg 500w, https:\/\/escolaraiz.pt\/pt\/wp-content\/uploads\/2022\/10\/WhatsApp-Image-2022-10-06-at-15.48.34-2-600x800.jpeg 600w, https:\/\/escolaraiz.pt\/pt\/wp-content\/uploads\/2022\/10\/WhatsApp-Image-2022-10-06-at-15.48.34-2.jpeg 1536w\" sizes=\"auto, (max-width: 768px) 100vw, 768px\" \/><\/a><\/figure>\n\n\n\n<figure class=\"wp-block-image size-large\"><a href=\"https:\/\/escolaraiz.pt\/pt\/wp-content\/uploads\/2022\/10\/WhatsApp-Image-2022-10-06-at-15.48.34.jpeg\"><img loading=\"lazy\" decoding=\"async\" width=\"768\" height=\"1024\" data-id=\"30314\" src=\"https:\/\/escolaraiz.pt\/pt\/wp-content\/uploads\/2022\/10\/WhatsApp-Image-2022-10-06-at-15.48.34-768x1024.jpeg\" alt=\"\" class=\"wp-image-30314\" srcset=\"https:\/\/escolaraiz.pt\/pt\/wp-content\/uploads\/2022\/10\/WhatsApp-Image-2022-10-06-at-15.48.34-768x1024.jpeg 768w, https:\/\/escolaraiz.pt\/pt\/wp-content\/uploads\/2022\/10\/WhatsApp-Image-2022-10-06-at-15.48.34-225x300.jpeg 225w, https:\/\/escolaraiz.pt\/pt\/wp-content\/uploads\/2022\/10\/WhatsApp-Image-2022-10-06-at-15.48.34-1152x1536.jpeg 1152w, https:\/\/escolaraiz.pt\/pt\/wp-content\/uploads\/2022\/10\/WhatsApp-Image-2022-10-06-at-15.48.34-500x667.jpeg 500w, https:\/\/escolaraiz.pt\/pt\/wp-content\/uploads\/2022\/10\/WhatsApp-Image-2022-10-06-at-15.48.34-600x800.jpeg 600w, https:\/\/escolaraiz.pt\/pt\/wp-content\/uploads\/2022\/10\/WhatsApp-Image-2022-10-06-at-15.48.34.jpeg 1500w\" sizes=\"auto, (max-width: 768px) 100vw, 768px\" \/><\/a><\/figure>\n\n\n\n<figure class=\"wp-block-image size-large\"><a href=\"https:\/\/escolaraiz.pt\/pt\/wp-content\/uploads\/2022\/10\/WhatsApp-Image-2022-10-06-at-15.48.35-1.jpeg\"><img loading=\"lazy\" decoding=\"async\" width=\"768\" height=\"1024\" data-id=\"30315\" src=\"https:\/\/escolaraiz.pt\/pt\/wp-content\/uploads\/2022\/10\/WhatsApp-Image-2022-10-06-at-15.48.35-1-768x1024.jpeg\" alt=\"\" class=\"wp-image-30315\" srcset=\"https:\/\/escolaraiz.pt\/pt\/wp-content\/uploads\/2022\/10\/WhatsApp-Image-2022-10-06-at-15.48.35-1-768x1024.jpeg 768w, https:\/\/escolaraiz.pt\/pt\/wp-content\/uploads\/2022\/10\/WhatsApp-Image-2022-10-06-at-15.48.35-1-225x300.jpeg 225w, https:\/\/escolaraiz.pt\/pt\/wp-content\/uploads\/2022\/10\/WhatsApp-Image-2022-10-06-at-15.48.35-1-1152x1536.jpeg 1152w, https:\/\/escolaraiz.pt\/pt\/wp-content\/uploads\/2022\/10\/WhatsApp-Image-2022-10-06-at-15.48.35-1-500x667.jpeg 500w, https:\/\/escolaraiz.pt\/pt\/wp-content\/uploads\/2022\/10\/WhatsApp-Image-2022-10-06-at-15.48.35-1-600x800.jpeg 600w, https:\/\/escolaraiz.pt\/pt\/wp-content\/uploads\/2022\/10\/WhatsApp-Image-2022-10-06-at-15.48.35-1.jpeg 1536w\" sizes=\"auto, (max-width: 768px) 100vw, 768px\" \/><\/a><\/figure>\n<\/figure>\n","protected":false},"excerpt":{"rendered":"<p>Fomos explorar a sala verde!<\/p>\n","protected":false},"author":9,"featured_media":30311,"comment_status":"closed","ping_status":"open","sticky":false,"template":"","format":"standard","meta":{"footnotes":""},"categories":[5],"tags":[],"class_list":["post-30309","post","type-post","status-publish","format-standard","has-post-thumbnail","hentry","category-noticias"],"yoast_head":"<!-- This site is optimized with the Yoast SEO plugin v27.5 - https:\/\/yoast.com\/product\/yoast-seo-wordpress\/ -->\n<title>No jardim da Pra\u00e7a de Dio - Raiz<\/title>\n<meta name=\"robots\" content=\"index, follow, max-snippet:-1, max-image-preview:large, max-video-preview:-1\" \/>\n<link rel=\"canonical\" href=\"https:\/\/escolaraiz.pt\/pt\/noticias\/no-jardim-da-praca-de-dio\/\" \/>\n<meta name=\"twitter:card\" content=\"summary_large_image\" \/>\n<meta name=\"twitter:title\" content=\"No jardim da Pra\u00e7a de Dio - Raiz\" \/>\n<meta name=\"twitter:description\" content=\"Fomos explorar a sala verde!\" \/>\n<meta name=\"twitter:image\" content=\"https:\/\/escolaraiz.pt\/pt\/wp-content\/uploads\/2022\/10\/WhatsApp-Image-2022-10-06-at-15.48.33.jpeg\" \/>\n<meta name=\"twitter:label1\" content=\"Escrito por\" \/>\n\t<meta name=\"twitter:data1\" content=\"In\u00eas Rovisco\" \/>\n<script type=\"application\/ld+json\" class=\"yoast-schema-graph\">{\"@context\":\"https:\\\/\\\/schema.org\",\"@graph\":[{\"@type\":\"Article\",\"@id\":\"https:\\\/\\\/escolaraiz.pt\\\/pt\\\/noticias\\\/no-jardim-da-praca-de-dio\\\/#article\",\"isPartOf\":{\"@id\":\"https:\\\/\\\/escolaraiz.pt\\\/pt\\\/noticias\\\/no-jardim-da-praca-de-dio\\\/\"},\"author\":{\"name\":\"In\u00eas Rovisco\",\"@id\":\"https:\\\/\\\/escolaraiz.pt\\\/pt\\\/#\\\/schema\\\/person\\\/2fcf24e67d6a857f5b95ce0127c9437f\"},\"headline\":\"No jardim da Pra\u00e7a de Dio\",\"datePublished\":\"2022-10-10T11:16:00+00:00\",\"dateModified\":\"2022-10-24T11:19:08+00:00\",\"mainEntityOfPage\":{\"@id\":\"https:\\\/\\\/escolaraiz.pt\\\/pt\\\/noticias\\\/no-jardim-da-praca-de-dio\\\/\"},\"wordCount\":60,\"image\":{\"@id\":\"https:\\\/\\\/escolaraiz.pt\\\/pt\\\/noticias\\\/no-jardim-da-praca-de-dio\\\/#primaryimage\"},\"thumbnailUrl\":\"https:\\\/\\\/escolaraiz.pt\\\/pt\\\/wp-content\\\/uploads\\\/2022\\\/10\\\/WhatsApp-Image-2022-10-06-at-15.48.33.jpeg\",\"articleSection\":[\"Noticias\"],\"inLanguage\":\"pt-PT\"},{\"@type\":\"WebPage\",\"@id\":\"https:\\\/\\\/escolaraiz.pt\\\/pt\\\/noticias\\\/no-jardim-da-praca-de-dio\\\/\",\"url\":\"https:\\\/\\\/escolaraiz.pt\\\/pt\\\/noticias\\\/no-jardim-da-praca-de-dio\\\/\",\"name\":\"No jardim da Pra\u00e7a de Dio - Raiz\",\"isPartOf\":{\"@id\":\"https:\\\/\\\/escolaraiz.pt\\\/pt\\\/#website\"},\"primaryImageOfPage\":{\"@id\":\"https:\\\/\\\/escolaraiz.pt\\\/pt\\\/noticias\\\/no-jardim-da-praca-de-dio\\\/#primaryimage\"},\"image\":{\"@id\":\"https:\\\/\\\/escolaraiz.pt\\\/pt\\\/noticias\\\/no-jardim-da-praca-de-dio\\\/#primaryimage\"},\"thumbnailUrl\":\"https:\\\/\\\/escolaraiz.pt\\\/pt\\\/wp-content\\\/uploads\\\/2022\\\/10\\\/WhatsApp-Image-2022-10-06-at-15.48.33.jpeg\",\"datePublished\":\"2022-10-10T11:16:00+00:00\",\"dateModified\":\"2022-10-24T11:19:08+00:00\",\"author\":{\"@id\":\"https:\\\/\\\/escolaraiz.pt\\\/pt\\\/#\\\/schema\\\/person\\\/2fcf24e67d6a857f5b95ce0127c9437f\"},\"breadcrumb\":{\"@id\":\"https:\\\/\\\/escolaraiz.pt\\\/pt\\\/noticias\\\/no-jardim-da-praca-de-dio\\\/#breadcrumb\"},\"inLanguage\":\"pt-PT\",\"potentialAction\":[{\"@type\":\"ReadAction\",\"target\":[\"https:\\\/\\\/escolaraiz.pt\\\/pt\\\/noticias\\\/no-jardim-da-praca-de-dio\\\/\"]}]},{\"@type\":\"ImageObject\",\"inLanguage\":\"pt-PT\",\"@id\":\"https:\\\/\\\/escolaraiz.pt\\\/pt\\\/noticias\\\/no-jardim-da-praca-de-dio\\\/#primaryimage\",\"url\":\"https:\\\/\\\/escolaraiz.pt\\\/pt\\\/wp-content\\\/uploads\\\/2022\\\/10\\\/WhatsApp-Image-2022-10-06-at-15.48.33.jpeg\",\"contentUrl\":\"https:\\\/\\\/escolaraiz.pt\\\/pt\\\/wp-content\\\/uploads\\\/2022\\\/10\\\/WhatsApp-Image-2022-10-06-at-15.48.33.jpeg\",\"width\":1500,\"height\":2000},{\"@type\":\"BreadcrumbList\",\"@id\":\"https:\\\/\\\/escolaraiz.pt\\\/pt\\\/noticias\\\/no-jardim-da-praca-de-dio\\\/#breadcrumb\",\"itemListElement\":[{\"@type\":\"ListItem\",\"position\":1,\"name\":\"In\u00edcio\",\"item\":\"https:\\\/\\\/escolaraiz.pt\\\/pt\\\/\"},{\"@type\":\"ListItem\",\"position\":2,\"name\":\"No jardim da Pra\u00e7a de Dio\"}]},{\"@type\":\"WebSite\",\"@id\":\"https:\\\/\\\/escolaraiz.pt\\\/pt\\\/#website\",\"url\":\"https:\\\/\\\/escolaraiz.pt\\\/pt\\\/\",\"name\":\"Raiz\",\"description\":\"Active Learning School\",\"potentialAction\":[{\"@type\":\"SearchAction\",\"target\":{\"@type\":\"EntryPoint\",\"urlTemplate\":\"https:\\\/\\\/escolaraiz.pt\\\/pt\\\/?s={search_term_string}\"},\"query-input\":{\"@type\":\"PropertyValueSpecification\",\"valueRequired\":true,\"valueName\":\"search_term_string\"}}],\"inLanguage\":\"pt-PT\"},{\"@type\":\"Person\",\"@id\":\"https:\\\/\\\/escolaraiz.pt\\\/pt\\\/#\\\/schema\\\/person\\\/2fcf24e67d6a857f5b95ce0127c9437f\",\"name\":\"In\u00eas Rovisco\"}]}<\/script>\n<!-- \/ Yoast SEO plugin. -->","yoast_head_json":{"title":"No jardim da Pra\u00e7a de Dio - Raiz","robots":{"index":"index","follow":"follow","max-snippet":"max-snippet:-1","max-image-preview":"max-image-preview:large","max-video-preview":"max-video-preview:-1"},"canonical":"https:\/\/escolaraiz.pt\/pt\/noticias\/no-jardim-da-praca-de-dio\/","twitter_card":"summary_large_image","twitter_title":"No jardim da Pra\u00e7a de Dio - Raiz","twitter_description":"Fomos explorar a sala verde!","twitter_image":"https:\/\/escolaraiz.pt\/pt\/wp-content\/uploads\/2022\/10\/WhatsApp-Image-2022-10-06-at-15.48.33.jpeg","twitter_misc":{"Escrito por":"In\u00eas Rovisco"},"schema":{"@context":"https:\/\/schema.org","@graph":[{"@type":"Article","@id":"https:\/\/escolaraiz.pt\/pt\/noticias\/no-jardim-da-praca-de-dio\/#article","isPartOf":{"@id":"https:\/\/escolaraiz.pt\/pt\/noticias\/no-jardim-da-praca-de-dio\/"},"author":{"name":"In\u00eas Rovisco","@id":"https:\/\/escolaraiz.pt\/pt\/#\/schema\/person\/2fcf24e67d6a857f5b95ce0127c9437f"},"headline":"No jardim da Pra\u00e7a de Dio","datePublished":"2022-10-10T11:16:00+00:00","dateModified":"2022-10-24T11:19:08+00:00","mainEntityOfPage":{"@id":"https:\/\/escolaraiz.pt\/pt\/noticias\/no-jardim-da-praca-de-dio\/"},"wordCount":60,"image":{"@id":"https:\/\/escolaraiz.pt\/pt\/noticias\/no-jardim-da-praca-de-dio\/#primaryimage"},"thumbnailUrl":"https:\/\/escolaraiz.pt\/pt\/wp-content\/uploads\/2022\/10\/WhatsApp-Image-2022-10-06-at-15.48.33.jpeg","articleSection":["Noticias"],"inLanguage":"pt-PT"},{"@type":"WebPage","@id":"https:\/\/escolaraiz.pt\/pt\/noticias\/no-jardim-da-praca-de-dio\/","url":"https:\/\/escolaraiz.pt\/pt\/noticias\/no-jardim-da-praca-de-dio\/","name":"No jardim da Pra\u00e7a de Dio - Raiz","isPartOf":{"@id":"https:\/\/escolaraiz.pt\/pt\/#website"},"primaryImageOfPage":{"@id":"https:\/\/escolaraiz.pt\/pt\/noticias\/no-jardim-da-praca-de-dio\/#primaryimage"},"image":{"@id":"https:\/\/escolaraiz.pt\/pt\/noticias\/no-jardim-da-praca-de-dio\/#primaryimage"},"thumbnailUrl":"https:\/\/escolaraiz.pt\/pt\/wp-content\/uploads\/2022\/10\/WhatsApp-Image-2022-10-06-at-15.48.33.jpeg","datePublished":"2022-10-10T11:16:00+00:00","dateModified":"2022-10-24T11:19:08+00:00","author":{"@id":"https:\/\/escolaraiz.pt\/pt\/#\/schema\/person\/2fcf24e67d6a857f5b95ce0127c9437f"},"breadcrumb":{"@id":"https:\/\/escolaraiz.pt\/pt\/noticias\/no-jardim-da-praca-de-dio\/#breadcrumb"},"inLanguage":"pt-PT","potentialAction":[{"@type":"ReadAction","target":["https:\/\/escolaraiz.pt\/pt\/noticias\/no-jardim-da-praca-de-dio\/"]}]},{"@type":"ImageObject","inLanguage":"pt-PT","@id":"https:\/\/escolaraiz.pt\/pt\/noticias\/no-jardim-da-praca-de-dio\/#primaryimage","url":"https:\/\/escolaraiz.pt\/pt\/wp-content\/uploads\/2022\/10\/WhatsApp-Image-2022-10-06-at-15.48.33.jpeg","contentUrl":"https:\/\/escolaraiz.pt\/pt\/wp-content\/uploads\/2022\/10\/WhatsApp-Image-2022-10-06-at-15.48.33.jpeg","width":1500,"height":2000},{"@type":"BreadcrumbList","@id":"https:\/\/escolaraiz.pt\/pt\/noticias\/no-jardim-da-praca-de-dio\/#breadcrumb","itemListElement":[{"@type":"ListItem","position":1,"name":"In\u00edcio","item":"https:\/\/escolaraiz.pt\/pt\/"},{"@type":"ListItem","position":2,"name":"No jardim da Pra\u00e7a de Dio"}]},{"@type":"WebSite","@id":"https:\/\/escolaraiz.pt\/pt\/#website","url":"https:\/\/escolaraiz.pt\/pt\/","name":"Raiz","description":"Active Learning School","potentialAction":[{"@type":"SearchAction","target":{"@type":"EntryPoint","urlTemplate":"https:\/\/escolaraiz.pt\/pt\/?s={search_term_string}"},"query-input":{"@type":"PropertyValueSpecification","valueRequired":true,"valueName":"search_term_string"}}],"inLanguage":"pt-PT"},{"@type":"Person","@id":"https:\/\/escolaraiz.pt\/pt\/#\/schema\/person\/2fcf24e67d6a857f5b95ce0127c9437f","name":"In\u00eas Rovisco"}]}},"_links":{"self":[{"href":"https:\/\/escolaraiz.pt\/pt\/wp-json\/wp\/v2\/posts\/30309","targetHints":{"allow":["GET"]}}],"collection":[{"href":"https:\/\/escolaraiz.pt\/pt\/wp-json\/wp\/v2\/posts"}],"about":[{"href":"https:\/\/escolaraiz.pt\/pt\/wp-json\/wp\/v2\/types\/post"}],"author":[{"embeddable":true,"href":"https:\/\/escolaraiz.pt\/pt\/wp-json\/wp\/v2\/users\/9"}],"replies":[{"embeddable":true,"href":"https:\/\/escolaraiz.pt\/pt\/wp-json\/wp\/v2\/comments?post=30309"}],"version-history":[{"count":1,"href":"https:\/\/escolaraiz.pt\/pt\/wp-json\/wp\/v2\/posts\/30309\/revisions"}],"predecessor-version":[{"id":30316,"href":"https:\/\/escolaraiz.pt\/pt\/wp-json\/wp\/v2\/posts\/30309\/revisions\/30316"}],"wp:featuredmedia":[{"embeddable":true,"href":"https:\/\/escolaraiz.pt\/pt\/wp-json\/wp\/v2\/media\/30311"}],"wp:attachment":[{"href":"https:\/\/escolaraiz.pt\/pt\/wp-json\/wp\/v2\/media?parent=30309"}],"wp:term":[{"taxonomy":"category","embeddable":true,"href":"https:\/\/escolaraiz.pt\/pt\/wp-json\/wp\/v2\/categories?post=30309"},{"taxonomy":"post_tag","embeddable":true,"href":"https:\/\/escolaraiz.pt\/pt\/wp-json\/wp\/v2\/tags?post=30309"}],"curies":[{"name":"wp","href":"https:\/\/api.w.org\/{rel}","templated":true}]}}