{"id":29950,"date":"2021-11-06T19:48:34","date_gmt":"2021-11-06T19:48:34","guid":{"rendered":"https:\/\/escolaraiz.pt\/pt\/?p=29950"},"modified":"2022-04-19T10:05:15","modified_gmt":"2022-04-19T10:05:15","slug":"estamos-de-volta-2-2-2-2-2-2","status":"publish","type":"post","link":"https:\/\/escolaraiz.pt\/pt\/noticias\/estamos-de-volta-2-2-2-2-2-2\/","title":{"rendered":"A Raiz tamb\u00e9m festejou o Halloween!"},"content":{"rendered":"\n<p>Sabemos que os mais novos gostam de programas diferentes. Os dias que fogem da rotina s\u00e3o os mais divertidos e que contam com mais entusiasmo por parte deles! S\u00e3o ainda mais especiais os dias em que podem vestir-se das personagens que mais gostam, ou melhor, mais assustadoras!  <\/p>\n\n\n\n<p>O Halloween trouxe muitas m\u00e1scaras para a Raiz, e ainda tivemos o entusiasmo de enfeitar a nossa sala\/escola com estes monstrinhos. <\/p>\n\n\n\n<p><\/p>\n\n\n\n<p><\/p>\n\n\n\n<figure class=\"wp-block-gallery columns-3 is-cropped wp-block-gallery-1 is-layout-flex wp-block-gallery-is-layout-flex\"><ul class=\"blocks-gallery-grid\"><li class=\"blocks-gallery-item\"><figure><a href=\"https:\/\/escolaraiz.pt\/pt\/wp-content\/uploads\/2021\/12\/251917370_323482412960051_1952885561467759609_n.jpeg\"><img loading=\"lazy\" decoding=\"async\" width=\"819\" height=\"1024\" src=\"https:\/\/escolaraiz.pt\/pt\/wp-content\/uploads\/2021\/12\/251917370_323482412960051_1952885561467759609_n-819x1024.jpeg\" alt=\"\" data-id=\"29951\" data-full-url=\"https:\/\/escolaraiz.pt\/pt\/wp-content\/uploads\/2021\/12\/251917370_323482412960051_1952885561467759609_n.jpeg\" data-link=\"https:\/\/escolaraiz.pt\/pt\/?attachment_id=29951\" class=\"wp-image-29951\" srcset=\"https:\/\/escolaraiz.pt\/pt\/wp-content\/uploads\/2021\/12\/251917370_323482412960051_1952885561467759609_n-819x1024.jpeg 819w, https:\/\/escolaraiz.pt\/pt\/wp-content\/uploads\/2021\/12\/251917370_323482412960051_1952885561467759609_n-240x300.jpeg 240w, https:\/\/escolaraiz.pt\/pt\/wp-content\/uploads\/2021\/12\/251917370_323482412960051_1952885561467759609_n-768x960.jpeg 768w, https:\/\/escolaraiz.pt\/pt\/wp-content\/uploads\/2021\/12\/251917370_323482412960051_1952885561467759609_n-500x625.jpeg 500w, https:\/\/escolaraiz.pt\/pt\/wp-content\/uploads\/2021\/12\/251917370_323482412960051_1952885561467759609_n-600x750.jpeg 600w, https:\/\/escolaraiz.pt\/pt\/wp-content\/uploads\/2021\/12\/251917370_323482412960051_1952885561467759609_n.jpeg 1152w\" sizes=\"auto, (max-width: 819px) 100vw, 819px\" \/><\/a><\/figure><\/li><li class=\"blocks-gallery-item\"><figure><a href=\"https:\/\/escolaraiz.pt\/pt\/wp-content\/uploads\/2021\/12\/252351055_323481402960152_8062508695381899181_n.jpeg\"><img loading=\"lazy\" decoding=\"async\" width=\"819\" height=\"1024\" src=\"https:\/\/escolaraiz.pt\/pt\/wp-content\/uploads\/2021\/12\/252351055_323481402960152_8062508695381899181_n-819x1024.jpeg\" alt=\"\" data-id=\"29952\" data-full-url=\"https:\/\/escolaraiz.pt\/pt\/wp-content\/uploads\/2021\/12\/252351055_323481402960152_8062508695381899181_n.jpeg\" data-link=\"https:\/\/escolaraiz.pt\/pt\/?attachment_id=29952\" class=\"wp-image-29952\" srcset=\"https:\/\/escolaraiz.pt\/pt\/wp-content\/uploads\/2021\/12\/252351055_323481402960152_8062508695381899181_n-819x1024.jpeg 819w, https:\/\/escolaraiz.pt\/pt\/wp-content\/uploads\/2021\/12\/252351055_323481402960152_8062508695381899181_n-240x300.jpeg 240w, https:\/\/escolaraiz.pt\/pt\/wp-content\/uploads\/2021\/12\/252351055_323481402960152_8062508695381899181_n-768x960.jpeg 768w, https:\/\/escolaraiz.pt\/pt\/wp-content\/uploads\/2021\/12\/252351055_323481402960152_8062508695381899181_n-1229x1536.jpeg 1229w, https:\/\/escolaraiz.pt\/pt\/wp-content\/uploads\/2021\/12\/252351055_323481402960152_8062508695381899181_n-500x625.jpeg 500w, https:\/\/escolaraiz.pt\/pt\/wp-content\/uploads\/2021\/12\/252351055_323481402960152_8062508695381899181_n-600x750.jpeg 600w, https:\/\/escolaraiz.pt\/pt\/wp-content\/uploads\/2021\/12\/252351055_323481402960152_8062508695381899181_n.jpeg 1258w\" sizes=\"auto, (max-width: 819px) 100vw, 819px\" \/><\/a><\/figure><\/li><li class=\"blocks-gallery-item\"><figure><a href=\"https:\/\/escolaraiz.pt\/pt\/wp-content\/uploads\/2021\/12\/252332747_323480882960204_1953888977082965195_n.jpeg\"><img loading=\"lazy\" decoding=\"async\" width=\"797\" height=\"996\" src=\"https:\/\/escolaraiz.pt\/pt\/wp-content\/uploads\/2021\/12\/252332747_323480882960204_1953888977082965195_n.jpeg\" alt=\"\" data-id=\"29953\" data-full-url=\"https:\/\/escolaraiz.pt\/pt\/wp-content\/uploads\/2021\/12\/252332747_323480882960204_1953888977082965195_n.jpeg\" data-link=\"https:\/\/escolaraiz.pt\/pt\/?attachment_id=29953\" class=\"wp-image-29953\" srcset=\"https:\/\/escolaraiz.pt\/pt\/wp-content\/uploads\/2021\/12\/252332747_323480882960204_1953888977082965195_n.jpeg 797w, https:\/\/escolaraiz.pt\/pt\/wp-content\/uploads\/2021\/12\/252332747_323480882960204_1953888977082965195_n-240x300.jpeg 240w, https:\/\/escolaraiz.pt\/pt\/wp-content\/uploads\/2021\/12\/252332747_323480882960204_1953888977082965195_n-768x960.jpeg 768w, https:\/\/escolaraiz.pt\/pt\/wp-content\/uploads\/2021\/12\/252332747_323480882960204_1953888977082965195_n-500x625.jpeg 500w, https:\/\/escolaraiz.pt\/pt\/wp-content\/uploads\/2021\/12\/252332747_323480882960204_1953888977082965195_n-600x750.jpeg 600w\" sizes=\"auto, (max-width: 797px) 100vw, 797px\" \/><\/a><\/figure><\/li><li class=\"blocks-gallery-item\"><figure><a href=\"https:\/\/escolaraiz.pt\/pt\/wp-content\/uploads\/2021\/12\/253199422_323480642960228_7599838473997982827_n.jpeg\"><img loading=\"lazy\" decoding=\"async\" width=\"819\" height=\"1024\" src=\"https:\/\/escolaraiz.pt\/pt\/wp-content\/uploads\/2021\/12\/253199422_323480642960228_7599838473997982827_n-819x1024.jpeg\" alt=\"\" data-id=\"29954\" data-full-url=\"https:\/\/escolaraiz.pt\/pt\/wp-content\/uploads\/2021\/12\/253199422_323480642960228_7599838473997982827_n.jpeg\" data-link=\"https:\/\/escolaraiz.pt\/pt\/?attachment_id=29954\" class=\"wp-image-29954\" srcset=\"https:\/\/escolaraiz.pt\/pt\/wp-content\/uploads\/2021\/12\/253199422_323480642960228_7599838473997982827_n-819x1024.jpeg 819w, https:\/\/escolaraiz.pt\/pt\/wp-content\/uploads\/2021\/12\/253199422_323480642960228_7599838473997982827_n-240x300.jpeg 240w, https:\/\/escolaraiz.pt\/pt\/wp-content\/uploads\/2021\/12\/253199422_323480642960228_7599838473997982827_n-768x960.jpeg 768w, https:\/\/escolaraiz.pt\/pt\/wp-content\/uploads\/2021\/12\/253199422_323480642960228_7599838473997982827_n-1229x1536.jpeg 1229w, https:\/\/escolaraiz.pt\/pt\/wp-content\/uploads\/2021\/12\/253199422_323480642960228_7599838473997982827_n-500x625.jpeg 500w, https:\/\/escolaraiz.pt\/pt\/wp-content\/uploads\/2021\/12\/253199422_323480642960228_7599838473997982827_n-600x750.jpeg 600w, https:\/\/escolaraiz.pt\/pt\/wp-content\/uploads\/2021\/12\/253199422_323480642960228_7599838473997982827_n.jpeg 1440w\" sizes=\"auto, (max-width: 819px) 100vw, 819px\" \/><\/a><\/figure><\/li><li class=\"blocks-gallery-item\"><figure><a href=\"https:\/\/escolaraiz.pt\/pt\/wp-content\/uploads\/2021\/12\/253401639_323481749626784_1667046208852330641_n.jpeg\"><img loading=\"lazy\" decoding=\"async\" width=\"819\" height=\"1024\" src=\"https:\/\/escolaraiz.pt\/pt\/wp-content\/uploads\/2021\/12\/253401639_323481749626784_1667046208852330641_n-819x1024.jpeg\" alt=\"\" data-id=\"29955\" data-full-url=\"https:\/\/escolaraiz.pt\/pt\/wp-content\/uploads\/2021\/12\/253401639_323481749626784_1667046208852330641_n.jpeg\" data-link=\"https:\/\/escolaraiz.pt\/pt\/?attachment_id=29955\" class=\"wp-image-29955\" srcset=\"https:\/\/escolaraiz.pt\/pt\/wp-content\/uploads\/2021\/12\/253401639_323481749626784_1667046208852330641_n-819x1024.jpeg 819w, https:\/\/escolaraiz.pt\/pt\/wp-content\/uploads\/2021\/12\/253401639_323481749626784_1667046208852330641_n-240x300.jpeg 240w, https:\/\/escolaraiz.pt\/pt\/wp-content\/uploads\/2021\/12\/253401639_323481749626784_1667046208852330641_n-768x960.jpeg 768w, https:\/\/escolaraiz.pt\/pt\/wp-content\/uploads\/2021\/12\/253401639_323481749626784_1667046208852330641_n-1229x1536.jpeg 1229w, https:\/\/escolaraiz.pt\/pt\/wp-content\/uploads\/2021\/12\/253401639_323481749626784_1667046208852330641_n-500x625.jpeg 500w, https:\/\/escolaraiz.pt\/pt\/wp-content\/uploads\/2021\/12\/253401639_323481749626784_1667046208852330641_n-600x750.jpeg 600w, https:\/\/escolaraiz.pt\/pt\/wp-content\/uploads\/2021\/12\/253401639_323481749626784_1667046208852330641_n.jpeg 1440w\" sizes=\"auto, (max-width: 819px) 100vw, 819px\" \/><\/a><\/figure><\/li><li class=\"blocks-gallery-item\"><figure><a href=\"https:\/\/escolaraiz.pt\/pt\/wp-content\/uploads\/2021\/12\/250247840_320018606639765_1241368134183273853_n.jpeg\"><img loading=\"lazy\" decoding=\"async\" width=\"940\" height=\"940\" src=\"https:\/\/escolaraiz.pt\/pt\/wp-content\/uploads\/2021\/12\/250247840_320018606639765_1241368134183273853_n.jpeg\" alt=\"\" data-id=\"29956\" data-full-url=\"https:\/\/escolaraiz.pt\/pt\/wp-content\/uploads\/2021\/12\/250247840_320018606639765_1241368134183273853_n.jpeg\" data-link=\"https:\/\/escolaraiz.pt\/pt\/?attachment_id=29956\" class=\"wp-image-29956\" srcset=\"https:\/\/escolaraiz.pt\/pt\/wp-content\/uploads\/2021\/12\/250247840_320018606639765_1241368134183273853_n.jpeg 940w, https:\/\/escolaraiz.pt\/pt\/wp-content\/uploads\/2021\/12\/250247840_320018606639765_1241368134183273853_n-300x300.jpeg 300w, https:\/\/escolaraiz.pt\/pt\/wp-content\/uploads\/2021\/12\/250247840_320018606639765_1241368134183273853_n-150x150.jpeg 150w, https:\/\/escolaraiz.pt\/pt\/wp-content\/uploads\/2021\/12\/250247840_320018606639765_1241368134183273853_n-768x768.jpeg 768w, https:\/\/escolaraiz.pt\/pt\/wp-content\/uploads\/2021\/12\/250247840_320018606639765_1241368134183273853_n-500x500.jpeg 500w, https:\/\/escolaraiz.pt\/pt\/wp-content\/uploads\/2021\/12\/250247840_320018606639765_1241368134183273853_n-600x600.jpeg 600w, https:\/\/escolaraiz.pt\/pt\/wp-content\/uploads\/2021\/12\/250247840_320018606639765_1241368134183273853_n-100x100.jpeg 100w\" sizes=\"auto, (max-width: 940px) 100vw, 940px\" \/><\/a><\/figure><\/li><\/ul><\/figure>\n","protected":false},"excerpt":{"rendered":"<p>Aprender \u00e9 tamb\u00e9m ser capaz de imaginar e fantasiar.<\/p>\n","protected":false},"author":1,"featured_media":29955,"comment_status":"closed","ping_status":"open","sticky":false,"template":"","format":"standard","meta":{"footnotes":""},"categories":[5],"tags":[],"class_list":["post-29950","post","type-post","status-publish","format-standard","has-post-thumbnail","hentry","category-noticias"],"yoast_head":"<!-- This site is optimized with the Yoast SEO plugin v27.5 - https:\/\/yoast.com\/product\/yoast-seo-wordpress\/ -->\n<title>A Raiz tamb\u00e9m festejou o Halloween! - Raiz<\/title>\n<meta name=\"robots\" content=\"index, follow, max-snippet:-1, max-image-preview:large, max-video-preview:-1\" \/>\n<link rel=\"canonical\" href=\"https:\/\/escolaraiz.pt\/pt\/noticias\/estamos-de-volta-2-2-2-2-2-2\/\" \/>\n<meta name=\"twitter:card\" content=\"summary_large_image\" \/>\n<meta name=\"twitter:title\" content=\"A Raiz tamb\u00e9m festejou o Halloween! - Raiz\" \/>\n<meta name=\"twitter:description\" content=\"Aprender \u00e9 tamb\u00e9m ser capaz de imaginar e fantasiar.\" \/>\n<meta name=\"twitter:image\" content=\"https:\/\/escolaraiz.pt\/pt\/wp-content\/uploads\/2021\/12\/253401639_323481749626784_1667046208852330641_n.jpeg\" \/>\n<meta name=\"twitter:label1\" content=\"Escrito por\" \/>\n\t<meta name=\"twitter:data1\" content=\"admin\" \/>\n<script type=\"application\/ld+json\" class=\"yoast-schema-graph\">{\"@context\":\"https:\\\/\\\/schema.org\",\"@graph\":[{\"@type\":\"Article\",\"@id\":\"https:\\\/\\\/escolaraiz.pt\\\/pt\\\/noticias\\\/estamos-de-volta-2-2-2-2-2-2\\\/#article\",\"isPartOf\":{\"@id\":\"https:\\\/\\\/escolaraiz.pt\\\/pt\\\/noticias\\\/estamos-de-volta-2-2-2-2-2-2\\\/\"},\"author\":{\"name\":\"admin\",\"@id\":\"https:\\\/\\\/escolaraiz.pt\\\/pt\\\/#\\\/schema\\\/person\\\/b730db7f2876087a398bcca824252c02\"},\"headline\":\"A Raiz tamb\u00e9m festejou o Halloween!\",\"datePublished\":\"2021-11-06T19:48:34+00:00\",\"dateModified\":\"2022-04-19T10:05:15+00:00\",\"mainEntityOfPage\":{\"@id\":\"https:\\\/\\\/escolaraiz.pt\\\/pt\\\/noticias\\\/estamos-de-volta-2-2-2-2-2-2\\\/\"},\"wordCount\":79,\"image\":{\"@id\":\"https:\\\/\\\/escolaraiz.pt\\\/pt\\\/noticias\\\/estamos-de-volta-2-2-2-2-2-2\\\/#primaryimage\"},\"thumbnailUrl\":\"https:\\\/\\\/escolaraiz.pt\\\/pt\\\/wp-content\\\/uploads\\\/2021\\\/12\\\/253401639_323481749626784_1667046208852330641_n.jpeg\",\"articleSection\":[\"Noticias\"],\"inLanguage\":\"pt-PT\"},{\"@type\":\"WebPage\",\"@id\":\"https:\\\/\\\/escolaraiz.pt\\\/pt\\\/noticias\\\/estamos-de-volta-2-2-2-2-2-2\\\/\",\"url\":\"https:\\\/\\\/escolaraiz.pt\\\/pt\\\/noticias\\\/estamos-de-volta-2-2-2-2-2-2\\\/\",\"name\":\"A Raiz tamb\u00e9m festejou o Halloween! - Raiz\",\"isPartOf\":{\"@id\":\"https:\\\/\\\/escolaraiz.pt\\\/pt\\\/#website\"},\"primaryImageOfPage\":{\"@id\":\"https:\\\/\\\/escolaraiz.pt\\\/pt\\\/noticias\\\/estamos-de-volta-2-2-2-2-2-2\\\/#primaryimage\"},\"image\":{\"@id\":\"https:\\\/\\\/escolaraiz.pt\\\/pt\\\/noticias\\\/estamos-de-volta-2-2-2-2-2-2\\\/#primaryimage\"},\"thumbnailUrl\":\"https:\\\/\\\/escolaraiz.pt\\\/pt\\\/wp-content\\\/uploads\\\/2021\\\/12\\\/253401639_323481749626784_1667046208852330641_n.jpeg\",\"datePublished\":\"2021-11-06T19:48:34+00:00\",\"dateModified\":\"2022-04-19T10:05:15+00:00\",\"author\":{\"@id\":\"https:\\\/\\\/escolaraiz.pt\\\/pt\\\/#\\\/schema\\\/person\\\/b730db7f2876087a398bcca824252c02\"},\"breadcrumb\":{\"@id\":\"https:\\\/\\\/escolaraiz.pt\\\/pt\\\/noticias\\\/estamos-de-volta-2-2-2-2-2-2\\\/#breadcrumb\"},\"inLanguage\":\"pt-PT\",\"potentialAction\":[{\"@type\":\"ReadAction\",\"target\":[\"https:\\\/\\\/escolaraiz.pt\\\/pt\\\/noticias\\\/estamos-de-volta-2-2-2-2-2-2\\\/\"]}]},{\"@type\":\"ImageObject\",\"inLanguage\":\"pt-PT\",\"@id\":\"https:\\\/\\\/escolaraiz.pt\\\/pt\\\/noticias\\\/estamos-de-volta-2-2-2-2-2-2\\\/#primaryimage\",\"url\":\"https:\\\/\\\/escolaraiz.pt\\\/pt\\\/wp-content\\\/uploads\\\/2021\\\/12\\\/253401639_323481749626784_1667046208852330641_n.jpeg\",\"contentUrl\":\"https:\\\/\\\/escolaraiz.pt\\\/pt\\\/wp-content\\\/uploads\\\/2021\\\/12\\\/253401639_323481749626784_1667046208852330641_n.jpeg\",\"width\":1440,\"height\":1800},{\"@type\":\"BreadcrumbList\",\"@id\":\"https:\\\/\\\/escolaraiz.pt\\\/pt\\\/noticias\\\/estamos-de-volta-2-2-2-2-2-2\\\/#breadcrumb\",\"itemListElement\":[{\"@type\":\"ListItem\",\"position\":1,\"name\":\"In\u00edcio\",\"item\":\"https:\\\/\\\/escolaraiz.pt\\\/pt\\\/\"},{\"@type\":\"ListItem\",\"position\":2,\"name\":\"A Raiz tamb\u00e9m festejou o Halloween!\"}]},{\"@type\":\"WebSite\",\"@id\":\"https:\\\/\\\/escolaraiz.pt\\\/pt\\\/#website\",\"url\":\"https:\\\/\\\/escolaraiz.pt\\\/pt\\\/\",\"name\":\"Raiz\",\"description\":\"Active Learning School\",\"potentialAction\":[{\"@type\":\"SearchAction\",\"target\":{\"@type\":\"EntryPoint\",\"urlTemplate\":\"https:\\\/\\\/escolaraiz.pt\\\/pt\\\/?s={search_term_string}\"},\"query-input\":{\"@type\":\"PropertyValueSpecification\",\"valueRequired\":true,\"valueName\":\"search_term_string\"}}],\"inLanguage\":\"pt-PT\"},{\"@type\":\"Person\",\"@id\":\"https:\\\/\\\/escolaraiz.pt\\\/pt\\\/#\\\/schema\\\/person\\\/b730db7f2876087a398bcca824252c02\",\"name\":\"admin\"}]}<\/script>\n<!-- \/ Yoast SEO plugin. -->","yoast_head_json":{"title":"A Raiz tamb\u00e9m festejou o Halloween! - Raiz","robots":{"index":"index","follow":"follow","max-snippet":"max-snippet:-1","max-image-preview":"max-image-preview:large","max-video-preview":"max-video-preview:-1"},"canonical":"https:\/\/escolaraiz.pt\/pt\/noticias\/estamos-de-volta-2-2-2-2-2-2\/","twitter_card":"summary_large_image","twitter_title":"A Raiz tamb\u00e9m festejou o Halloween! - Raiz","twitter_description":"Aprender \u00e9 tamb\u00e9m ser capaz de imaginar e fantasiar.","twitter_image":"https:\/\/escolaraiz.pt\/pt\/wp-content\/uploads\/2021\/12\/253401639_323481749626784_1667046208852330641_n.jpeg","twitter_misc":{"Escrito por":"admin"},"schema":{"@context":"https:\/\/schema.org","@graph":[{"@type":"Article","@id":"https:\/\/escolaraiz.pt\/pt\/noticias\/estamos-de-volta-2-2-2-2-2-2\/#article","isPartOf":{"@id":"https:\/\/escolaraiz.pt\/pt\/noticias\/estamos-de-volta-2-2-2-2-2-2\/"},"author":{"name":"admin","@id":"https:\/\/escolaraiz.pt\/pt\/#\/schema\/person\/b730db7f2876087a398bcca824252c02"},"headline":"A Raiz tamb\u00e9m festejou o Halloween!","datePublished":"2021-11-06T19:48:34+00:00","dateModified":"2022-04-19T10:05:15+00:00","mainEntityOfPage":{"@id":"https:\/\/escolaraiz.pt\/pt\/noticias\/estamos-de-volta-2-2-2-2-2-2\/"},"wordCount":79,"image":{"@id":"https:\/\/escolaraiz.pt\/pt\/noticias\/estamos-de-volta-2-2-2-2-2-2\/#primaryimage"},"thumbnailUrl":"https:\/\/escolaraiz.pt\/pt\/wp-content\/uploads\/2021\/12\/253401639_323481749626784_1667046208852330641_n.jpeg","articleSection":["Noticias"],"inLanguage":"pt-PT"},{"@type":"WebPage","@id":"https:\/\/escolaraiz.pt\/pt\/noticias\/estamos-de-volta-2-2-2-2-2-2\/","url":"https:\/\/escolaraiz.pt\/pt\/noticias\/estamos-de-volta-2-2-2-2-2-2\/","name":"A Raiz tamb\u00e9m festejou o Halloween! - Raiz","isPartOf":{"@id":"https:\/\/escolaraiz.pt\/pt\/#website"},"primaryImageOfPage":{"@id":"https:\/\/escolaraiz.pt\/pt\/noticias\/estamos-de-volta-2-2-2-2-2-2\/#primaryimage"},"image":{"@id":"https:\/\/escolaraiz.pt\/pt\/noticias\/estamos-de-volta-2-2-2-2-2-2\/#primaryimage"},"thumbnailUrl":"https:\/\/escolaraiz.pt\/pt\/wp-content\/uploads\/2021\/12\/253401639_323481749626784_1667046208852330641_n.jpeg","datePublished":"2021-11-06T19:48:34+00:00","dateModified":"2022-04-19T10:05:15+00:00","author":{"@id":"https:\/\/escolaraiz.pt\/pt\/#\/schema\/person\/b730db7f2876087a398bcca824252c02"},"breadcrumb":{"@id":"https:\/\/escolaraiz.pt\/pt\/noticias\/estamos-de-volta-2-2-2-2-2-2\/#breadcrumb"},"inLanguage":"pt-PT","potentialAction":[{"@type":"ReadAction","target":["https:\/\/escolaraiz.pt\/pt\/noticias\/estamos-de-volta-2-2-2-2-2-2\/"]}]},{"@type":"ImageObject","inLanguage":"pt-PT","@id":"https:\/\/escolaraiz.pt\/pt\/noticias\/estamos-de-volta-2-2-2-2-2-2\/#primaryimage","url":"https:\/\/escolaraiz.pt\/pt\/wp-content\/uploads\/2021\/12\/253401639_323481749626784_1667046208852330641_n.jpeg","contentUrl":"https:\/\/escolaraiz.pt\/pt\/wp-content\/uploads\/2021\/12\/253401639_323481749626784_1667046208852330641_n.jpeg","width":1440,"height":1800},{"@type":"BreadcrumbList","@id":"https:\/\/escolaraiz.pt\/pt\/noticias\/estamos-de-volta-2-2-2-2-2-2\/#breadcrumb","itemListElement":[{"@type":"ListItem","position":1,"name":"In\u00edcio","item":"https:\/\/escolaraiz.pt\/pt\/"},{"@type":"ListItem","position":2,"name":"A Raiz tamb\u00e9m festejou o Halloween!"}]},{"@type":"WebSite","@id":"https:\/\/escolaraiz.pt\/pt\/#website","url":"https:\/\/escolaraiz.pt\/pt\/","name":"Raiz","description":"Active Learning School","potentialAction":[{"@type":"SearchAction","target":{"@type":"EntryPoint","urlTemplate":"https:\/\/escolaraiz.pt\/pt\/?s={search_term_string}"},"query-input":{"@type":"PropertyValueSpecification","valueRequired":true,"valueName":"search_term_string"}}],"inLanguage":"pt-PT"},{"@type":"Person","@id":"https:\/\/escolaraiz.pt\/pt\/#\/schema\/person\/b730db7f2876087a398bcca824252c02","name":"admin"}]}},"_links":{"self":[{"href":"https:\/\/escolaraiz.pt\/pt\/wp-json\/wp\/v2\/posts\/29950","targetHints":{"allow":["GET"]}}],"collection":[{"href":"https:\/\/escolaraiz.pt\/pt\/wp-json\/wp\/v2\/posts"}],"about":[{"href":"https:\/\/escolaraiz.pt\/pt\/wp-json\/wp\/v2\/types\/post"}],"author":[{"embeddable":true,"href":"https:\/\/escolaraiz.pt\/pt\/wp-json\/wp\/v2\/users\/1"}],"replies":[{"embeddable":true,"href":"https:\/\/escolaraiz.pt\/pt\/wp-json\/wp\/v2\/comments?post=29950"}],"version-history":[{"count":1,"href":"https:\/\/escolaraiz.pt\/pt\/wp-json\/wp\/v2\/posts\/29950\/revisions"}],"predecessor-version":[{"id":29957,"href":"https:\/\/escolaraiz.pt\/pt\/wp-json\/wp\/v2\/posts\/29950\/revisions\/29957"}],"wp:featuredmedia":[{"embeddable":true,"href":"https:\/\/escolaraiz.pt\/pt\/wp-json\/wp\/v2\/media\/29955"}],"wp:attachment":[{"href":"https:\/\/escolaraiz.pt\/pt\/wp-json\/wp\/v2\/media?parent=29950"}],"wp:term":[{"taxonomy":"category","embeddable":true,"href":"https:\/\/escolaraiz.pt\/pt\/wp-json\/wp\/v2\/categories?post=29950"},{"taxonomy":"post_tag","embeddable":true,"href":"https:\/\/escolaraiz.pt\/pt\/wp-json\/wp\/v2\/tags?post=29950"}],"curies":[{"name":"wp","href":"https:\/\/api.w.org\/{rel}","templated":true}]}}