{"id":29835,"date":"2021-09-30T14:18:53","date_gmt":"2021-09-30T14:18:53","guid":{"rendered":"https:\/\/escolaraiz.pt\/pt\/?p=29835"},"modified":"2021-09-30T14:18:56","modified_gmt":"2021-09-30T14:18:56","slug":"estamos-de-volta-2","status":"publish","type":"post","link":"https:\/\/escolaraiz.pt\/pt\/noticias\/estamos-de-volta-2\/","title":{"rendered":"Intera\u00e7\u00e3o e aprendizagem"},"content":{"rendered":"\n<p>A intera\u00e7\u00e3o e a aprendizagem andam de bra\u00e7o dado! <\/p>\n\n\n\n<p>Um dos eixos fundamentais da Escola Raiz \u00e9 a Aprendizagem Ativa, a partir da qual o aluno se assume como protagonista, pois \u00e9 ele que constr\u00f3i o seu conhecimento, intervindo e interagindo continuamente com os temas que lhe s\u00e3o apresentados.\u00a0Este contexto, que o deixa mais descontra\u00eddo e confiante, \u00e9 o ideal para aprender.<\/p>\n\n\n\n<p>Atrav\u00e9s da aprendizagem ativa, o professor dedica-se a apoiar o aluno criando atividades pr\u00e1ticas que o levam a construir o seu conhecimento, interagindo com os materiais e os outros, colocando d\u00favidas e verbalizando as suas ideias. Com isso, consegue-se uma mais eficaz reten\u00e7\u00e3o de informa\u00e7\u00e3o e sistematiza\u00e7\u00e3o dos conte\u00fados.<\/p>\n\n\n\n<p>\u201cAprender, Fazendo\u201d, \u00e9 um dos eixos centrais de todo o funcionamento da nossa escola. Mais do que saber, a crian\u00e7a aprende a conhecer, a contextualizar, a fazer as perguntas certas e a sentir-se motivada para encontrar as respostas que procura. <\/p>\n","protected":false},"excerpt":{"rendered":"<p>A intera\u00e7\u00e3o e a aprendizagem andam de bra\u00e7o dado! <\/p>\n","protected":false},"author":1,"featured_media":28735,"comment_status":"closed","ping_status":"open","sticky":false,"template":"","format":"standard","meta":{"footnotes":""},"categories":[5],"tags":[],"class_list":["post-29835","post","type-post","status-publish","format-standard","has-post-thumbnail","hentry","category-noticias"],"yoast_head":"<!-- This site is optimized with the Yoast SEO plugin v27.5 - https:\/\/yoast.com\/product\/yoast-seo-wordpress\/ -->\n<title>Intera\u00e7\u00e3o e aprendizagem - Raiz<\/title>\n<meta name=\"robots\" content=\"index, follow, max-snippet:-1, max-image-preview:large, max-video-preview:-1\" \/>\n<link rel=\"canonical\" href=\"https:\/\/escolaraiz.pt\/pt\/noticias\/estamos-de-volta-2\/\" \/>\n<meta name=\"twitter:card\" content=\"summary_large_image\" \/>\n<meta name=\"twitter:title\" content=\"Intera\u00e7\u00e3o e aprendizagem - Raiz\" \/>\n<meta name=\"twitter:description\" content=\"A intera\u00e7\u00e3o e a aprendizagem andam de bra\u00e7o dado!\" \/>\n<meta name=\"twitter:image\" content=\"https:\/\/escolaraiz.pt\/pt\/wp-content\/uploads\/2019\/10\/raiz4.png\" \/>\n<meta name=\"twitter:label1\" content=\"Escrito por\" \/>\n\t<meta name=\"twitter:data1\" content=\"admin\" \/>\n\t<meta name=\"twitter:label2\" content=\"Tempo estimado de leitura\" \/>\n\t<meta name=\"twitter:data2\" content=\"1 minuto\" \/>\n<script type=\"application\/ld+json\" class=\"yoast-schema-graph\">{\"@context\":\"https:\\\/\\\/schema.org\",\"@graph\":[{\"@type\":\"Article\",\"@id\":\"https:\\\/\\\/escolaraiz.pt\\\/pt\\\/noticias\\\/estamos-de-volta-2\\\/#article\",\"isPartOf\":{\"@id\":\"https:\\\/\\\/escolaraiz.pt\\\/pt\\\/noticias\\\/estamos-de-volta-2\\\/\"},\"author\":{\"name\":\"admin\",\"@id\":\"https:\\\/\\\/escolaraiz.pt\\\/pt\\\/#\\\/schema\\\/person\\\/b730db7f2876087a398bcca824252c02\"},\"headline\":\"Intera\u00e7\u00e3o e aprendizagem\",\"datePublished\":\"2021-09-30T14:18:53+00:00\",\"dateModified\":\"2021-09-30T14:18:56+00:00\",\"mainEntityOfPage\":{\"@id\":\"https:\\\/\\\/escolaraiz.pt\\\/pt\\\/noticias\\\/estamos-de-volta-2\\\/\"},\"wordCount\":165,\"image\":{\"@id\":\"https:\\\/\\\/escolaraiz.pt\\\/pt\\\/noticias\\\/estamos-de-volta-2\\\/#primaryimage\"},\"thumbnailUrl\":\"https:\\\/\\\/escolaraiz.pt\\\/pt\\\/wp-content\\\/uploads\\\/2019\\\/10\\\/raiz4.png\",\"articleSection\":[\"Noticias\"],\"inLanguage\":\"pt-PT\"},{\"@type\":\"WebPage\",\"@id\":\"https:\\\/\\\/escolaraiz.pt\\\/pt\\\/noticias\\\/estamos-de-volta-2\\\/\",\"url\":\"https:\\\/\\\/escolaraiz.pt\\\/pt\\\/noticias\\\/estamos-de-volta-2\\\/\",\"name\":\"Intera\u00e7\u00e3o e aprendizagem - Raiz\",\"isPartOf\":{\"@id\":\"https:\\\/\\\/escolaraiz.pt\\\/pt\\\/#website\"},\"primaryImageOfPage\":{\"@id\":\"https:\\\/\\\/escolaraiz.pt\\\/pt\\\/noticias\\\/estamos-de-volta-2\\\/#primaryimage\"},\"image\":{\"@id\":\"https:\\\/\\\/escolaraiz.pt\\\/pt\\\/noticias\\\/estamos-de-volta-2\\\/#primaryimage\"},\"thumbnailUrl\":\"https:\\\/\\\/escolaraiz.pt\\\/pt\\\/wp-content\\\/uploads\\\/2019\\\/10\\\/raiz4.png\",\"datePublished\":\"2021-09-30T14:18:53+00:00\",\"dateModified\":\"2021-09-30T14:18:56+00:00\",\"author\":{\"@id\":\"https:\\\/\\\/escolaraiz.pt\\\/pt\\\/#\\\/schema\\\/person\\\/b730db7f2876087a398bcca824252c02\"},\"breadcrumb\":{\"@id\":\"https:\\\/\\\/escolaraiz.pt\\\/pt\\\/noticias\\\/estamos-de-volta-2\\\/#breadcrumb\"},\"inLanguage\":\"pt-PT\",\"potentialAction\":[{\"@type\":\"ReadAction\",\"target\":[\"https:\\\/\\\/escolaraiz.pt\\\/pt\\\/noticias\\\/estamos-de-volta-2\\\/\"]}]},{\"@type\":\"ImageObject\",\"inLanguage\":\"pt-PT\",\"@id\":\"https:\\\/\\\/escolaraiz.pt\\\/pt\\\/noticias\\\/estamos-de-volta-2\\\/#primaryimage\",\"url\":\"https:\\\/\\\/escolaraiz.pt\\\/pt\\\/wp-content\\\/uploads\\\/2019\\\/10\\\/raiz4.png\",\"contentUrl\":\"https:\\\/\\\/escolaraiz.pt\\\/pt\\\/wp-content\\\/uploads\\\/2019\\\/10\\\/raiz4.png\",\"width\":621,\"height\":447},{\"@type\":\"BreadcrumbList\",\"@id\":\"https:\\\/\\\/escolaraiz.pt\\\/pt\\\/noticias\\\/estamos-de-volta-2\\\/#breadcrumb\",\"itemListElement\":[{\"@type\":\"ListItem\",\"position\":1,\"name\":\"In\u00edcio\",\"item\":\"https:\\\/\\\/escolaraiz.pt\\\/pt\\\/\"},{\"@type\":\"ListItem\",\"position\":2,\"name\":\"Intera\u00e7\u00e3o e aprendizagem\"}]},{\"@type\":\"WebSite\",\"@id\":\"https:\\\/\\\/escolaraiz.pt\\\/pt\\\/#website\",\"url\":\"https:\\\/\\\/escolaraiz.pt\\\/pt\\\/\",\"name\":\"Raiz\",\"description\":\"Active Learning School\",\"potentialAction\":[{\"@type\":\"SearchAction\",\"target\":{\"@type\":\"EntryPoint\",\"urlTemplate\":\"https:\\\/\\\/escolaraiz.pt\\\/pt\\\/?s={search_term_string}\"},\"query-input\":{\"@type\":\"PropertyValueSpecification\",\"valueRequired\":true,\"valueName\":\"search_term_string\"}}],\"inLanguage\":\"pt-PT\"},{\"@type\":\"Person\",\"@id\":\"https:\\\/\\\/escolaraiz.pt\\\/pt\\\/#\\\/schema\\\/person\\\/b730db7f2876087a398bcca824252c02\",\"name\":\"admin\"}]}<\/script>\n<!-- \/ Yoast SEO plugin. -->","yoast_head_json":{"title":"Intera\u00e7\u00e3o e aprendizagem - Raiz","robots":{"index":"index","follow":"follow","max-snippet":"max-snippet:-1","max-image-preview":"max-image-preview:large","max-video-preview":"max-video-preview:-1"},"canonical":"https:\/\/escolaraiz.pt\/pt\/noticias\/estamos-de-volta-2\/","twitter_card":"summary_large_image","twitter_title":"Intera\u00e7\u00e3o e aprendizagem - Raiz","twitter_description":"A intera\u00e7\u00e3o e a aprendizagem andam de bra\u00e7o dado!","twitter_image":"https:\/\/escolaraiz.pt\/pt\/wp-content\/uploads\/2019\/10\/raiz4.png","twitter_misc":{"Escrito por":"admin","Tempo estimado de leitura":"1 minuto"},"schema":{"@context":"https:\/\/schema.org","@graph":[{"@type":"Article","@id":"https:\/\/escolaraiz.pt\/pt\/noticias\/estamos-de-volta-2\/#article","isPartOf":{"@id":"https:\/\/escolaraiz.pt\/pt\/noticias\/estamos-de-volta-2\/"},"author":{"name":"admin","@id":"https:\/\/escolaraiz.pt\/pt\/#\/schema\/person\/b730db7f2876087a398bcca824252c02"},"headline":"Intera\u00e7\u00e3o e aprendizagem","datePublished":"2021-09-30T14:18:53+00:00","dateModified":"2021-09-30T14:18:56+00:00","mainEntityOfPage":{"@id":"https:\/\/escolaraiz.pt\/pt\/noticias\/estamos-de-volta-2\/"},"wordCount":165,"image":{"@id":"https:\/\/escolaraiz.pt\/pt\/noticias\/estamos-de-volta-2\/#primaryimage"},"thumbnailUrl":"https:\/\/escolaraiz.pt\/pt\/wp-content\/uploads\/2019\/10\/raiz4.png","articleSection":["Noticias"],"inLanguage":"pt-PT"},{"@type":"WebPage","@id":"https:\/\/escolaraiz.pt\/pt\/noticias\/estamos-de-volta-2\/","url":"https:\/\/escolaraiz.pt\/pt\/noticias\/estamos-de-volta-2\/","name":"Intera\u00e7\u00e3o e aprendizagem - Raiz","isPartOf":{"@id":"https:\/\/escolaraiz.pt\/pt\/#website"},"primaryImageOfPage":{"@id":"https:\/\/escolaraiz.pt\/pt\/noticias\/estamos-de-volta-2\/#primaryimage"},"image":{"@id":"https:\/\/escolaraiz.pt\/pt\/noticias\/estamos-de-volta-2\/#primaryimage"},"thumbnailUrl":"https:\/\/escolaraiz.pt\/pt\/wp-content\/uploads\/2019\/10\/raiz4.png","datePublished":"2021-09-30T14:18:53+00:00","dateModified":"2021-09-30T14:18:56+00:00","author":{"@id":"https:\/\/escolaraiz.pt\/pt\/#\/schema\/person\/b730db7f2876087a398bcca824252c02"},"breadcrumb":{"@id":"https:\/\/escolaraiz.pt\/pt\/noticias\/estamos-de-volta-2\/#breadcrumb"},"inLanguage":"pt-PT","potentialAction":[{"@type":"ReadAction","target":["https:\/\/escolaraiz.pt\/pt\/noticias\/estamos-de-volta-2\/"]}]},{"@type":"ImageObject","inLanguage":"pt-PT","@id":"https:\/\/escolaraiz.pt\/pt\/noticias\/estamos-de-volta-2\/#primaryimage","url":"https:\/\/escolaraiz.pt\/pt\/wp-content\/uploads\/2019\/10\/raiz4.png","contentUrl":"https:\/\/escolaraiz.pt\/pt\/wp-content\/uploads\/2019\/10\/raiz4.png","width":621,"height":447},{"@type":"BreadcrumbList","@id":"https:\/\/escolaraiz.pt\/pt\/noticias\/estamos-de-volta-2\/#breadcrumb","itemListElement":[{"@type":"ListItem","position":1,"name":"In\u00edcio","item":"https:\/\/escolaraiz.pt\/pt\/"},{"@type":"ListItem","position":2,"name":"Intera\u00e7\u00e3o e aprendizagem"}]},{"@type":"WebSite","@id":"https:\/\/escolaraiz.pt\/pt\/#website","url":"https:\/\/escolaraiz.pt\/pt\/","name":"Raiz","description":"Active Learning School","potentialAction":[{"@type":"SearchAction","target":{"@type":"EntryPoint","urlTemplate":"https:\/\/escolaraiz.pt\/pt\/?s={search_term_string}"},"query-input":{"@type":"PropertyValueSpecification","valueRequired":true,"valueName":"search_term_string"}}],"inLanguage":"pt-PT"},{"@type":"Person","@id":"https:\/\/escolaraiz.pt\/pt\/#\/schema\/person\/b730db7f2876087a398bcca824252c02","name":"admin"}]}},"_links":{"self":[{"href":"https:\/\/escolaraiz.pt\/pt\/wp-json\/wp\/v2\/posts\/29835","targetHints":{"allow":["GET"]}}],"collection":[{"href":"https:\/\/escolaraiz.pt\/pt\/wp-json\/wp\/v2\/posts"}],"about":[{"href":"https:\/\/escolaraiz.pt\/pt\/wp-json\/wp\/v2\/types\/post"}],"author":[{"embeddable":true,"href":"https:\/\/escolaraiz.pt\/pt\/wp-json\/wp\/v2\/users\/1"}],"replies":[{"embeddable":true,"href":"https:\/\/escolaraiz.pt\/pt\/wp-json\/wp\/v2\/comments?post=29835"}],"version-history":[{"count":1,"href":"https:\/\/escolaraiz.pt\/pt\/wp-json\/wp\/v2\/posts\/29835\/revisions"}],"predecessor-version":[{"id":29836,"href":"https:\/\/escolaraiz.pt\/pt\/wp-json\/wp\/v2\/posts\/29835\/revisions\/29836"}],"wp:featuredmedia":[{"embeddable":true,"href":"https:\/\/escolaraiz.pt\/pt\/wp-json\/wp\/v2\/media\/28735"}],"wp:attachment":[{"href":"https:\/\/escolaraiz.pt\/pt\/wp-json\/wp\/v2\/media?parent=29835"}],"wp:term":[{"taxonomy":"category","embeddable":true,"href":"https:\/\/escolaraiz.pt\/pt\/wp-json\/wp\/v2\/categories?post=29835"},{"taxonomy":"post_tag","embeddable":true,"href":"https:\/\/escolaraiz.pt\/pt\/wp-json\/wp\/v2\/tags?post=29835"}],"curies":[{"name":"wp","href":"https:\/\/api.w.org\/{rel}","templated":true}]}}