{"id":29826,"date":"2021-09-15T12:09:29","date_gmt":"2021-09-15T12:09:29","guid":{"rendered":"https:\/\/escolaraiz.pt\/pt\/?p=29826"},"modified":"2021-09-15T12:09:32","modified_gmt":"2021-09-15T12:09:32","slug":"estamos-de-volta","status":"publish","type":"post","link":"https:\/\/escolaraiz.pt\/pt\/noticias\/estamos-de-volta\/","title":{"rendered":"Estamos de volta!"},"content":{"rendered":"\n<p>A Escola Raiz j\u00e1 come\u00e7ou as aulas do ano letivo 2021\/2022. O 2\u00ba ano, no primeiro dia de aulas, tentou perceber o que era um &#8220;bom professor&#8221; e um &#8220;bom aluno&#8221; e chegaram \u00e0 conclus\u00e3o que pouco tem a ver com &#8220;notas&#8221;. Na primeira semana de aulas, o 5\u00ba ano explorou as diferentes formas de representar a Terra.<\/p>\n\n\n\n<p><\/p>\n\n\n\n<p>J\u00e1 as manh\u00e3s voltaram a ser animadas, tanto para os nossos alunos como para os nossos educadores que os recebem no port\u00e3o da escola. As escolhas fazem parte do dia da crian\u00e7a e come\u00e7am ainda do lado de fora da escola. Cada uma escolhe na mesa da sua ilha, o que quer levar para a sala e os pais envolvem-se tamb\u00e9m nesse momento. Os materiais encantam as crian\u00e7as e ajudam-nas na adapta\u00e7\u00e3o. Cada crian\u00e7a tem o seu ritmo de escolha e c\u00e1 estamos para o respeitar.<\/p>\n\n\n\n<p><\/p>\n\n\n\n<figure class=\"wp-block-gallery columns-3 wp-block-gallery-1 is-layout-flex wp-block-gallery-is-layout-flex\"><ul class=\"blocks-gallery-grid\"><li class=\"blocks-gallery-item\"><figure><a href=\"https:\/\/escolaraiz.pt\/pt\/wp-content\/uploads\/2021\/09\/240880983_287250813249878_454870344644316030_n.jpg\"><img loading=\"lazy\" decoding=\"async\" width=\"1536\" height=\"1920\" src=\"https:\/\/escolaraiz.pt\/pt\/wp-content\/uploads\/2021\/09\/240880983_287250813249878_454870344644316030_n.jpg\" alt=\"\" data-id=\"29827\" data-full-url=\"https:\/\/escolaraiz.pt\/pt\/wp-content\/uploads\/2021\/09\/240880983_287250813249878_454870344644316030_n.jpg\" data-link=\"https:\/\/escolaraiz.pt\/pt\/?attachment_id=29827\" class=\"wp-image-29827\" srcset=\"https:\/\/escolaraiz.pt\/pt\/wp-content\/uploads\/2021\/09\/240880983_287250813249878_454870344644316030_n.jpg 1536w, https:\/\/escolaraiz.pt\/pt\/wp-content\/uploads\/2021\/09\/240880983_287250813249878_454870344644316030_n-240x300.jpg 240w, https:\/\/escolaraiz.pt\/pt\/wp-content\/uploads\/2021\/09\/240880983_287250813249878_454870344644316030_n-819x1024.jpg 819w, https:\/\/escolaraiz.pt\/pt\/wp-content\/uploads\/2021\/09\/240880983_287250813249878_454870344644316030_n-768x960.jpg 768w, https:\/\/escolaraiz.pt\/pt\/wp-content\/uploads\/2021\/09\/240880983_287250813249878_454870344644316030_n-1229x1536.jpg 1229w, https:\/\/escolaraiz.pt\/pt\/wp-content\/uploads\/2021\/09\/240880983_287250813249878_454870344644316030_n-500x625.jpg 500w, https:\/\/escolaraiz.pt\/pt\/wp-content\/uploads\/2021\/09\/240880983_287250813249878_454870344644316030_n-600x750.jpg 600w\" sizes=\"auto, (max-width: 1536px) 100vw, 1536px\" \/><\/a><\/figure><\/li><li class=\"blocks-gallery-item\"><figure><a href=\"https:\/\/escolaraiz.pt\/pt\/wp-content\/uploads\/2021\/09\/241153297_287250816583211_489800509294555827_n.jpg\"><img loading=\"lazy\" decoding=\"async\" width=\"1229\" height=\"1536\" src=\"https:\/\/escolaraiz.pt\/pt\/wp-content\/uploads\/2021\/09\/241153297_287250816583211_489800509294555827_n.jpg\" alt=\"\" data-id=\"29828\" data-full-url=\"https:\/\/escolaraiz.pt\/pt\/wp-content\/uploads\/2021\/09\/241153297_287250816583211_489800509294555827_n.jpg\" data-link=\"https:\/\/escolaraiz.pt\/pt\/?attachment_id=29828\" class=\"wp-image-29828\" srcset=\"https:\/\/escolaraiz.pt\/pt\/wp-content\/uploads\/2021\/09\/241153297_287250816583211_489800509294555827_n.jpg 1229w, https:\/\/escolaraiz.pt\/pt\/wp-content\/uploads\/2021\/09\/241153297_287250816583211_489800509294555827_n-240x300.jpg 240w, https:\/\/escolaraiz.pt\/pt\/wp-content\/uploads\/2021\/09\/241153297_287250816583211_489800509294555827_n-819x1024.jpg 819w, https:\/\/escolaraiz.pt\/pt\/wp-content\/uploads\/2021\/09\/241153297_287250816583211_489800509294555827_n-768x960.jpg 768w, https:\/\/escolaraiz.pt\/pt\/wp-content\/uploads\/2021\/09\/241153297_287250816583211_489800509294555827_n-500x625.jpg 500w, https:\/\/escolaraiz.pt\/pt\/wp-content\/uploads\/2021\/09\/241153297_287250816583211_489800509294555827_n-600x750.jpg 600w\" sizes=\"auto, (max-width: 1229px) 100vw, 1229px\" \/><\/a><\/figure><\/li><li class=\"blocks-gallery-item\"><figure><a href=\"https:\/\/escolaraiz.pt\/pt\/wp-content\/uploads\/2021\/09\/241410063_287250809916545_4505922862291854001_n.jpg\"><img loading=\"lazy\" decoding=\"async\" width=\"1536\" height=\"1920\" src=\"https:\/\/escolaraiz.pt\/pt\/wp-content\/uploads\/2021\/09\/241410063_287250809916545_4505922862291854001_n.jpg\" alt=\"\" data-id=\"29829\" data-full-url=\"https:\/\/escolaraiz.pt\/pt\/wp-content\/uploads\/2021\/09\/241410063_287250809916545_4505922862291854001_n.jpg\" data-link=\"https:\/\/escolaraiz.pt\/pt\/?attachment_id=29829\" class=\"wp-image-29829\" srcset=\"https:\/\/escolaraiz.pt\/pt\/wp-content\/uploads\/2021\/09\/241410063_287250809916545_4505922862291854001_n.jpg 1536w, https:\/\/escolaraiz.pt\/pt\/wp-content\/uploads\/2021\/09\/241410063_287250809916545_4505922862291854001_n-240x300.jpg 240w, https:\/\/escolaraiz.pt\/pt\/wp-content\/uploads\/2021\/09\/241410063_287250809916545_4505922862291854001_n-819x1024.jpg 819w, https:\/\/escolaraiz.pt\/pt\/wp-content\/uploads\/2021\/09\/241410063_287250809916545_4505922862291854001_n-768x960.jpg 768w, https:\/\/escolaraiz.pt\/pt\/wp-content\/uploads\/2021\/09\/241410063_287250809916545_4505922862291854001_n-1229x1536.jpg 1229w, https:\/\/escolaraiz.pt\/pt\/wp-content\/uploads\/2021\/09\/241410063_287250809916545_4505922862291854001_n-500x625.jpg 500w, https:\/\/escolaraiz.pt\/pt\/wp-content\/uploads\/2021\/09\/241410063_287250809916545_4505922862291854001_n-600x750.jpg 600w\" sizes=\"auto, (max-width: 1536px) 100vw, 1536px\" \/><\/a><\/figure><\/li><li class=\"blocks-gallery-item\"><figure><a href=\"https:\/\/escolaraiz.pt\/pt\/wp-content\/uploads\/2021\/09\/241791554_285644716743821_4830572500685414607_n.jpg\"><img loading=\"lazy\" decoding=\"async\" width=\"1536\" height=\"1920\" src=\"https:\/\/escolaraiz.pt\/pt\/wp-content\/uploads\/2021\/09\/241791554_285644716743821_4830572500685414607_n.jpg\" alt=\"\" data-id=\"29830\" data-full-url=\"https:\/\/escolaraiz.pt\/pt\/wp-content\/uploads\/2021\/09\/241791554_285644716743821_4830572500685414607_n.jpg\" data-link=\"https:\/\/escolaraiz.pt\/pt\/?attachment_id=29830\" class=\"wp-image-29830\" srcset=\"https:\/\/escolaraiz.pt\/pt\/wp-content\/uploads\/2021\/09\/241791554_285644716743821_4830572500685414607_n.jpg 1536w, https:\/\/escolaraiz.pt\/pt\/wp-content\/uploads\/2021\/09\/241791554_285644716743821_4830572500685414607_n-240x300.jpg 240w, https:\/\/escolaraiz.pt\/pt\/wp-content\/uploads\/2021\/09\/241791554_285644716743821_4830572500685414607_n-819x1024.jpg 819w, https:\/\/escolaraiz.pt\/pt\/wp-content\/uploads\/2021\/09\/241791554_285644716743821_4830572500685414607_n-768x960.jpg 768w, https:\/\/escolaraiz.pt\/pt\/wp-content\/uploads\/2021\/09\/241791554_285644716743821_4830572500685414607_n-1229x1536.jpg 1229w, https:\/\/escolaraiz.pt\/pt\/wp-content\/uploads\/2021\/09\/241791554_285644716743821_4830572500685414607_n-500x625.jpg 500w, https:\/\/escolaraiz.pt\/pt\/wp-content\/uploads\/2021\/09\/241791554_285644716743821_4830572500685414607_n-600x750.jpg 600w\" sizes=\"auto, (max-width: 1536px) 100vw, 1536px\" \/><\/a><\/figure><\/li><li class=\"blocks-gallery-item\"><figure><a href=\"https:\/\/escolaraiz.pt\/pt\/wp-content\/uploads\/2021\/09\/241820282_286350710006555_8489123010851133037_n.jpg\"><img loading=\"lazy\" decoding=\"async\" width=\"694\" height=\"694\" src=\"https:\/\/escolaraiz.pt\/pt\/wp-content\/uploads\/2021\/09\/241820282_286350710006555_8489123010851133037_n.jpg\" alt=\"\" data-id=\"29831\" data-full-url=\"https:\/\/escolaraiz.pt\/pt\/wp-content\/uploads\/2021\/09\/241820282_286350710006555_8489123010851133037_n.jpg\" data-link=\"https:\/\/escolaraiz.pt\/pt\/?attachment_id=29831\" class=\"wp-image-29831\" srcset=\"https:\/\/escolaraiz.pt\/pt\/wp-content\/uploads\/2021\/09\/241820282_286350710006555_8489123010851133037_n.jpg 694w, https:\/\/escolaraiz.pt\/pt\/wp-content\/uploads\/2021\/09\/241820282_286350710006555_8489123010851133037_n-300x300.jpg 300w, https:\/\/escolaraiz.pt\/pt\/wp-content\/uploads\/2021\/09\/241820282_286350710006555_8489123010851133037_n-150x150.jpg 150w, https:\/\/escolaraiz.pt\/pt\/wp-content\/uploads\/2021\/09\/241820282_286350710006555_8489123010851133037_n-500x500.jpg 500w, https:\/\/escolaraiz.pt\/pt\/wp-content\/uploads\/2021\/09\/241820282_286350710006555_8489123010851133037_n-600x600.jpg 600w, https:\/\/escolaraiz.pt\/pt\/wp-content\/uploads\/2021\/09\/241820282_286350710006555_8489123010851133037_n-100x100.jpg 100w\" sizes=\"auto, (max-width: 694px) 100vw, 694px\" \/><\/a><\/figure><\/li><\/ul><\/figure>\n","protected":false},"excerpt":{"rendered":"<p>A Escola Raiz j\u00e1 come\u00e7ou as aulas do ano letivo 2021\/2022. <\/p>\n","protected":false},"author":1,"featured_media":29831,"comment_status":"closed","ping_status":"open","sticky":false,"template":"","format":"standard","meta":{"footnotes":""},"categories":[5],"tags":[],"class_list":["post-29826","post","type-post","status-publish","format-standard","has-post-thumbnail","hentry","category-noticias"],"yoast_head":"<!-- This site is optimized with the Yoast SEO plugin v27.5 - https:\/\/yoast.com\/product\/yoast-seo-wordpress\/ -->\n<title>Estamos de volta! - Raiz<\/title>\n<meta name=\"robots\" content=\"index, follow, max-snippet:-1, max-image-preview:large, max-video-preview:-1\" \/>\n<link rel=\"canonical\" href=\"https:\/\/escolaraiz.pt\/pt\/noticias\/estamos-de-volta\/\" \/>\n<meta name=\"twitter:card\" content=\"summary_large_image\" \/>\n<meta name=\"twitter:title\" content=\"Estamos de volta! - Raiz\" \/>\n<meta name=\"twitter:description\" content=\"A Escola Raiz j\u00e1 come\u00e7ou as aulas do ano letivo 2021\/2022.\" \/>\n<meta name=\"twitter:image\" content=\"https:\/\/escolaraiz.pt\/pt\/wp-content\/uploads\/2021\/09\/241820282_286350710006555_8489123010851133037_n.jpg\" \/>\n<meta name=\"twitter:label1\" content=\"Escrito por\" \/>\n\t<meta name=\"twitter:data1\" content=\"admin\" \/>\n\t<meta name=\"twitter:label2\" content=\"Tempo estimado de leitura\" \/>\n\t<meta name=\"twitter:data2\" content=\"1 minuto\" \/>\n<script type=\"application\/ld+json\" class=\"yoast-schema-graph\">{\"@context\":\"https:\\\/\\\/schema.org\",\"@graph\":[{\"@type\":\"Article\",\"@id\":\"https:\\\/\\\/escolaraiz.pt\\\/pt\\\/noticias\\\/estamos-de-volta\\\/#article\",\"isPartOf\":{\"@id\":\"https:\\\/\\\/escolaraiz.pt\\\/pt\\\/noticias\\\/estamos-de-volta\\\/\"},\"author\":{\"name\":\"admin\",\"@id\":\"https:\\\/\\\/escolaraiz.pt\\\/pt\\\/#\\\/schema\\\/person\\\/b730db7f2876087a398bcca824252c02\"},\"headline\":\"Estamos de volta!\",\"datePublished\":\"2021-09-15T12:09:29+00:00\",\"dateModified\":\"2021-09-15T12:09:32+00:00\",\"mainEntityOfPage\":{\"@id\":\"https:\\\/\\\/escolaraiz.pt\\\/pt\\\/noticias\\\/estamos-de-volta\\\/\"},\"wordCount\":153,\"image\":{\"@id\":\"https:\\\/\\\/escolaraiz.pt\\\/pt\\\/noticias\\\/estamos-de-volta\\\/#primaryimage\"},\"thumbnailUrl\":\"https:\\\/\\\/escolaraiz.pt\\\/pt\\\/wp-content\\\/uploads\\\/2021\\\/09\\\/241820282_286350710006555_8489123010851133037_n.jpg\",\"articleSection\":[\"Noticias\"],\"inLanguage\":\"pt-PT\"},{\"@type\":\"WebPage\",\"@id\":\"https:\\\/\\\/escolaraiz.pt\\\/pt\\\/noticias\\\/estamos-de-volta\\\/\",\"url\":\"https:\\\/\\\/escolaraiz.pt\\\/pt\\\/noticias\\\/estamos-de-volta\\\/\",\"name\":\"Estamos de volta! - Raiz\",\"isPartOf\":{\"@id\":\"https:\\\/\\\/escolaraiz.pt\\\/pt\\\/#website\"},\"primaryImageOfPage\":{\"@id\":\"https:\\\/\\\/escolaraiz.pt\\\/pt\\\/noticias\\\/estamos-de-volta\\\/#primaryimage\"},\"image\":{\"@id\":\"https:\\\/\\\/escolaraiz.pt\\\/pt\\\/noticias\\\/estamos-de-volta\\\/#primaryimage\"},\"thumbnailUrl\":\"https:\\\/\\\/escolaraiz.pt\\\/pt\\\/wp-content\\\/uploads\\\/2021\\\/09\\\/241820282_286350710006555_8489123010851133037_n.jpg\",\"datePublished\":\"2021-09-15T12:09:29+00:00\",\"dateModified\":\"2021-09-15T12:09:32+00:00\",\"author\":{\"@id\":\"https:\\\/\\\/escolaraiz.pt\\\/pt\\\/#\\\/schema\\\/person\\\/b730db7f2876087a398bcca824252c02\"},\"breadcrumb\":{\"@id\":\"https:\\\/\\\/escolaraiz.pt\\\/pt\\\/noticias\\\/estamos-de-volta\\\/#breadcrumb\"},\"inLanguage\":\"pt-PT\",\"potentialAction\":[{\"@type\":\"ReadAction\",\"target\":[\"https:\\\/\\\/escolaraiz.pt\\\/pt\\\/noticias\\\/estamos-de-volta\\\/\"]}]},{\"@type\":\"ImageObject\",\"inLanguage\":\"pt-PT\",\"@id\":\"https:\\\/\\\/escolaraiz.pt\\\/pt\\\/noticias\\\/estamos-de-volta\\\/#primaryimage\",\"url\":\"https:\\\/\\\/escolaraiz.pt\\\/pt\\\/wp-content\\\/uploads\\\/2021\\\/09\\\/241820282_286350710006555_8489123010851133037_n.jpg\",\"contentUrl\":\"https:\\\/\\\/escolaraiz.pt\\\/pt\\\/wp-content\\\/uploads\\\/2021\\\/09\\\/241820282_286350710006555_8489123010851133037_n.jpg\",\"width\":694,\"height\":694},{\"@type\":\"BreadcrumbList\",\"@id\":\"https:\\\/\\\/escolaraiz.pt\\\/pt\\\/noticias\\\/estamos-de-volta\\\/#breadcrumb\",\"itemListElement\":[{\"@type\":\"ListItem\",\"position\":1,\"name\":\"In\u00edcio\",\"item\":\"https:\\\/\\\/escolaraiz.pt\\\/pt\\\/\"},{\"@type\":\"ListItem\",\"position\":2,\"name\":\"Estamos de volta!\"}]},{\"@type\":\"WebSite\",\"@id\":\"https:\\\/\\\/escolaraiz.pt\\\/pt\\\/#website\",\"url\":\"https:\\\/\\\/escolaraiz.pt\\\/pt\\\/\",\"name\":\"Raiz\",\"description\":\"Active Learning School\",\"potentialAction\":[{\"@type\":\"SearchAction\",\"target\":{\"@type\":\"EntryPoint\",\"urlTemplate\":\"https:\\\/\\\/escolaraiz.pt\\\/pt\\\/?s={search_term_string}\"},\"query-input\":{\"@type\":\"PropertyValueSpecification\",\"valueRequired\":true,\"valueName\":\"search_term_string\"}}],\"inLanguage\":\"pt-PT\"},{\"@type\":\"Person\",\"@id\":\"https:\\\/\\\/escolaraiz.pt\\\/pt\\\/#\\\/schema\\\/person\\\/b730db7f2876087a398bcca824252c02\",\"name\":\"admin\"}]}<\/script>\n<!-- \/ Yoast SEO plugin. -->","yoast_head_json":{"title":"Estamos de volta! - Raiz","robots":{"index":"index","follow":"follow","max-snippet":"max-snippet:-1","max-image-preview":"max-image-preview:large","max-video-preview":"max-video-preview:-1"},"canonical":"https:\/\/escolaraiz.pt\/pt\/noticias\/estamos-de-volta\/","twitter_card":"summary_large_image","twitter_title":"Estamos de volta! - Raiz","twitter_description":"A Escola Raiz j\u00e1 come\u00e7ou as aulas do ano letivo 2021\/2022.","twitter_image":"https:\/\/escolaraiz.pt\/pt\/wp-content\/uploads\/2021\/09\/241820282_286350710006555_8489123010851133037_n.jpg","twitter_misc":{"Escrito por":"admin","Tempo estimado de leitura":"1 minuto"},"schema":{"@context":"https:\/\/schema.org","@graph":[{"@type":"Article","@id":"https:\/\/escolaraiz.pt\/pt\/noticias\/estamos-de-volta\/#article","isPartOf":{"@id":"https:\/\/escolaraiz.pt\/pt\/noticias\/estamos-de-volta\/"},"author":{"name":"admin","@id":"https:\/\/escolaraiz.pt\/pt\/#\/schema\/person\/b730db7f2876087a398bcca824252c02"},"headline":"Estamos de volta!","datePublished":"2021-09-15T12:09:29+00:00","dateModified":"2021-09-15T12:09:32+00:00","mainEntityOfPage":{"@id":"https:\/\/escolaraiz.pt\/pt\/noticias\/estamos-de-volta\/"},"wordCount":153,"image":{"@id":"https:\/\/escolaraiz.pt\/pt\/noticias\/estamos-de-volta\/#primaryimage"},"thumbnailUrl":"https:\/\/escolaraiz.pt\/pt\/wp-content\/uploads\/2021\/09\/241820282_286350710006555_8489123010851133037_n.jpg","articleSection":["Noticias"],"inLanguage":"pt-PT"},{"@type":"WebPage","@id":"https:\/\/escolaraiz.pt\/pt\/noticias\/estamos-de-volta\/","url":"https:\/\/escolaraiz.pt\/pt\/noticias\/estamos-de-volta\/","name":"Estamos de volta! - Raiz","isPartOf":{"@id":"https:\/\/escolaraiz.pt\/pt\/#website"},"primaryImageOfPage":{"@id":"https:\/\/escolaraiz.pt\/pt\/noticias\/estamos-de-volta\/#primaryimage"},"image":{"@id":"https:\/\/escolaraiz.pt\/pt\/noticias\/estamos-de-volta\/#primaryimage"},"thumbnailUrl":"https:\/\/escolaraiz.pt\/pt\/wp-content\/uploads\/2021\/09\/241820282_286350710006555_8489123010851133037_n.jpg","datePublished":"2021-09-15T12:09:29+00:00","dateModified":"2021-09-15T12:09:32+00:00","author":{"@id":"https:\/\/escolaraiz.pt\/pt\/#\/schema\/person\/b730db7f2876087a398bcca824252c02"},"breadcrumb":{"@id":"https:\/\/escolaraiz.pt\/pt\/noticias\/estamos-de-volta\/#breadcrumb"},"inLanguage":"pt-PT","potentialAction":[{"@type":"ReadAction","target":["https:\/\/escolaraiz.pt\/pt\/noticias\/estamos-de-volta\/"]}]},{"@type":"ImageObject","inLanguage":"pt-PT","@id":"https:\/\/escolaraiz.pt\/pt\/noticias\/estamos-de-volta\/#primaryimage","url":"https:\/\/escolaraiz.pt\/pt\/wp-content\/uploads\/2021\/09\/241820282_286350710006555_8489123010851133037_n.jpg","contentUrl":"https:\/\/escolaraiz.pt\/pt\/wp-content\/uploads\/2021\/09\/241820282_286350710006555_8489123010851133037_n.jpg","width":694,"height":694},{"@type":"BreadcrumbList","@id":"https:\/\/escolaraiz.pt\/pt\/noticias\/estamos-de-volta\/#breadcrumb","itemListElement":[{"@type":"ListItem","position":1,"name":"In\u00edcio","item":"https:\/\/escolaraiz.pt\/pt\/"},{"@type":"ListItem","position":2,"name":"Estamos de volta!"}]},{"@type":"WebSite","@id":"https:\/\/escolaraiz.pt\/pt\/#website","url":"https:\/\/escolaraiz.pt\/pt\/","name":"Raiz","description":"Active Learning School","potentialAction":[{"@type":"SearchAction","target":{"@type":"EntryPoint","urlTemplate":"https:\/\/escolaraiz.pt\/pt\/?s={search_term_string}"},"query-input":{"@type":"PropertyValueSpecification","valueRequired":true,"valueName":"search_term_string"}}],"inLanguage":"pt-PT"},{"@type":"Person","@id":"https:\/\/escolaraiz.pt\/pt\/#\/schema\/person\/b730db7f2876087a398bcca824252c02","name":"admin"}]}},"_links":{"self":[{"href":"https:\/\/escolaraiz.pt\/pt\/wp-json\/wp\/v2\/posts\/29826","targetHints":{"allow":["GET"]}}],"collection":[{"href":"https:\/\/escolaraiz.pt\/pt\/wp-json\/wp\/v2\/posts"}],"about":[{"href":"https:\/\/escolaraiz.pt\/pt\/wp-json\/wp\/v2\/types\/post"}],"author":[{"embeddable":true,"href":"https:\/\/escolaraiz.pt\/pt\/wp-json\/wp\/v2\/users\/1"}],"replies":[{"embeddable":true,"href":"https:\/\/escolaraiz.pt\/pt\/wp-json\/wp\/v2\/comments?post=29826"}],"version-history":[{"count":1,"href":"https:\/\/escolaraiz.pt\/pt\/wp-json\/wp\/v2\/posts\/29826\/revisions"}],"predecessor-version":[{"id":29832,"href":"https:\/\/escolaraiz.pt\/pt\/wp-json\/wp\/v2\/posts\/29826\/revisions\/29832"}],"wp:featuredmedia":[{"embeddable":true,"href":"https:\/\/escolaraiz.pt\/pt\/wp-json\/wp\/v2\/media\/29831"}],"wp:attachment":[{"href":"https:\/\/escolaraiz.pt\/pt\/wp-json\/wp\/v2\/media?parent=29826"}],"wp:term":[{"taxonomy":"category","embeddable":true,"href":"https:\/\/escolaraiz.pt\/pt\/wp-json\/wp\/v2\/categories?post=29826"},{"taxonomy":"post_tag","embeddable":true,"href":"https:\/\/escolaraiz.pt\/pt\/wp-json\/wp\/v2\/tags?post=29826"}],"curies":[{"name":"wp","href":"https:\/\/api.w.org\/{rel}","templated":true}]}}