{"id":29721,"date":"2021-06-16T16:29:00","date_gmt":"2021-06-16T16:29:00","guid":{"rendered":"https:\/\/escolaraiz.pt\/pt\/?p=29721"},"modified":"2021-08-10T16:34:32","modified_gmt":"2021-08-10T16:34:32","slug":"ja-conhece-a-escola-verde","status":"publish","type":"post","link":"https:\/\/escolaraiz.pt\/pt\/noticias\/ja-conhece-a-escola-verde\/","title":{"rendered":"J\u00e1 conhece a Escola Verde?"},"content":{"rendered":"\n<p>A ideia partiu de 10 alunos da Raiz do 2\u00ba ciclo, e foi tornado realidade pela <a href=\"https:\/\/www.facebook.com\/juntafreguesiabelem\/?__cft__[0]=AZXo5BhwI1oirPhT55v5gL2HmZ7x1r61G-Jn8mGw4AssINpiV4zSE0f0_bKoPHCCWd9kaQt7SzFVs-1tIy2dNSxKhOCq6zktRR88DP0zcLop8KGCnyYha9SsGN6RQ0Ue0ywfVB54vzCSuvG0lJEo0bOd&amp;__tn__=kK-R\">Junta de Freguesia de Bel\u00e9m<\/a><img loading=\"lazy\" decoding=\"async\" height=\"16\" width=\"16\" alt=\"??\" src=\"https:\/\/static.xx.fbcdn.net\/images\/emoji.php\/v9\/tf9\/1\/16\/1f44f_1f3fb.png\"><\/p>\n\n\n\n<p>A Escola Verde \u00e9 o novo espa\u00e7o ao ar livre preparado para receber alunos e professores que querem ensinar e aprender com maior proximidade da natureza. \u00c9 uma ideia vencedora do&nbsp;<a rel=\"noreferrer noopener\" href=\"https:\/\/www.escolascomvoz.jf-belem.pt\/\" target=\"_blank\">Concurso Escolas com Voz<\/a>, de 2020, da Escola Raiz.&nbsp;<\/p>\n\n\n\n<p>Para os professores dar aulas ao ar livre \u00e9 tamb\u00e9m uma vantagem, uma vez que a aprendizagem \u00e9 diferente. A pandemia veio alterar a maneira de ver a vida e ter contacto com a natureza \u00e9 cada vez mais importante.<\/p>\n\n\n\n<p>Esta &#8220;Outdoor Classroom&#8221; est\u00e1 a ganhar forma, havendo espa\u00e7o ainda para se desenvolver e tamb\u00e9m ser replicado noutros jardins. Um local que permite qualquer escola do bairro fazer o contacto com a natureza e dar uma maior sensa\u00e7\u00e3o de liberdade aos alunos, considerando aulas em espa\u00e7os ao ar livre como este.<\/p>\n\n\n\n<p>A SIC Not\u00edcias tamb\u00e9m l\u00e1 esteve. Espreite <a href=\"https:\/\/sicnoticias.pt\/pais\/2021-06-17-Ja-conhece-a-Escola-Verde--Objetivo-e-permitir-o-contacto-com-a-natureza-9dd42d4a?fbclid=IwAR0YbTH_CMsOdbmleSAH1uNss1WLHlb3t0nSBRlNu_QwIzQvQ3Np59yNKMw\">aqui<\/a>!<\/p>\n\n\n\n<figure class=\"wp-block-gallery columns-3 is-cropped wp-block-gallery-1 is-layout-flex wp-block-gallery-is-layout-flex\"><ul class=\"blocks-gallery-grid\"><li class=\"blocks-gallery-item\"><figure><a href=\"https:\/\/escolaraiz.pt\/pt\/wp-content\/uploads\/2021\/08\/200877307_224099619564998_5643531176305338916_n.jpg\"><img loading=\"lazy\" decoding=\"async\" width=\"552\" height=\"415\" src=\"https:\/\/escolaraiz.pt\/pt\/wp-content\/uploads\/2021\/08\/200877307_224099619564998_5643531176305338916_n.jpg\" alt=\"\" data-id=\"29724\" data-full-url=\"https:\/\/escolaraiz.pt\/pt\/wp-content\/uploads\/2021\/08\/200877307_224099619564998_5643531176305338916_n.jpg\" data-link=\"https:\/\/escolaraiz.pt\/pt\/noticias\/ja-conhece-a-escola-verde\/attachment\/200877307_224099619564998_5643531176305338916_n\/\" class=\"wp-image-29724\" srcset=\"https:\/\/escolaraiz.pt\/pt\/wp-content\/uploads\/2021\/08\/200877307_224099619564998_5643531176305338916_n.jpg 552w, https:\/\/escolaraiz.pt\/pt\/wp-content\/uploads\/2021\/08\/200877307_224099619564998_5643531176305338916_n-300x226.jpg 300w, https:\/\/escolaraiz.pt\/pt\/wp-content\/uploads\/2021\/08\/200877307_224099619564998_5643531176305338916_n-500x376.jpg 500w\" sizes=\"auto, (max-width: 552px) 100vw, 552px\" \/><\/a><\/figure><\/li><li class=\"blocks-gallery-item\"><figure><a href=\"https:\/\/escolaraiz.pt\/pt\/wp-content\/uploads\/2021\/08\/201349050_224099629564997_5334149769395248726_n.jpg\"><img loading=\"lazy\" decoding=\"async\" width=\"526\" height=\"394\" src=\"https:\/\/escolaraiz.pt\/pt\/wp-content\/uploads\/2021\/08\/201349050_224099629564997_5334149769395248726_n.jpg\" alt=\"\" data-id=\"29725\" data-full-url=\"https:\/\/escolaraiz.pt\/pt\/wp-content\/uploads\/2021\/08\/201349050_224099629564997_5334149769395248726_n.jpg\" data-link=\"https:\/\/escolaraiz.pt\/pt\/noticias\/ja-conhece-a-escola-verde\/attachment\/201349050_224099629564997_5334149769395248726_n\/\" class=\"wp-image-29725\" srcset=\"https:\/\/escolaraiz.pt\/pt\/wp-content\/uploads\/2021\/08\/201349050_224099629564997_5334149769395248726_n.jpg 526w, https:\/\/escolaraiz.pt\/pt\/wp-content\/uploads\/2021\/08\/201349050_224099629564997_5334149769395248726_n-300x225.jpg 300w, https:\/\/escolaraiz.pt\/pt\/wp-content\/uploads\/2021\/08\/201349050_224099629564997_5334149769395248726_n-500x375.jpg 500w\" sizes=\"auto, (max-width: 526px) 100vw, 526px\" \/><\/a><\/figure><\/li><li class=\"blocks-gallery-item\"><figure><a href=\"https:\/\/escolaraiz.pt\/pt\/wp-content\/uploads\/2021\/08\/201417383_224099612898332_5440417016412918570_n.jpg\"><img loading=\"lazy\" decoding=\"async\" width=\"574\" height=\"431\" src=\"https:\/\/escolaraiz.pt\/pt\/wp-content\/uploads\/2021\/08\/201417383_224099612898332_5440417016412918570_n.jpg\" alt=\"\" data-id=\"29726\" data-full-url=\"https:\/\/escolaraiz.pt\/pt\/wp-content\/uploads\/2021\/08\/201417383_224099612898332_5440417016412918570_n.jpg\" data-link=\"https:\/\/escolaraiz.pt\/pt\/noticias\/ja-conhece-a-escola-verde\/attachment\/201417383_224099612898332_5440417016412918570_n\/\" class=\"wp-image-29726\" srcset=\"https:\/\/escolaraiz.pt\/pt\/wp-content\/uploads\/2021\/08\/201417383_224099612898332_5440417016412918570_n.jpg 574w, https:\/\/escolaraiz.pt\/pt\/wp-content\/uploads\/2021\/08\/201417383_224099612898332_5440417016412918570_n-300x225.jpg 300w, https:\/\/escolaraiz.pt\/pt\/wp-content\/uploads\/2021\/08\/201417383_224099612898332_5440417016412918570_n-500x375.jpg 500w\" sizes=\"auto, (max-width: 574px) 100vw, 574px\" \/><\/a><\/figure><\/li><li class=\"blocks-gallery-item\"><figure><a href=\"https:\/\/escolaraiz.pt\/pt\/wp-content\/uploads\/2021\/08\/201582604_224099742898319_3925545827995146482_n-2.jpg\"><img loading=\"lazy\" decoding=\"async\" width=\"707\" height=\"531\" src=\"https:\/\/escolaraiz.pt\/pt\/wp-content\/uploads\/2021\/08\/201582604_224099742898319_3925545827995146482_n-2.jpg\" alt=\"\" data-id=\"29727\" data-full-url=\"https:\/\/escolaraiz.pt\/pt\/wp-content\/uploads\/2021\/08\/201582604_224099742898319_3925545827995146482_n-2.jpg\" data-link=\"https:\/\/escolaraiz.pt\/pt\/noticias\/ja-conhece-a-escola-verde\/attachment\/201582604_224099742898319_3925545827995146482_n-2\/\" class=\"wp-image-29727\" srcset=\"https:\/\/escolaraiz.pt\/pt\/wp-content\/uploads\/2021\/08\/201582604_224099742898319_3925545827995146482_n-2.jpg 707w, https:\/\/escolaraiz.pt\/pt\/wp-content\/uploads\/2021\/08\/201582604_224099742898319_3925545827995146482_n-2-300x225.jpg 300w, https:\/\/escolaraiz.pt\/pt\/wp-content\/uploads\/2021\/08\/201582604_224099742898319_3925545827995146482_n-2-500x376.jpg 500w, https:\/\/escolaraiz.pt\/pt\/wp-content\/uploads\/2021\/08\/201582604_224099742898319_3925545827995146482_n-2-600x451.jpg 600w\" sizes=\"auto, (max-width: 707px) 100vw, 707px\" \/><\/a><\/figure><\/li><li class=\"blocks-gallery-item\"><figure><a href=\"https:\/\/escolaraiz.pt\/pt\/wp-content\/uploads\/2021\/08\/202316671_224099542898339_6257858394624653056_n.jpg\"><img loading=\"lazy\" decoding=\"async\" width=\"630\" height=\"473\" src=\"https:\/\/escolaraiz.pt\/pt\/wp-content\/uploads\/2021\/08\/202316671_224099542898339_6257858394624653056_n.jpg\" alt=\"\" data-id=\"29730\" data-full-url=\"https:\/\/escolaraiz.pt\/pt\/wp-content\/uploads\/2021\/08\/202316671_224099542898339_6257858394624653056_n.jpg\" data-link=\"https:\/\/escolaraiz.pt\/pt\/noticias\/ja-conhece-a-escola-verde\/attachment\/202316671_224099542898339_6257858394624653056_n\/\" class=\"wp-image-29730\" srcset=\"https:\/\/escolaraiz.pt\/pt\/wp-content\/uploads\/2021\/08\/202316671_224099542898339_6257858394624653056_n.jpg 630w, https:\/\/escolaraiz.pt\/pt\/wp-content\/uploads\/2021\/08\/202316671_224099542898339_6257858394624653056_n-300x225.jpg 300w, https:\/\/escolaraiz.pt\/pt\/wp-content\/uploads\/2021\/08\/202316671_224099542898339_6257858394624653056_n-500x375.jpg 500w, https:\/\/escolaraiz.pt\/pt\/wp-content\/uploads\/2021\/08\/202316671_224099542898339_6257858394624653056_n-600x450.jpg 600w\" sizes=\"auto, (max-width: 630px) 100vw, 630px\" \/><\/a><\/figure><\/li><\/ul><\/figure>\n","protected":false},"excerpt":{"rendered":"<p>A ideia partiu de 10 alunos da Raiz do 2\u00ba ciclo, e foi tornado realidade pela Junta de Freguesia de Bel\u00e9m A Escola Verde \u00e9 o novo espa\u00e7o ao ar livre preparado para receber alunos e professores que querem ensinar e aprender com maior proximidade da natureza. \u00c9 uma ideia vencedora do&nbsp;Concurso Escolas com Voz,<\/p>\n","protected":false},"author":1,"featured_media":29722,"comment_status":"closed","ping_status":"open","sticky":false,"template":"","format":"standard","meta":{"footnotes":""},"categories":[5],"tags":[],"class_list":["post-29721","post","type-post","status-publish","format-standard","has-post-thumbnail","hentry","category-noticias"],"yoast_head":"<!-- This site is optimized with the Yoast SEO plugin v27.5 - https:\/\/yoast.com\/product\/yoast-seo-wordpress\/ -->\n<title>J\u00e1 conhece a Escola Verde? - Raiz<\/title>\n<meta name=\"robots\" content=\"index, follow, max-snippet:-1, max-image-preview:large, max-video-preview:-1\" \/>\n<link rel=\"canonical\" href=\"https:\/\/escolaraiz.pt\/pt\/noticias\/ja-conhece-a-escola-verde\/\" \/>\n<meta name=\"twitter:card\" content=\"summary_large_image\" \/>\n<meta name=\"twitter:title\" content=\"J\u00e1 conhece a Escola Verde? - Raiz\" \/>\n<meta name=\"twitter:description\" content=\"A ideia partiu de 10 alunos da Raiz do 2\u00ba ciclo, e foi tornado realidade pela Junta de Freguesia de Bel\u00e9m A Escola Verde \u00e9 o novo espa\u00e7o ao ar livre preparado para receber alunos e professores que querem ensinar e aprender com maior proximidade da natureza. \u00c9 uma ideia vencedora do&nbsp;Concurso Escolas com Voz,\" \/>\n<meta name=\"twitter:image\" content=\"https:\/\/escolaraiz.pt\/pt\/wp-content\/uploads\/2021\/08\/Escola-Verde-01-840x620-840x620-1.jpg\" \/>\n<meta name=\"twitter:label1\" content=\"Escrito por\" \/>\n\t<meta name=\"twitter:data1\" content=\"admin\" \/>\n\t<meta name=\"twitter:label2\" content=\"Tempo estimado de leitura\" \/>\n\t<meta name=\"twitter:data2\" content=\"1 minuto\" \/>\n<script type=\"application\/ld+json\" class=\"yoast-schema-graph\">{\"@context\":\"https:\\\/\\\/schema.org\",\"@graph\":[{\"@type\":\"Article\",\"@id\":\"https:\\\/\\\/escolaraiz.pt\\\/pt\\\/noticias\\\/ja-conhece-a-escola-verde\\\/#article\",\"isPartOf\":{\"@id\":\"https:\\\/\\\/escolaraiz.pt\\\/pt\\\/noticias\\\/ja-conhece-a-escola-verde\\\/\"},\"author\":{\"name\":\"admin\",\"@id\":\"https:\\\/\\\/escolaraiz.pt\\\/pt\\\/#\\\/schema\\\/person\\\/b730db7f2876087a398bcca824252c02\"},\"headline\":\"J\u00e1 conhece a Escola Verde?\",\"datePublished\":\"2021-06-16T16:29:00+00:00\",\"dateModified\":\"2021-08-10T16:34:32+00:00\",\"mainEntityOfPage\":{\"@id\":\"https:\\\/\\\/escolaraiz.pt\\\/pt\\\/noticias\\\/ja-conhece-a-escola-verde\\\/\"},\"wordCount\":168,\"image\":{\"@id\":\"https:\\\/\\\/escolaraiz.pt\\\/pt\\\/noticias\\\/ja-conhece-a-escola-verde\\\/#primaryimage\"},\"thumbnailUrl\":\"https:\\\/\\\/escolaraiz.pt\\\/pt\\\/wp-content\\\/uploads\\\/2021\\\/08\\\/Escola-Verde-01-840x620-840x620-1.jpg\",\"articleSection\":[\"Noticias\"],\"inLanguage\":\"pt-PT\"},{\"@type\":\"WebPage\",\"@id\":\"https:\\\/\\\/escolaraiz.pt\\\/pt\\\/noticias\\\/ja-conhece-a-escola-verde\\\/\",\"url\":\"https:\\\/\\\/escolaraiz.pt\\\/pt\\\/noticias\\\/ja-conhece-a-escola-verde\\\/\",\"name\":\"J\u00e1 conhece a Escola Verde? - Raiz\",\"isPartOf\":{\"@id\":\"https:\\\/\\\/escolaraiz.pt\\\/pt\\\/#website\"},\"primaryImageOfPage\":{\"@id\":\"https:\\\/\\\/escolaraiz.pt\\\/pt\\\/noticias\\\/ja-conhece-a-escola-verde\\\/#primaryimage\"},\"image\":{\"@id\":\"https:\\\/\\\/escolaraiz.pt\\\/pt\\\/noticias\\\/ja-conhece-a-escola-verde\\\/#primaryimage\"},\"thumbnailUrl\":\"https:\\\/\\\/escolaraiz.pt\\\/pt\\\/wp-content\\\/uploads\\\/2021\\\/08\\\/Escola-Verde-01-840x620-840x620-1.jpg\",\"datePublished\":\"2021-06-16T16:29:00+00:00\",\"dateModified\":\"2021-08-10T16:34:32+00:00\",\"author\":{\"@id\":\"https:\\\/\\\/escolaraiz.pt\\\/pt\\\/#\\\/schema\\\/person\\\/b730db7f2876087a398bcca824252c02\"},\"breadcrumb\":{\"@id\":\"https:\\\/\\\/escolaraiz.pt\\\/pt\\\/noticias\\\/ja-conhece-a-escola-verde\\\/#breadcrumb\"},\"inLanguage\":\"pt-PT\",\"potentialAction\":[{\"@type\":\"ReadAction\",\"target\":[\"https:\\\/\\\/escolaraiz.pt\\\/pt\\\/noticias\\\/ja-conhece-a-escola-verde\\\/\"]}]},{\"@type\":\"ImageObject\",\"inLanguage\":\"pt-PT\",\"@id\":\"https:\\\/\\\/escolaraiz.pt\\\/pt\\\/noticias\\\/ja-conhece-a-escola-verde\\\/#primaryimage\",\"url\":\"https:\\\/\\\/escolaraiz.pt\\\/pt\\\/wp-content\\\/uploads\\\/2021\\\/08\\\/Escola-Verde-01-840x620-840x620-1.jpg\",\"contentUrl\":\"https:\\\/\\\/escolaraiz.pt\\\/pt\\\/wp-content\\\/uploads\\\/2021\\\/08\\\/Escola-Verde-01-840x620-840x620-1.jpg\",\"width\":840,\"height\":620},{\"@type\":\"BreadcrumbList\",\"@id\":\"https:\\\/\\\/escolaraiz.pt\\\/pt\\\/noticias\\\/ja-conhece-a-escola-verde\\\/#breadcrumb\",\"itemListElement\":[{\"@type\":\"ListItem\",\"position\":1,\"name\":\"In\u00edcio\",\"item\":\"https:\\\/\\\/escolaraiz.pt\\\/pt\\\/\"},{\"@type\":\"ListItem\",\"position\":2,\"name\":\"J\u00e1 conhece a Escola Verde?\"}]},{\"@type\":\"WebSite\",\"@id\":\"https:\\\/\\\/escolaraiz.pt\\\/pt\\\/#website\",\"url\":\"https:\\\/\\\/escolaraiz.pt\\\/pt\\\/\",\"name\":\"Raiz\",\"description\":\"Active Learning School\",\"potentialAction\":[{\"@type\":\"SearchAction\",\"target\":{\"@type\":\"EntryPoint\",\"urlTemplate\":\"https:\\\/\\\/escolaraiz.pt\\\/pt\\\/?s={search_term_string}\"},\"query-input\":{\"@type\":\"PropertyValueSpecification\",\"valueRequired\":true,\"valueName\":\"search_term_string\"}}],\"inLanguage\":\"pt-PT\"},{\"@type\":\"Person\",\"@id\":\"https:\\\/\\\/escolaraiz.pt\\\/pt\\\/#\\\/schema\\\/person\\\/b730db7f2876087a398bcca824252c02\",\"name\":\"admin\"}]}<\/script>\n<!-- \/ Yoast SEO plugin. -->","yoast_head_json":{"title":"J\u00e1 conhece a Escola Verde? - Raiz","robots":{"index":"index","follow":"follow","max-snippet":"max-snippet:-1","max-image-preview":"max-image-preview:large","max-video-preview":"max-video-preview:-1"},"canonical":"https:\/\/escolaraiz.pt\/pt\/noticias\/ja-conhece-a-escola-verde\/","twitter_card":"summary_large_image","twitter_title":"J\u00e1 conhece a Escola Verde? - Raiz","twitter_description":"A ideia partiu de 10 alunos da Raiz do 2\u00ba ciclo, e foi tornado realidade pela Junta de Freguesia de Bel\u00e9m A Escola Verde \u00e9 o novo espa\u00e7o ao ar livre preparado para receber alunos e professores que querem ensinar e aprender com maior proximidade da natureza. \u00c9 uma ideia vencedora do&nbsp;Concurso Escolas com Voz,","twitter_image":"https:\/\/escolaraiz.pt\/pt\/wp-content\/uploads\/2021\/08\/Escola-Verde-01-840x620-840x620-1.jpg","twitter_misc":{"Escrito por":"admin","Tempo estimado de leitura":"1 minuto"},"schema":{"@context":"https:\/\/schema.org","@graph":[{"@type":"Article","@id":"https:\/\/escolaraiz.pt\/pt\/noticias\/ja-conhece-a-escola-verde\/#article","isPartOf":{"@id":"https:\/\/escolaraiz.pt\/pt\/noticias\/ja-conhece-a-escola-verde\/"},"author":{"name":"admin","@id":"https:\/\/escolaraiz.pt\/pt\/#\/schema\/person\/b730db7f2876087a398bcca824252c02"},"headline":"J\u00e1 conhece a Escola Verde?","datePublished":"2021-06-16T16:29:00+00:00","dateModified":"2021-08-10T16:34:32+00:00","mainEntityOfPage":{"@id":"https:\/\/escolaraiz.pt\/pt\/noticias\/ja-conhece-a-escola-verde\/"},"wordCount":168,"image":{"@id":"https:\/\/escolaraiz.pt\/pt\/noticias\/ja-conhece-a-escola-verde\/#primaryimage"},"thumbnailUrl":"https:\/\/escolaraiz.pt\/pt\/wp-content\/uploads\/2021\/08\/Escola-Verde-01-840x620-840x620-1.jpg","articleSection":["Noticias"],"inLanguage":"pt-PT"},{"@type":"WebPage","@id":"https:\/\/escolaraiz.pt\/pt\/noticias\/ja-conhece-a-escola-verde\/","url":"https:\/\/escolaraiz.pt\/pt\/noticias\/ja-conhece-a-escola-verde\/","name":"J\u00e1 conhece a Escola Verde? - Raiz","isPartOf":{"@id":"https:\/\/escolaraiz.pt\/pt\/#website"},"primaryImageOfPage":{"@id":"https:\/\/escolaraiz.pt\/pt\/noticias\/ja-conhece-a-escola-verde\/#primaryimage"},"image":{"@id":"https:\/\/escolaraiz.pt\/pt\/noticias\/ja-conhece-a-escola-verde\/#primaryimage"},"thumbnailUrl":"https:\/\/escolaraiz.pt\/pt\/wp-content\/uploads\/2021\/08\/Escola-Verde-01-840x620-840x620-1.jpg","datePublished":"2021-06-16T16:29:00+00:00","dateModified":"2021-08-10T16:34:32+00:00","author":{"@id":"https:\/\/escolaraiz.pt\/pt\/#\/schema\/person\/b730db7f2876087a398bcca824252c02"},"breadcrumb":{"@id":"https:\/\/escolaraiz.pt\/pt\/noticias\/ja-conhece-a-escola-verde\/#breadcrumb"},"inLanguage":"pt-PT","potentialAction":[{"@type":"ReadAction","target":["https:\/\/escolaraiz.pt\/pt\/noticias\/ja-conhece-a-escola-verde\/"]}]},{"@type":"ImageObject","inLanguage":"pt-PT","@id":"https:\/\/escolaraiz.pt\/pt\/noticias\/ja-conhece-a-escola-verde\/#primaryimage","url":"https:\/\/escolaraiz.pt\/pt\/wp-content\/uploads\/2021\/08\/Escola-Verde-01-840x620-840x620-1.jpg","contentUrl":"https:\/\/escolaraiz.pt\/pt\/wp-content\/uploads\/2021\/08\/Escola-Verde-01-840x620-840x620-1.jpg","width":840,"height":620},{"@type":"BreadcrumbList","@id":"https:\/\/escolaraiz.pt\/pt\/noticias\/ja-conhece-a-escola-verde\/#breadcrumb","itemListElement":[{"@type":"ListItem","position":1,"name":"In\u00edcio","item":"https:\/\/escolaraiz.pt\/pt\/"},{"@type":"ListItem","position":2,"name":"J\u00e1 conhece a Escola Verde?"}]},{"@type":"WebSite","@id":"https:\/\/escolaraiz.pt\/pt\/#website","url":"https:\/\/escolaraiz.pt\/pt\/","name":"Raiz","description":"Active Learning School","potentialAction":[{"@type":"SearchAction","target":{"@type":"EntryPoint","urlTemplate":"https:\/\/escolaraiz.pt\/pt\/?s={search_term_string}"},"query-input":{"@type":"PropertyValueSpecification","valueRequired":true,"valueName":"search_term_string"}}],"inLanguage":"pt-PT"},{"@type":"Person","@id":"https:\/\/escolaraiz.pt\/pt\/#\/schema\/person\/b730db7f2876087a398bcca824252c02","name":"admin"}]}},"_links":{"self":[{"href":"https:\/\/escolaraiz.pt\/pt\/wp-json\/wp\/v2\/posts\/29721","targetHints":{"allow":["GET"]}}],"collection":[{"href":"https:\/\/escolaraiz.pt\/pt\/wp-json\/wp\/v2\/posts"}],"about":[{"href":"https:\/\/escolaraiz.pt\/pt\/wp-json\/wp\/v2\/types\/post"}],"author":[{"embeddable":true,"href":"https:\/\/escolaraiz.pt\/pt\/wp-json\/wp\/v2\/users\/1"}],"replies":[{"embeddable":true,"href":"https:\/\/escolaraiz.pt\/pt\/wp-json\/wp\/v2\/comments?post=29721"}],"version-history":[{"count":3,"href":"https:\/\/escolaraiz.pt\/pt\/wp-json\/wp\/v2\/posts\/29721\/revisions"}],"predecessor-version":[{"id":29732,"href":"https:\/\/escolaraiz.pt\/pt\/wp-json\/wp\/v2\/posts\/29721\/revisions\/29732"}],"wp:featuredmedia":[{"embeddable":true,"href":"https:\/\/escolaraiz.pt\/pt\/wp-json\/wp\/v2\/media\/29722"}],"wp:attachment":[{"href":"https:\/\/escolaraiz.pt\/pt\/wp-json\/wp\/v2\/media?parent=29721"}],"wp:term":[{"taxonomy":"category","embeddable":true,"href":"https:\/\/escolaraiz.pt\/pt\/wp-json\/wp\/v2\/categories?post=29721"},{"taxonomy":"post_tag","embeddable":true,"href":"https:\/\/escolaraiz.pt\/pt\/wp-json\/wp\/v2\/tags?post=29721"}],"curies":[{"name":"wp","href":"https:\/\/api.w.org\/{rel}","templated":true}]}}