{"id":29464,"date":"2020-12-15T15:52:24","date_gmt":"2020-12-15T15:52:24","guid":{"rendered":"https:\/\/escolaraiz.pt\/pt\/?p=29464"},"modified":"2020-12-30T15:57:56","modified_gmt":"2020-12-30T15:57:56","slug":"o-bolo-virtual-da-maria-para-os-seus-colegas-da-raiz","status":"publish","type":"post","link":"https:\/\/escolaraiz.pt\/pt\/noticias\/o-bolo-virtual-da-maria-para-os-seus-colegas-da-raiz\/","title":{"rendered":"O Bolo Virtual da Maria para os seus colegas da Raiz"},"content":{"rendered":"\n<p>Este \u00e9 o Bolo Virtual da Maria para os seus colegas da Raiz. Com a impossibilidade de presentear os colegas no seu anivers\u00e1rio, devido \u00e0 pandemia, o bolo virtual \u00e9 a promessa da Maria de que, quando tudo se acalmar, ela levar\u00e1 um bolo para todos se deliciarem!<\/p>\n\n\n\n<figure class=\"wp-block-gallery columns-1 is-cropped wp-block-gallery-1 is-layout-flex wp-block-gallery-is-layout-flex\"><ul class=\"blocks-gallery-grid\"><li class=\"blocks-gallery-item\"><figure><img loading=\"lazy\" decoding=\"async\" width=\"605\" height=\"607\" src=\"https:\/\/escolaraiz.pt\/pt\/wp-content\/uploads\/2020\/12\/1-1.jpg\" alt=\"\" data-id=\"29465\" data-full-url=\"https:\/\/escolaraiz.pt\/pt\/wp-content\/uploads\/2020\/12\/1-1.jpg\" data-link=\"https:\/\/escolaraiz.pt\/pt\/?attachment_id=29465\" class=\"wp-image-29465\" srcset=\"https:\/\/escolaraiz.pt\/pt\/wp-content\/uploads\/2020\/12\/1-1.jpg 605w, https:\/\/escolaraiz.pt\/pt\/wp-content\/uploads\/2020\/12\/1-1-300x300.jpg 300w, https:\/\/escolaraiz.pt\/pt\/wp-content\/uploads\/2020\/12\/1-1-150x150.jpg 150w, https:\/\/escolaraiz.pt\/pt\/wp-content\/uploads\/2020\/12\/1-1-500x502.jpg 500w, https:\/\/escolaraiz.pt\/pt\/wp-content\/uploads\/2020\/12\/1-1-600x602.jpg 600w, https:\/\/escolaraiz.pt\/pt\/wp-content\/uploads\/2020\/12\/1-1-100x100.jpg 100w\" sizes=\"auto, (max-width: 605px) 100vw, 605px\" \/><\/figure><\/li><\/ul><\/figure>\n","protected":false},"excerpt":{"rendered":"<p>Este \u00e9 o Bolo Virtual da Maria para os seus colegas da Raiz. Com a impossibilidade de presentear os colegas no seu anivers\u00e1rio, devido \u00e0 pandemia, o bolo virtual \u00e9 a promessa da Maria de que, quando tudo se acalmar, ela levar\u00e1 um bolo para todos se deliciarem!<\/p>\n","protected":false},"author":6,"featured_media":29466,"comment_status":"closed","ping_status":"open","sticky":false,"template":"","format":"standard","meta":{"footnotes":""},"categories":[5],"tags":[],"class_list":["post-29464","post","type-post","status-publish","format-standard","has-post-thumbnail","hentry","category-noticias"],"yoast_head":"<!-- This site is optimized with the Yoast SEO plugin v27.5 - https:\/\/yoast.com\/product\/yoast-seo-wordpress\/ -->\n<title>O Bolo Virtual da Maria para os seus colegas da Raiz - Raiz<\/title>\n<meta name=\"robots\" content=\"index, follow, max-snippet:-1, max-image-preview:large, max-video-preview:-1\" \/>\n<link rel=\"canonical\" href=\"https:\/\/escolaraiz.pt\/pt\/noticias\/o-bolo-virtual-da-maria-para-os-seus-colegas-da-raiz\/\" \/>\n<meta name=\"twitter:card\" content=\"summary_large_image\" \/>\n<meta name=\"twitter:title\" content=\"O Bolo Virtual da Maria para os seus colegas da Raiz - Raiz\" \/>\n<meta name=\"twitter:description\" content=\"Este \u00e9 o Bolo Virtual da Maria para os seus colegas da Raiz. Com a impossibilidade de presentear os colegas no seu anivers\u00e1rio, devido \u00e0 pandemia, o bolo virtual \u00e9 a promessa da Maria de que, quando tudo se acalmar, ela levar\u00e1 um bolo para todos se deliciarem!\" \/>\n<meta name=\"twitter:image\" content=\"https:\/\/escolaraiz.pt\/pt\/wp-content\/uploads\/2020\/12\/7.jpg\" \/>\n<meta name=\"twitter:label1\" content=\"Escrito por\" \/>\n\t<meta name=\"twitter:data1\" content=\"Joana\" \/>\n<script type=\"application\/ld+json\" class=\"yoast-schema-graph\">{\"@context\":\"https:\\\/\\\/schema.org\",\"@graph\":[{\"@type\":\"Article\",\"@id\":\"https:\\\/\\\/escolaraiz.pt\\\/pt\\\/noticias\\\/o-bolo-virtual-da-maria-para-os-seus-colegas-da-raiz\\\/#article\",\"isPartOf\":{\"@id\":\"https:\\\/\\\/escolaraiz.pt\\\/pt\\\/noticias\\\/o-bolo-virtual-da-maria-para-os-seus-colegas-da-raiz\\\/\"},\"author\":{\"name\":\"Joana\",\"@id\":\"https:\\\/\\\/escolaraiz.pt\\\/pt\\\/#\\\/schema\\\/person\\\/6345bdaf152ba0769cdcc8492bf088e1\"},\"headline\":\"O Bolo Virtual da Maria para os seus colegas da Raiz\",\"datePublished\":\"2020-12-15T15:52:24+00:00\",\"dateModified\":\"2020-12-30T15:57:56+00:00\",\"mainEntityOfPage\":{\"@id\":\"https:\\\/\\\/escolaraiz.pt\\\/pt\\\/noticias\\\/o-bolo-virtual-da-maria-para-os-seus-colegas-da-raiz\\\/\"},\"wordCount\":57,\"image\":{\"@id\":\"https:\\\/\\\/escolaraiz.pt\\\/pt\\\/noticias\\\/o-bolo-virtual-da-maria-para-os-seus-colegas-da-raiz\\\/#primaryimage\"},\"thumbnailUrl\":\"https:\\\/\\\/escolaraiz.pt\\\/pt\\\/wp-content\\\/uploads\\\/2020\\\/12\\\/7.jpg\",\"articleSection\":[\"Noticias\"],\"inLanguage\":\"pt-PT\"},{\"@type\":\"WebPage\",\"@id\":\"https:\\\/\\\/escolaraiz.pt\\\/pt\\\/noticias\\\/o-bolo-virtual-da-maria-para-os-seus-colegas-da-raiz\\\/\",\"url\":\"https:\\\/\\\/escolaraiz.pt\\\/pt\\\/noticias\\\/o-bolo-virtual-da-maria-para-os-seus-colegas-da-raiz\\\/\",\"name\":\"O Bolo Virtual da Maria para os seus colegas da Raiz - Raiz\",\"isPartOf\":{\"@id\":\"https:\\\/\\\/escolaraiz.pt\\\/pt\\\/#website\"},\"primaryImageOfPage\":{\"@id\":\"https:\\\/\\\/escolaraiz.pt\\\/pt\\\/noticias\\\/o-bolo-virtual-da-maria-para-os-seus-colegas-da-raiz\\\/#primaryimage\"},\"image\":{\"@id\":\"https:\\\/\\\/escolaraiz.pt\\\/pt\\\/noticias\\\/o-bolo-virtual-da-maria-para-os-seus-colegas-da-raiz\\\/#primaryimage\"},\"thumbnailUrl\":\"https:\\\/\\\/escolaraiz.pt\\\/pt\\\/wp-content\\\/uploads\\\/2020\\\/12\\\/7.jpg\",\"datePublished\":\"2020-12-15T15:52:24+00:00\",\"dateModified\":\"2020-12-30T15:57:56+00:00\",\"author\":{\"@id\":\"https:\\\/\\\/escolaraiz.pt\\\/pt\\\/#\\\/schema\\\/person\\\/6345bdaf152ba0769cdcc8492bf088e1\"},\"breadcrumb\":{\"@id\":\"https:\\\/\\\/escolaraiz.pt\\\/pt\\\/noticias\\\/o-bolo-virtual-da-maria-para-os-seus-colegas-da-raiz\\\/#breadcrumb\"},\"inLanguage\":\"pt-PT\",\"potentialAction\":[{\"@type\":\"ReadAction\",\"target\":[\"https:\\\/\\\/escolaraiz.pt\\\/pt\\\/noticias\\\/o-bolo-virtual-da-maria-para-os-seus-colegas-da-raiz\\\/\"]}]},{\"@type\":\"ImageObject\",\"inLanguage\":\"pt-PT\",\"@id\":\"https:\\\/\\\/escolaraiz.pt\\\/pt\\\/noticias\\\/o-bolo-virtual-da-maria-para-os-seus-colegas-da-raiz\\\/#primaryimage\",\"url\":\"https:\\\/\\\/escolaraiz.pt\\\/pt\\\/wp-content\\\/uploads\\\/2020\\\/12\\\/7.jpg\",\"contentUrl\":\"https:\\\/\\\/escolaraiz.pt\\\/pt\\\/wp-content\\\/uploads\\\/2020\\\/12\\\/7.jpg\",\"width\":614,\"height\":618},{\"@type\":\"BreadcrumbList\",\"@id\":\"https:\\\/\\\/escolaraiz.pt\\\/pt\\\/noticias\\\/o-bolo-virtual-da-maria-para-os-seus-colegas-da-raiz\\\/#breadcrumb\",\"itemListElement\":[{\"@type\":\"ListItem\",\"position\":1,\"name\":\"In\u00edcio\",\"item\":\"https:\\\/\\\/escolaraiz.pt\\\/pt\\\/\"},{\"@type\":\"ListItem\",\"position\":2,\"name\":\"O Bolo Virtual da Maria para os seus colegas da Raiz\"}]},{\"@type\":\"WebSite\",\"@id\":\"https:\\\/\\\/escolaraiz.pt\\\/pt\\\/#website\",\"url\":\"https:\\\/\\\/escolaraiz.pt\\\/pt\\\/\",\"name\":\"Raiz\",\"description\":\"Active Learning School\",\"potentialAction\":[{\"@type\":\"SearchAction\",\"target\":{\"@type\":\"EntryPoint\",\"urlTemplate\":\"https:\\\/\\\/escolaraiz.pt\\\/pt\\\/?s={search_term_string}\"},\"query-input\":{\"@type\":\"PropertyValueSpecification\",\"valueRequired\":true,\"valueName\":\"search_term_string\"}}],\"inLanguage\":\"pt-PT\"},{\"@type\":\"Person\",\"@id\":\"https:\\\/\\\/escolaraiz.pt\\\/pt\\\/#\\\/schema\\\/person\\\/6345bdaf152ba0769cdcc8492bf088e1\",\"name\":\"Joana\"}]}<\/script>\n<!-- \/ Yoast SEO plugin. -->","yoast_head_json":{"title":"O Bolo Virtual da Maria para os seus colegas da Raiz - Raiz","robots":{"index":"index","follow":"follow","max-snippet":"max-snippet:-1","max-image-preview":"max-image-preview:large","max-video-preview":"max-video-preview:-1"},"canonical":"https:\/\/escolaraiz.pt\/pt\/noticias\/o-bolo-virtual-da-maria-para-os-seus-colegas-da-raiz\/","twitter_card":"summary_large_image","twitter_title":"O Bolo Virtual da Maria para os seus colegas da Raiz - Raiz","twitter_description":"Este \u00e9 o Bolo Virtual da Maria para os seus colegas da Raiz. Com a impossibilidade de presentear os colegas no seu anivers\u00e1rio, devido \u00e0 pandemia, o bolo virtual \u00e9 a promessa da Maria de que, quando tudo se acalmar, ela levar\u00e1 um bolo para todos se deliciarem!","twitter_image":"https:\/\/escolaraiz.pt\/pt\/wp-content\/uploads\/2020\/12\/7.jpg","twitter_misc":{"Escrito por":"Joana"},"schema":{"@context":"https:\/\/schema.org","@graph":[{"@type":"Article","@id":"https:\/\/escolaraiz.pt\/pt\/noticias\/o-bolo-virtual-da-maria-para-os-seus-colegas-da-raiz\/#article","isPartOf":{"@id":"https:\/\/escolaraiz.pt\/pt\/noticias\/o-bolo-virtual-da-maria-para-os-seus-colegas-da-raiz\/"},"author":{"name":"Joana","@id":"https:\/\/escolaraiz.pt\/pt\/#\/schema\/person\/6345bdaf152ba0769cdcc8492bf088e1"},"headline":"O Bolo Virtual da Maria para os seus colegas da Raiz","datePublished":"2020-12-15T15:52:24+00:00","dateModified":"2020-12-30T15:57:56+00:00","mainEntityOfPage":{"@id":"https:\/\/escolaraiz.pt\/pt\/noticias\/o-bolo-virtual-da-maria-para-os-seus-colegas-da-raiz\/"},"wordCount":57,"image":{"@id":"https:\/\/escolaraiz.pt\/pt\/noticias\/o-bolo-virtual-da-maria-para-os-seus-colegas-da-raiz\/#primaryimage"},"thumbnailUrl":"https:\/\/escolaraiz.pt\/pt\/wp-content\/uploads\/2020\/12\/7.jpg","articleSection":["Noticias"],"inLanguage":"pt-PT"},{"@type":"WebPage","@id":"https:\/\/escolaraiz.pt\/pt\/noticias\/o-bolo-virtual-da-maria-para-os-seus-colegas-da-raiz\/","url":"https:\/\/escolaraiz.pt\/pt\/noticias\/o-bolo-virtual-da-maria-para-os-seus-colegas-da-raiz\/","name":"O Bolo Virtual da Maria para os seus colegas da Raiz - Raiz","isPartOf":{"@id":"https:\/\/escolaraiz.pt\/pt\/#website"},"primaryImageOfPage":{"@id":"https:\/\/escolaraiz.pt\/pt\/noticias\/o-bolo-virtual-da-maria-para-os-seus-colegas-da-raiz\/#primaryimage"},"image":{"@id":"https:\/\/escolaraiz.pt\/pt\/noticias\/o-bolo-virtual-da-maria-para-os-seus-colegas-da-raiz\/#primaryimage"},"thumbnailUrl":"https:\/\/escolaraiz.pt\/pt\/wp-content\/uploads\/2020\/12\/7.jpg","datePublished":"2020-12-15T15:52:24+00:00","dateModified":"2020-12-30T15:57:56+00:00","author":{"@id":"https:\/\/escolaraiz.pt\/pt\/#\/schema\/person\/6345bdaf152ba0769cdcc8492bf088e1"},"breadcrumb":{"@id":"https:\/\/escolaraiz.pt\/pt\/noticias\/o-bolo-virtual-da-maria-para-os-seus-colegas-da-raiz\/#breadcrumb"},"inLanguage":"pt-PT","potentialAction":[{"@type":"ReadAction","target":["https:\/\/escolaraiz.pt\/pt\/noticias\/o-bolo-virtual-da-maria-para-os-seus-colegas-da-raiz\/"]}]},{"@type":"ImageObject","inLanguage":"pt-PT","@id":"https:\/\/escolaraiz.pt\/pt\/noticias\/o-bolo-virtual-da-maria-para-os-seus-colegas-da-raiz\/#primaryimage","url":"https:\/\/escolaraiz.pt\/pt\/wp-content\/uploads\/2020\/12\/7.jpg","contentUrl":"https:\/\/escolaraiz.pt\/pt\/wp-content\/uploads\/2020\/12\/7.jpg","width":614,"height":618},{"@type":"BreadcrumbList","@id":"https:\/\/escolaraiz.pt\/pt\/noticias\/o-bolo-virtual-da-maria-para-os-seus-colegas-da-raiz\/#breadcrumb","itemListElement":[{"@type":"ListItem","position":1,"name":"In\u00edcio","item":"https:\/\/escolaraiz.pt\/pt\/"},{"@type":"ListItem","position":2,"name":"O Bolo Virtual da Maria para os seus colegas da Raiz"}]},{"@type":"WebSite","@id":"https:\/\/escolaraiz.pt\/pt\/#website","url":"https:\/\/escolaraiz.pt\/pt\/","name":"Raiz","description":"Active Learning School","potentialAction":[{"@type":"SearchAction","target":{"@type":"EntryPoint","urlTemplate":"https:\/\/escolaraiz.pt\/pt\/?s={search_term_string}"},"query-input":{"@type":"PropertyValueSpecification","valueRequired":true,"valueName":"search_term_string"}}],"inLanguage":"pt-PT"},{"@type":"Person","@id":"https:\/\/escolaraiz.pt\/pt\/#\/schema\/person\/6345bdaf152ba0769cdcc8492bf088e1","name":"Joana"}]}},"_links":{"self":[{"href":"https:\/\/escolaraiz.pt\/pt\/wp-json\/wp\/v2\/posts\/29464","targetHints":{"allow":["GET"]}}],"collection":[{"href":"https:\/\/escolaraiz.pt\/pt\/wp-json\/wp\/v2\/posts"}],"about":[{"href":"https:\/\/escolaraiz.pt\/pt\/wp-json\/wp\/v2\/types\/post"}],"author":[{"embeddable":true,"href":"https:\/\/escolaraiz.pt\/pt\/wp-json\/wp\/v2\/users\/6"}],"replies":[{"embeddable":true,"href":"https:\/\/escolaraiz.pt\/pt\/wp-json\/wp\/v2\/comments?post=29464"}],"version-history":[{"count":1,"href":"https:\/\/escolaraiz.pt\/pt\/wp-json\/wp\/v2\/posts\/29464\/revisions"}],"predecessor-version":[{"id":29467,"href":"https:\/\/escolaraiz.pt\/pt\/wp-json\/wp\/v2\/posts\/29464\/revisions\/29467"}],"wp:featuredmedia":[{"embeddable":true,"href":"https:\/\/escolaraiz.pt\/pt\/wp-json\/wp\/v2\/media\/29466"}],"wp:attachment":[{"href":"https:\/\/escolaraiz.pt\/pt\/wp-json\/wp\/v2\/media?parent=29464"}],"wp:term":[{"taxonomy":"category","embeddable":true,"href":"https:\/\/escolaraiz.pt\/pt\/wp-json\/wp\/v2\/categories?post=29464"},{"taxonomy":"post_tag","embeddable":true,"href":"https:\/\/escolaraiz.pt\/pt\/wp-json\/wp\/v2\/tags?post=29464"}],"curies":[{"name":"wp","href":"https:\/\/api.w.org\/{rel}","templated":true}]}}