{"id":29458,"date":"2020-11-30T18:34:08","date_gmt":"2020-11-30T18:34:08","guid":{"rendered":"https:\/\/escolaraiz.pt\/pt\/?p=29458"},"modified":"2020-12-07T18:37:46","modified_gmt":"2020-12-07T18:37:46","slug":"o-thanksgiving-na-raiz","status":"publish","type":"post","link":"https:\/\/escolaraiz.pt\/pt\/noticias\/o-thanksgiving-na-raiz\/","title":{"rendered":"O #Thanksgiving na Raiz"},"content":{"rendered":"\n<p>Na passada quinta feira celebr\u00e1mos o <a href=\"https:\/\/www.facebook.com\/hashtag\/thanksgiving?__eep__=6&amp;__cft__[0]=AZVTVgB04vMlxGfs56pXr_Rg_4VvEZlOPrU019ISn2o9fuY4yUjeNZGxIIAMWT2aNvQqz8nXxMriU-BGy2kIF_VZ5cbF82PBPCUqgjKhDp71PBRhDibJoA72HUVMMfEkxWLrWLhZQ0AOmetoE7D_IrYM&amp;__tn__=*NK-R\">#Thanksgiving<\/a>. Refletimos e constru\u00edmos murais, em ingl\u00eas, onde agradecemos por aquilo que \u00e9 mais importante.<\/p>\n\n\n\n<figure class=\"wp-block-gallery columns-3 is-cropped wp-block-gallery-1 is-layout-flex wp-block-gallery-is-layout-flex\"><ul class=\"blocks-gallery-grid\"><li class=\"blocks-gallery-item\"><figure><img loading=\"lazy\" decoding=\"async\" width=\"564\" height=\"589\" src=\"https:\/\/escolaraiz.pt\/pt\/wp-content\/uploads\/2020\/12\/3o-novembri.jpg\" alt=\"\" data-id=\"29459\" data-full-url=\"https:\/\/escolaraiz.pt\/pt\/wp-content\/uploads\/2020\/12\/3o-novembri.jpg\" data-link=\"https:\/\/escolaraiz.pt\/pt\/?attachment_id=29459\" class=\"wp-image-29459\" srcset=\"https:\/\/escolaraiz.pt\/pt\/wp-content\/uploads\/2020\/12\/3o-novembri.jpg 564w, https:\/\/escolaraiz.pt\/pt\/wp-content\/uploads\/2020\/12\/3o-novembri-287x300.jpg 287w, https:\/\/escolaraiz.pt\/pt\/wp-content\/uploads\/2020\/12\/3o-novembri-500x522.jpg 500w\" sizes=\"auto, (max-width: 564px) 100vw, 564px\" \/><\/figure><\/li><li class=\"blocks-gallery-item\"><figure><img loading=\"lazy\" decoding=\"async\" width=\"575\" height=\"582\" src=\"https:\/\/escolaraiz.pt\/pt\/wp-content\/uploads\/2020\/12\/30-novembro-2.jpg\" alt=\"\" data-id=\"29460\" data-full-url=\"https:\/\/escolaraiz.pt\/pt\/wp-content\/uploads\/2020\/12\/30-novembro-2.jpg\" data-link=\"https:\/\/escolaraiz.pt\/pt\/?attachment_id=29460\" class=\"wp-image-29460\" srcset=\"https:\/\/escolaraiz.pt\/pt\/wp-content\/uploads\/2020\/12\/30-novembro-2.jpg 575w, https:\/\/escolaraiz.pt\/pt\/wp-content\/uploads\/2020\/12\/30-novembro-2-296x300.jpg 296w, https:\/\/escolaraiz.pt\/pt\/wp-content\/uploads\/2020\/12\/30-novembro-2-500x506.jpg 500w, https:\/\/escolaraiz.pt\/pt\/wp-content\/uploads\/2020\/12\/30-novembro-2-100x100.jpg 100w\" sizes=\"auto, (max-width: 575px) 100vw, 575px\" \/><\/figure><\/li><li class=\"blocks-gallery-item\"><figure><img loading=\"lazy\" decoding=\"async\" width=\"597\" height=\"607\" src=\"https:\/\/escolaraiz.pt\/pt\/wp-content\/uploads\/2020\/12\/30-outubro-3.jpg\" alt=\"\" data-id=\"29461\" data-full-url=\"https:\/\/escolaraiz.pt\/pt\/wp-content\/uploads\/2020\/12\/30-outubro-3.jpg\" data-link=\"https:\/\/escolaraiz.pt\/pt\/?attachment_id=29461\" class=\"wp-image-29461\" srcset=\"https:\/\/escolaraiz.pt\/pt\/wp-content\/uploads\/2020\/12\/30-outubro-3.jpg 597w, https:\/\/escolaraiz.pt\/pt\/wp-content\/uploads\/2020\/12\/30-outubro-3-295x300.jpg 295w, https:\/\/escolaraiz.pt\/pt\/wp-content\/uploads\/2020\/12\/30-outubro-3-500x508.jpg 500w\" sizes=\"auto, (max-width: 597px) 100vw, 597px\" \/><\/figure><\/li><\/ul><\/figure>\n","protected":false},"excerpt":{"rendered":"<p>Na passada quinta feira celebr\u00e1mos o #Thanksgiving. Refletimos e constru\u00edmos murais, em ingl\u00eas, onde agradecemos por aquilo que \u00e9 mais importante.<\/p>\n","protected":false},"author":6,"featured_media":29462,"comment_status":"closed","ping_status":"open","sticky":false,"template":"","format":"standard","meta":{"footnotes":""},"categories":[5],"tags":[],"class_list":["post-29458","post","type-post","status-publish","format-standard","has-post-thumbnail","hentry","category-noticias"],"yoast_head":"<!-- This site is optimized with the Yoast SEO plugin v27.5 - https:\/\/yoast.com\/product\/yoast-seo-wordpress\/ -->\n<title>O #Thanksgiving na Raiz - Raiz<\/title>\n<meta name=\"robots\" content=\"index, follow, max-snippet:-1, max-image-preview:large, max-video-preview:-1\" \/>\n<link rel=\"canonical\" href=\"https:\/\/escolaraiz.pt\/pt\/noticias\/o-thanksgiving-na-raiz\/\" \/>\n<meta name=\"twitter:card\" content=\"summary_large_image\" \/>\n<meta name=\"twitter:title\" content=\"O #Thanksgiving na Raiz - Raiz\" \/>\n<meta name=\"twitter:description\" content=\"Na passada quinta feira celebr\u00e1mos o #Thanksgiving. Refletimos e constru\u00edmos murais, em ingl\u00eas, onde agradecemos por aquilo que \u00e9 mais importante.\" \/>\n<meta name=\"twitter:image\" content=\"https:\/\/escolaraiz.pt\/pt\/wp-content\/uploads\/2020\/12\/30-de-ovembro.jpg\" \/>\n<meta name=\"twitter:label1\" content=\"Escrito por\" \/>\n\t<meta name=\"twitter:data1\" content=\"Joana\" \/>\n<script type=\"application\/ld+json\" class=\"yoast-schema-graph\">{\"@context\":\"https:\\\/\\\/schema.org\",\"@graph\":[{\"@type\":\"Article\",\"@id\":\"https:\\\/\\\/escolaraiz.pt\\\/pt\\\/noticias\\\/o-thanksgiving-na-raiz\\\/#article\",\"isPartOf\":{\"@id\":\"https:\\\/\\\/escolaraiz.pt\\\/pt\\\/noticias\\\/o-thanksgiving-na-raiz\\\/\"},\"author\":{\"name\":\"Joana\",\"@id\":\"https:\\\/\\\/escolaraiz.pt\\\/pt\\\/#\\\/schema\\\/person\\\/6345bdaf152ba0769cdcc8492bf088e1\"},\"headline\":\"O #Thanksgiving na Raiz\",\"datePublished\":\"2020-11-30T18:34:08+00:00\",\"dateModified\":\"2020-12-07T18:37:46+00:00\",\"mainEntityOfPage\":{\"@id\":\"https:\\\/\\\/escolaraiz.pt\\\/pt\\\/noticias\\\/o-thanksgiving-na-raiz\\\/\"},\"wordCount\":27,\"image\":{\"@id\":\"https:\\\/\\\/escolaraiz.pt\\\/pt\\\/noticias\\\/o-thanksgiving-na-raiz\\\/#primaryimage\"},\"thumbnailUrl\":\"https:\\\/\\\/escolaraiz.pt\\\/pt\\\/wp-content\\\/uploads\\\/2020\\\/12\\\/30-de-ovembro.jpg\",\"articleSection\":[\"Noticias\"],\"inLanguage\":\"pt-PT\"},{\"@type\":\"WebPage\",\"@id\":\"https:\\\/\\\/escolaraiz.pt\\\/pt\\\/noticias\\\/o-thanksgiving-na-raiz\\\/\",\"url\":\"https:\\\/\\\/escolaraiz.pt\\\/pt\\\/noticias\\\/o-thanksgiving-na-raiz\\\/\",\"name\":\"O #Thanksgiving na Raiz - Raiz\",\"isPartOf\":{\"@id\":\"https:\\\/\\\/escolaraiz.pt\\\/pt\\\/#website\"},\"primaryImageOfPage\":{\"@id\":\"https:\\\/\\\/escolaraiz.pt\\\/pt\\\/noticias\\\/o-thanksgiving-na-raiz\\\/#primaryimage\"},\"image\":{\"@id\":\"https:\\\/\\\/escolaraiz.pt\\\/pt\\\/noticias\\\/o-thanksgiving-na-raiz\\\/#primaryimage\"},\"thumbnailUrl\":\"https:\\\/\\\/escolaraiz.pt\\\/pt\\\/wp-content\\\/uploads\\\/2020\\\/12\\\/30-de-ovembro.jpg\",\"datePublished\":\"2020-11-30T18:34:08+00:00\",\"dateModified\":\"2020-12-07T18:37:46+00:00\",\"author\":{\"@id\":\"https:\\\/\\\/escolaraiz.pt\\\/pt\\\/#\\\/schema\\\/person\\\/6345bdaf152ba0769cdcc8492bf088e1\"},\"breadcrumb\":{\"@id\":\"https:\\\/\\\/escolaraiz.pt\\\/pt\\\/noticias\\\/o-thanksgiving-na-raiz\\\/#breadcrumb\"},\"inLanguage\":\"pt-PT\",\"potentialAction\":[{\"@type\":\"ReadAction\",\"target\":[\"https:\\\/\\\/escolaraiz.pt\\\/pt\\\/noticias\\\/o-thanksgiving-na-raiz\\\/\"]}]},{\"@type\":\"ImageObject\",\"inLanguage\":\"pt-PT\",\"@id\":\"https:\\\/\\\/escolaraiz.pt\\\/pt\\\/noticias\\\/o-thanksgiving-na-raiz\\\/#primaryimage\",\"url\":\"https:\\\/\\\/escolaraiz.pt\\\/pt\\\/wp-content\\\/uploads\\\/2020\\\/12\\\/30-de-ovembro.jpg\",\"contentUrl\":\"https:\\\/\\\/escolaraiz.pt\\\/pt\\\/wp-content\\\/uploads\\\/2020\\\/12\\\/30-de-ovembro.jpg\",\"width\":581,\"height\":594},{\"@type\":\"BreadcrumbList\",\"@id\":\"https:\\\/\\\/escolaraiz.pt\\\/pt\\\/noticias\\\/o-thanksgiving-na-raiz\\\/#breadcrumb\",\"itemListElement\":[{\"@type\":\"ListItem\",\"position\":1,\"name\":\"In\u00edcio\",\"item\":\"https:\\\/\\\/escolaraiz.pt\\\/pt\\\/\"},{\"@type\":\"ListItem\",\"position\":2,\"name\":\"O #Thanksgiving na Raiz\"}]},{\"@type\":\"WebSite\",\"@id\":\"https:\\\/\\\/escolaraiz.pt\\\/pt\\\/#website\",\"url\":\"https:\\\/\\\/escolaraiz.pt\\\/pt\\\/\",\"name\":\"Raiz\",\"description\":\"Active Learning School\",\"potentialAction\":[{\"@type\":\"SearchAction\",\"target\":{\"@type\":\"EntryPoint\",\"urlTemplate\":\"https:\\\/\\\/escolaraiz.pt\\\/pt\\\/?s={search_term_string}\"},\"query-input\":{\"@type\":\"PropertyValueSpecification\",\"valueRequired\":true,\"valueName\":\"search_term_string\"}}],\"inLanguage\":\"pt-PT\"},{\"@type\":\"Person\",\"@id\":\"https:\\\/\\\/escolaraiz.pt\\\/pt\\\/#\\\/schema\\\/person\\\/6345bdaf152ba0769cdcc8492bf088e1\",\"name\":\"Joana\"}]}<\/script>\n<!-- \/ Yoast SEO plugin. -->","yoast_head_json":{"title":"O #Thanksgiving na Raiz - Raiz","robots":{"index":"index","follow":"follow","max-snippet":"max-snippet:-1","max-image-preview":"max-image-preview:large","max-video-preview":"max-video-preview:-1"},"canonical":"https:\/\/escolaraiz.pt\/pt\/noticias\/o-thanksgiving-na-raiz\/","twitter_card":"summary_large_image","twitter_title":"O #Thanksgiving na Raiz - Raiz","twitter_description":"Na passada quinta feira celebr\u00e1mos o #Thanksgiving. Refletimos e constru\u00edmos murais, em ingl\u00eas, onde agradecemos por aquilo que \u00e9 mais importante.","twitter_image":"https:\/\/escolaraiz.pt\/pt\/wp-content\/uploads\/2020\/12\/30-de-ovembro.jpg","twitter_misc":{"Escrito por":"Joana"},"schema":{"@context":"https:\/\/schema.org","@graph":[{"@type":"Article","@id":"https:\/\/escolaraiz.pt\/pt\/noticias\/o-thanksgiving-na-raiz\/#article","isPartOf":{"@id":"https:\/\/escolaraiz.pt\/pt\/noticias\/o-thanksgiving-na-raiz\/"},"author":{"name":"Joana","@id":"https:\/\/escolaraiz.pt\/pt\/#\/schema\/person\/6345bdaf152ba0769cdcc8492bf088e1"},"headline":"O #Thanksgiving na Raiz","datePublished":"2020-11-30T18:34:08+00:00","dateModified":"2020-12-07T18:37:46+00:00","mainEntityOfPage":{"@id":"https:\/\/escolaraiz.pt\/pt\/noticias\/o-thanksgiving-na-raiz\/"},"wordCount":27,"image":{"@id":"https:\/\/escolaraiz.pt\/pt\/noticias\/o-thanksgiving-na-raiz\/#primaryimage"},"thumbnailUrl":"https:\/\/escolaraiz.pt\/pt\/wp-content\/uploads\/2020\/12\/30-de-ovembro.jpg","articleSection":["Noticias"],"inLanguage":"pt-PT"},{"@type":"WebPage","@id":"https:\/\/escolaraiz.pt\/pt\/noticias\/o-thanksgiving-na-raiz\/","url":"https:\/\/escolaraiz.pt\/pt\/noticias\/o-thanksgiving-na-raiz\/","name":"O #Thanksgiving na Raiz - Raiz","isPartOf":{"@id":"https:\/\/escolaraiz.pt\/pt\/#website"},"primaryImageOfPage":{"@id":"https:\/\/escolaraiz.pt\/pt\/noticias\/o-thanksgiving-na-raiz\/#primaryimage"},"image":{"@id":"https:\/\/escolaraiz.pt\/pt\/noticias\/o-thanksgiving-na-raiz\/#primaryimage"},"thumbnailUrl":"https:\/\/escolaraiz.pt\/pt\/wp-content\/uploads\/2020\/12\/30-de-ovembro.jpg","datePublished":"2020-11-30T18:34:08+00:00","dateModified":"2020-12-07T18:37:46+00:00","author":{"@id":"https:\/\/escolaraiz.pt\/pt\/#\/schema\/person\/6345bdaf152ba0769cdcc8492bf088e1"},"breadcrumb":{"@id":"https:\/\/escolaraiz.pt\/pt\/noticias\/o-thanksgiving-na-raiz\/#breadcrumb"},"inLanguage":"pt-PT","potentialAction":[{"@type":"ReadAction","target":["https:\/\/escolaraiz.pt\/pt\/noticias\/o-thanksgiving-na-raiz\/"]}]},{"@type":"ImageObject","inLanguage":"pt-PT","@id":"https:\/\/escolaraiz.pt\/pt\/noticias\/o-thanksgiving-na-raiz\/#primaryimage","url":"https:\/\/escolaraiz.pt\/pt\/wp-content\/uploads\/2020\/12\/30-de-ovembro.jpg","contentUrl":"https:\/\/escolaraiz.pt\/pt\/wp-content\/uploads\/2020\/12\/30-de-ovembro.jpg","width":581,"height":594},{"@type":"BreadcrumbList","@id":"https:\/\/escolaraiz.pt\/pt\/noticias\/o-thanksgiving-na-raiz\/#breadcrumb","itemListElement":[{"@type":"ListItem","position":1,"name":"In\u00edcio","item":"https:\/\/escolaraiz.pt\/pt\/"},{"@type":"ListItem","position":2,"name":"O #Thanksgiving na Raiz"}]},{"@type":"WebSite","@id":"https:\/\/escolaraiz.pt\/pt\/#website","url":"https:\/\/escolaraiz.pt\/pt\/","name":"Raiz","description":"Active Learning School","potentialAction":[{"@type":"SearchAction","target":{"@type":"EntryPoint","urlTemplate":"https:\/\/escolaraiz.pt\/pt\/?s={search_term_string}"},"query-input":{"@type":"PropertyValueSpecification","valueRequired":true,"valueName":"search_term_string"}}],"inLanguage":"pt-PT"},{"@type":"Person","@id":"https:\/\/escolaraiz.pt\/pt\/#\/schema\/person\/6345bdaf152ba0769cdcc8492bf088e1","name":"Joana"}]}},"_links":{"self":[{"href":"https:\/\/escolaraiz.pt\/pt\/wp-json\/wp\/v2\/posts\/29458","targetHints":{"allow":["GET"]}}],"collection":[{"href":"https:\/\/escolaraiz.pt\/pt\/wp-json\/wp\/v2\/posts"}],"about":[{"href":"https:\/\/escolaraiz.pt\/pt\/wp-json\/wp\/v2\/types\/post"}],"author":[{"embeddable":true,"href":"https:\/\/escolaraiz.pt\/pt\/wp-json\/wp\/v2\/users\/6"}],"replies":[{"embeddable":true,"href":"https:\/\/escolaraiz.pt\/pt\/wp-json\/wp\/v2\/comments?post=29458"}],"version-history":[{"count":1,"href":"https:\/\/escolaraiz.pt\/pt\/wp-json\/wp\/v2\/posts\/29458\/revisions"}],"predecessor-version":[{"id":29463,"href":"https:\/\/escolaraiz.pt\/pt\/wp-json\/wp\/v2\/posts\/29458\/revisions\/29463"}],"wp:featuredmedia":[{"embeddable":true,"href":"https:\/\/escolaraiz.pt\/pt\/wp-json\/wp\/v2\/media\/29462"}],"wp:attachment":[{"href":"https:\/\/escolaraiz.pt\/pt\/wp-json\/wp\/v2\/media?parent=29458"}],"wp:term":[{"taxonomy":"category","embeddable":true,"href":"https:\/\/escolaraiz.pt\/pt\/wp-json\/wp\/v2\/categories?post=29458"},{"taxonomy":"post_tag","embeddable":true,"href":"https:\/\/escolaraiz.pt\/pt\/wp-json\/wp\/v2\/tags?post=29458"}],"curies":[{"name":"wp","href":"https:\/\/api.w.org\/{rel}","templated":true}]}}