{"id":29442,"date":"2020-11-05T18:21:49","date_gmt":"2020-11-05T18:21:49","guid":{"rendered":"https:\/\/escolaraiz.pt\/pt\/?p=29442"},"modified":"2020-12-07T18:26:06","modified_gmt":"2020-12-07T18:26:06","slug":"correspondencia-entre-salas","status":"publish","type":"post","link":"https:\/\/escolaraiz.pt\/pt\/noticias\/correspondencia-entre-salas\/","title":{"rendered":"Correspond\u00eancia entre salas"},"content":{"rendered":"\n<p>A Raiz vai iniciar o projeto &#8220;Pontes entre Ilhas&#8221;. Impedidos de proximidade f\u00edsica entre turmas, iremos promover a correspond\u00eancia entre as diferentes salas e val\u00eancias da escola. Nestas imagens podem ver a constru\u00e7\u00e3o do marco do correio que ser\u00e1 central nesta comunica\u00e7\u00e3o. Alunos de 6o ano pesquisaram, desenharam, mediram, cortaram, colaram, pintaram e deram vida a este marco de correio.<\/p>\n\n\n\n<figure class=\"wp-block-gallery columns-3 is-cropped wp-block-gallery-1 is-layout-flex wp-block-gallery-is-layout-flex\"><ul class=\"blocks-gallery-grid\"><li class=\"blocks-gallery-item\"><figure><img loading=\"lazy\" decoding=\"async\" width=\"437\" height=\"535\" src=\"https:\/\/escolaraiz.pt\/pt\/wp-content\/uploads\/2020\/12\/5-novembro-2.jpg\" alt=\"\" data-id=\"29444\" data-full-url=\"https:\/\/escolaraiz.pt\/pt\/wp-content\/uploads\/2020\/12\/5-novembro-2.jpg\" data-link=\"https:\/\/escolaraiz.pt\/pt\/?attachment_id=29444\" class=\"wp-image-29444\" srcset=\"https:\/\/escolaraiz.pt\/pt\/wp-content\/uploads\/2020\/12\/5-novembro-2.jpg 437w, https:\/\/escolaraiz.pt\/pt\/wp-content\/uploads\/2020\/12\/5-novembro-2-245x300.jpg 245w\" sizes=\"auto, (max-width: 437px) 100vw, 437px\" \/><\/figure><\/li><li class=\"blocks-gallery-item\"><figure><img loading=\"lazy\" decoding=\"async\" width=\"447\" height=\"588\" src=\"https:\/\/escolaraiz.pt\/pt\/wp-content\/uploads\/2020\/12\/5-novembro-5.jpg\" alt=\"\" data-id=\"29445\" data-full-url=\"https:\/\/escolaraiz.pt\/pt\/wp-content\/uploads\/2020\/12\/5-novembro-5.jpg\" data-link=\"https:\/\/escolaraiz.pt\/pt\/?attachment_id=29445\" class=\"wp-image-29445\" srcset=\"https:\/\/escolaraiz.pt\/pt\/wp-content\/uploads\/2020\/12\/5-novembro-5.jpg 447w, https:\/\/escolaraiz.pt\/pt\/wp-content\/uploads\/2020\/12\/5-novembro-5-228x300.jpg 228w\" sizes=\"auto, (max-width: 447px) 100vw, 447px\" \/><\/figure><\/li><li class=\"blocks-gallery-item\"><figure><img loading=\"lazy\" decoding=\"async\" width=\"451\" height=\"592\" src=\"https:\/\/escolaraiz.pt\/pt\/wp-content\/uploads\/2020\/12\/5-novembro.jpg\" alt=\"\" data-id=\"29446\" data-full-url=\"https:\/\/escolaraiz.pt\/pt\/wp-content\/uploads\/2020\/12\/5-novembro.jpg\" data-link=\"https:\/\/escolaraiz.pt\/pt\/?attachment_id=29446\" class=\"wp-image-29446\" srcset=\"https:\/\/escolaraiz.pt\/pt\/wp-content\/uploads\/2020\/12\/5-novembro.jpg 451w, https:\/\/escolaraiz.pt\/pt\/wp-content\/uploads\/2020\/12\/5-novembro-229x300.jpg 229w\" sizes=\"auto, (max-width: 451px) 100vw, 451px\" \/><\/figure><\/li><li class=\"blocks-gallery-item\"><figure><img loading=\"lazy\" decoding=\"async\" width=\"444\" height=\"587\" src=\"https:\/\/escolaraiz.pt\/pt\/wp-content\/uploads\/2020\/12\/5-ovembro-4.jpg\" alt=\"\" data-id=\"29447\" data-full-url=\"https:\/\/escolaraiz.pt\/pt\/wp-content\/uploads\/2020\/12\/5-ovembro-4.jpg\" data-link=\"https:\/\/escolaraiz.pt\/pt\/?attachment_id=29447\" class=\"wp-image-29447\" srcset=\"https:\/\/escolaraiz.pt\/pt\/wp-content\/uploads\/2020\/12\/5-ovembro-4.jpg 444w, https:\/\/escolaraiz.pt\/pt\/wp-content\/uploads\/2020\/12\/5-ovembro-4-227x300.jpg 227w\" sizes=\"auto, (max-width: 444px) 100vw, 444px\" \/><\/figure><\/li><\/ul><\/figure>\n","protected":false},"excerpt":{"rendered":"<p>A Raiz vai iniciar o projeto &#8220;Pontes entre Ilhas&#8221;. Impedidos de proximidade f\u00edsica entre turmas, iremos promover a correspond\u00eancia entre as diferentes salas e val\u00eancias da escola. Nestas imagens podem ver a constru\u00e7\u00e3o do marco do correio que ser\u00e1 central nesta comunica\u00e7\u00e3o. Alunos de 6o ano pesquisaram, desenharam, mediram, cortaram, colaram, pintaram e deram vida<\/p>\n","protected":false},"author":6,"featured_media":29443,"comment_status":"closed","ping_status":"open","sticky":false,"template":"","format":"standard","meta":{"footnotes":""},"categories":[5],"tags":[],"class_list":["post-29442","post","type-post","status-publish","format-standard","has-post-thumbnail","hentry","category-noticias"],"yoast_head":"<!-- This site is optimized with the Yoast SEO plugin v27.5 - https:\/\/yoast.com\/product\/yoast-seo-wordpress\/ -->\n<title>Correspond\u00eancia entre salas - Raiz<\/title>\n<meta name=\"robots\" content=\"index, follow, max-snippet:-1, max-image-preview:large, max-video-preview:-1\" \/>\n<link rel=\"canonical\" href=\"https:\/\/escolaraiz.pt\/pt\/noticias\/correspondencia-entre-salas\/\" \/>\n<meta name=\"twitter:card\" content=\"summary_large_image\" \/>\n<meta name=\"twitter:title\" content=\"Correspond\u00eancia entre salas - Raiz\" \/>\n<meta name=\"twitter:description\" content=\"A Raiz vai iniciar o projeto &#8220;Pontes entre Ilhas&#8221;. Impedidos de proximidade f\u00edsica entre turmas, iremos promover a correspond\u00eancia entre as diferentes salas e val\u00eancias da escola. Nestas imagens podem ver a constru\u00e7\u00e3o do marco do correio que ser\u00e1 central nesta comunica\u00e7\u00e3o. Alunos de 6o ano pesquisaram, desenharam, mediram, cortaram, colaram, pintaram e deram vida\" \/>\n<meta name=\"twitter:image\" content=\"https:\/\/escolaraiz.pt\/pt\/wp-content\/uploads\/2020\/12\/5-nvembro-6.jpg\" \/>\n<meta name=\"twitter:label1\" content=\"Escrito por\" \/>\n\t<meta name=\"twitter:data1\" content=\"Joana\" \/>\n<script type=\"application\/ld+json\" class=\"yoast-schema-graph\">{\"@context\":\"https:\\\/\\\/schema.org\",\"@graph\":[{\"@type\":\"Article\",\"@id\":\"https:\\\/\\\/escolaraiz.pt\\\/pt\\\/noticias\\\/correspondencia-entre-salas\\\/#article\",\"isPartOf\":{\"@id\":\"https:\\\/\\\/escolaraiz.pt\\\/pt\\\/noticias\\\/correspondencia-entre-salas\\\/\"},\"author\":{\"name\":\"Joana\",\"@id\":\"https:\\\/\\\/escolaraiz.pt\\\/pt\\\/#\\\/schema\\\/person\\\/6345bdaf152ba0769cdcc8492bf088e1\"},\"headline\":\"Correspond\u00eancia entre salas\",\"datePublished\":\"2020-11-05T18:21:49+00:00\",\"dateModified\":\"2020-12-07T18:26:06+00:00\",\"mainEntityOfPage\":{\"@id\":\"https:\\\/\\\/escolaraiz.pt\\\/pt\\\/noticias\\\/correspondencia-entre-salas\\\/\"},\"wordCount\":69,\"image\":{\"@id\":\"https:\\\/\\\/escolaraiz.pt\\\/pt\\\/noticias\\\/correspondencia-entre-salas\\\/#primaryimage\"},\"thumbnailUrl\":\"https:\\\/\\\/escolaraiz.pt\\\/pt\\\/wp-content\\\/uploads\\\/2020\\\/12\\\/5-nvembro-6.jpg\",\"articleSection\":[\"Noticias\"],\"inLanguage\":\"pt-PT\"},{\"@type\":\"WebPage\",\"@id\":\"https:\\\/\\\/escolaraiz.pt\\\/pt\\\/noticias\\\/correspondencia-entre-salas\\\/\",\"url\":\"https:\\\/\\\/escolaraiz.pt\\\/pt\\\/noticias\\\/correspondencia-entre-salas\\\/\",\"name\":\"Correspond\u00eancia entre salas - Raiz\",\"isPartOf\":{\"@id\":\"https:\\\/\\\/escolaraiz.pt\\\/pt\\\/#website\"},\"primaryImageOfPage\":{\"@id\":\"https:\\\/\\\/escolaraiz.pt\\\/pt\\\/noticias\\\/correspondencia-entre-salas\\\/#primaryimage\"},\"image\":{\"@id\":\"https:\\\/\\\/escolaraiz.pt\\\/pt\\\/noticias\\\/correspondencia-entre-salas\\\/#primaryimage\"},\"thumbnailUrl\":\"https:\\\/\\\/escolaraiz.pt\\\/pt\\\/wp-content\\\/uploads\\\/2020\\\/12\\\/5-nvembro-6.jpg\",\"datePublished\":\"2020-11-05T18:21:49+00:00\",\"dateModified\":\"2020-12-07T18:26:06+00:00\",\"author\":{\"@id\":\"https:\\\/\\\/escolaraiz.pt\\\/pt\\\/#\\\/schema\\\/person\\\/6345bdaf152ba0769cdcc8492bf088e1\"},\"breadcrumb\":{\"@id\":\"https:\\\/\\\/escolaraiz.pt\\\/pt\\\/noticias\\\/correspondencia-entre-salas\\\/#breadcrumb\"},\"inLanguage\":\"pt-PT\",\"potentialAction\":[{\"@type\":\"ReadAction\",\"target\":[\"https:\\\/\\\/escolaraiz.pt\\\/pt\\\/noticias\\\/correspondencia-entre-salas\\\/\"]}]},{\"@type\":\"ImageObject\",\"inLanguage\":\"pt-PT\",\"@id\":\"https:\\\/\\\/escolaraiz.pt\\\/pt\\\/noticias\\\/correspondencia-entre-salas\\\/#primaryimage\",\"url\":\"https:\\\/\\\/escolaraiz.pt\\\/pt\\\/wp-content\\\/uploads\\\/2020\\\/12\\\/5-nvembro-6.jpg\",\"contentUrl\":\"https:\\\/\\\/escolaraiz.pt\\\/pt\\\/wp-content\\\/uploads\\\/2020\\\/12\\\/5-nvembro-6.jpg\",\"width\":761,\"height\":576},{\"@type\":\"BreadcrumbList\",\"@id\":\"https:\\\/\\\/escolaraiz.pt\\\/pt\\\/noticias\\\/correspondencia-entre-salas\\\/#breadcrumb\",\"itemListElement\":[{\"@type\":\"ListItem\",\"position\":1,\"name\":\"In\u00edcio\",\"item\":\"https:\\\/\\\/escolaraiz.pt\\\/pt\\\/\"},{\"@type\":\"ListItem\",\"position\":2,\"name\":\"Correspond\u00eancia entre salas\"}]},{\"@type\":\"WebSite\",\"@id\":\"https:\\\/\\\/escolaraiz.pt\\\/pt\\\/#website\",\"url\":\"https:\\\/\\\/escolaraiz.pt\\\/pt\\\/\",\"name\":\"Raiz\",\"description\":\"Active Learning School\",\"potentialAction\":[{\"@type\":\"SearchAction\",\"target\":{\"@type\":\"EntryPoint\",\"urlTemplate\":\"https:\\\/\\\/escolaraiz.pt\\\/pt\\\/?s={search_term_string}\"},\"query-input\":{\"@type\":\"PropertyValueSpecification\",\"valueRequired\":true,\"valueName\":\"search_term_string\"}}],\"inLanguage\":\"pt-PT\"},{\"@type\":\"Person\",\"@id\":\"https:\\\/\\\/escolaraiz.pt\\\/pt\\\/#\\\/schema\\\/person\\\/6345bdaf152ba0769cdcc8492bf088e1\",\"name\":\"Joana\"}]}<\/script>\n<!-- \/ Yoast SEO plugin. -->","yoast_head_json":{"title":"Correspond\u00eancia entre salas - Raiz","robots":{"index":"index","follow":"follow","max-snippet":"max-snippet:-1","max-image-preview":"max-image-preview:large","max-video-preview":"max-video-preview:-1"},"canonical":"https:\/\/escolaraiz.pt\/pt\/noticias\/correspondencia-entre-salas\/","twitter_card":"summary_large_image","twitter_title":"Correspond\u00eancia entre salas - Raiz","twitter_description":"A Raiz vai iniciar o projeto &#8220;Pontes entre Ilhas&#8221;. Impedidos de proximidade f\u00edsica entre turmas, iremos promover a correspond\u00eancia entre as diferentes salas e val\u00eancias da escola. Nestas imagens podem ver a constru\u00e7\u00e3o do marco do correio que ser\u00e1 central nesta comunica\u00e7\u00e3o. Alunos de 6o ano pesquisaram, desenharam, mediram, cortaram, colaram, pintaram e deram vida","twitter_image":"https:\/\/escolaraiz.pt\/pt\/wp-content\/uploads\/2020\/12\/5-nvembro-6.jpg","twitter_misc":{"Escrito por":"Joana"},"schema":{"@context":"https:\/\/schema.org","@graph":[{"@type":"Article","@id":"https:\/\/escolaraiz.pt\/pt\/noticias\/correspondencia-entre-salas\/#article","isPartOf":{"@id":"https:\/\/escolaraiz.pt\/pt\/noticias\/correspondencia-entre-salas\/"},"author":{"name":"Joana","@id":"https:\/\/escolaraiz.pt\/pt\/#\/schema\/person\/6345bdaf152ba0769cdcc8492bf088e1"},"headline":"Correspond\u00eancia entre salas","datePublished":"2020-11-05T18:21:49+00:00","dateModified":"2020-12-07T18:26:06+00:00","mainEntityOfPage":{"@id":"https:\/\/escolaraiz.pt\/pt\/noticias\/correspondencia-entre-salas\/"},"wordCount":69,"image":{"@id":"https:\/\/escolaraiz.pt\/pt\/noticias\/correspondencia-entre-salas\/#primaryimage"},"thumbnailUrl":"https:\/\/escolaraiz.pt\/pt\/wp-content\/uploads\/2020\/12\/5-nvembro-6.jpg","articleSection":["Noticias"],"inLanguage":"pt-PT"},{"@type":"WebPage","@id":"https:\/\/escolaraiz.pt\/pt\/noticias\/correspondencia-entre-salas\/","url":"https:\/\/escolaraiz.pt\/pt\/noticias\/correspondencia-entre-salas\/","name":"Correspond\u00eancia entre salas - Raiz","isPartOf":{"@id":"https:\/\/escolaraiz.pt\/pt\/#website"},"primaryImageOfPage":{"@id":"https:\/\/escolaraiz.pt\/pt\/noticias\/correspondencia-entre-salas\/#primaryimage"},"image":{"@id":"https:\/\/escolaraiz.pt\/pt\/noticias\/correspondencia-entre-salas\/#primaryimage"},"thumbnailUrl":"https:\/\/escolaraiz.pt\/pt\/wp-content\/uploads\/2020\/12\/5-nvembro-6.jpg","datePublished":"2020-11-05T18:21:49+00:00","dateModified":"2020-12-07T18:26:06+00:00","author":{"@id":"https:\/\/escolaraiz.pt\/pt\/#\/schema\/person\/6345bdaf152ba0769cdcc8492bf088e1"},"breadcrumb":{"@id":"https:\/\/escolaraiz.pt\/pt\/noticias\/correspondencia-entre-salas\/#breadcrumb"},"inLanguage":"pt-PT","potentialAction":[{"@type":"ReadAction","target":["https:\/\/escolaraiz.pt\/pt\/noticias\/correspondencia-entre-salas\/"]}]},{"@type":"ImageObject","inLanguage":"pt-PT","@id":"https:\/\/escolaraiz.pt\/pt\/noticias\/correspondencia-entre-salas\/#primaryimage","url":"https:\/\/escolaraiz.pt\/pt\/wp-content\/uploads\/2020\/12\/5-nvembro-6.jpg","contentUrl":"https:\/\/escolaraiz.pt\/pt\/wp-content\/uploads\/2020\/12\/5-nvembro-6.jpg","width":761,"height":576},{"@type":"BreadcrumbList","@id":"https:\/\/escolaraiz.pt\/pt\/noticias\/correspondencia-entre-salas\/#breadcrumb","itemListElement":[{"@type":"ListItem","position":1,"name":"In\u00edcio","item":"https:\/\/escolaraiz.pt\/pt\/"},{"@type":"ListItem","position":2,"name":"Correspond\u00eancia entre salas"}]},{"@type":"WebSite","@id":"https:\/\/escolaraiz.pt\/pt\/#website","url":"https:\/\/escolaraiz.pt\/pt\/","name":"Raiz","description":"Active Learning School","potentialAction":[{"@type":"SearchAction","target":{"@type":"EntryPoint","urlTemplate":"https:\/\/escolaraiz.pt\/pt\/?s={search_term_string}"},"query-input":{"@type":"PropertyValueSpecification","valueRequired":true,"valueName":"search_term_string"}}],"inLanguage":"pt-PT"},{"@type":"Person","@id":"https:\/\/escolaraiz.pt\/pt\/#\/schema\/person\/6345bdaf152ba0769cdcc8492bf088e1","name":"Joana"}]}},"_links":{"self":[{"href":"https:\/\/escolaraiz.pt\/pt\/wp-json\/wp\/v2\/posts\/29442","targetHints":{"allow":["GET"]}}],"collection":[{"href":"https:\/\/escolaraiz.pt\/pt\/wp-json\/wp\/v2\/posts"}],"about":[{"href":"https:\/\/escolaraiz.pt\/pt\/wp-json\/wp\/v2\/types\/post"}],"author":[{"embeddable":true,"href":"https:\/\/escolaraiz.pt\/pt\/wp-json\/wp\/v2\/users\/6"}],"replies":[{"embeddable":true,"href":"https:\/\/escolaraiz.pt\/pt\/wp-json\/wp\/v2\/comments?post=29442"}],"version-history":[{"count":1,"href":"https:\/\/escolaraiz.pt\/pt\/wp-json\/wp\/v2\/posts\/29442\/revisions"}],"predecessor-version":[{"id":29448,"href":"https:\/\/escolaraiz.pt\/pt\/wp-json\/wp\/v2\/posts\/29442\/revisions\/29448"}],"wp:featuredmedia":[{"embeddable":true,"href":"https:\/\/escolaraiz.pt\/pt\/wp-json\/wp\/v2\/media\/29443"}],"wp:attachment":[{"href":"https:\/\/escolaraiz.pt\/pt\/wp-json\/wp\/v2\/media?parent=29442"}],"wp:term":[{"taxonomy":"category","embeddable":true,"href":"https:\/\/escolaraiz.pt\/pt\/wp-json\/wp\/v2\/categories?post=29442"},{"taxonomy":"post_tag","embeddable":true,"href":"https:\/\/escolaraiz.pt\/pt\/wp-json\/wp\/v2\/tags?post=29442"}],"curies":[{"name":"wp","href":"https:\/\/api.w.org\/{rel}","templated":true}]}}