{"id":29415,"date":"2020-10-29T18:00:15","date_gmt":"2020-10-29T18:00:15","guid":{"rendered":"https:\/\/escolaraiz.pt\/pt\/?p=29415"},"modified":"2020-12-07T18:02:15","modified_gmt":"2020-12-07T18:02:15","slug":"o-recanto-de-leitura-da-aula-de-portugues","status":"publish","type":"post","link":"https:\/\/escolaraiz.pt\/pt\/noticias\/o-recanto-de-leitura-da-aula-de-portugues\/","title":{"rendered":"O Recanto de Leitura da aula de Portugu\u00eas"},"content":{"rendered":"\n<p>O Recanto de Leitura \u00e9 um momento da aula de Portugu\u00eas em que se pratica a Leitura silenciosamente, incutindo um gosto e um h\u00e1bito que ir\u00e3o despoletar compet\u00eancias essenciais ao racioc\u00ednio.A escolha de diferentes espa\u00e7os de trabalho proporciona um forte est\u00edmulo \u00e0 aprendizagem. Quem n\u00e3o gostaria de ler ou de escrever debaixo das \u00e1rvores ou numa casinha de madeira? <img loading=\"lazy\" decoding=\"async\" height=\"16\" width=\"16\" alt=\"?\" src=\"https:\/\/static.xx.fbcdn.net\/images\/emoji.php\/v9\/t6b\/1\/16\/1f333.png\"><\/p>\n\n\n\n<figure class=\"wp-block-gallery columns-1 is-cropped wp-block-gallery-1 is-layout-flex wp-block-gallery-is-layout-flex\"><ul class=\"blocks-gallery-grid\"><li class=\"blocks-gallery-item\"><figure><img loading=\"lazy\" decoding=\"async\" width=\"412\" height=\"581\" src=\"https:\/\/escolaraiz.pt\/pt\/wp-content\/uploads\/2020\/12\/29-outubro-1.jpg\" alt=\"\" data-id=\"29416\" data-full-url=\"https:\/\/escolaraiz.pt\/pt\/wp-content\/uploads\/2020\/12\/29-outubro-1.jpg\" data-link=\"https:\/\/escolaraiz.pt\/pt\/?attachment_id=29416\" class=\"wp-image-29416\" srcset=\"https:\/\/escolaraiz.pt\/pt\/wp-content\/uploads\/2020\/12\/29-outubro-1.jpg 412w, https:\/\/escolaraiz.pt\/pt\/wp-content\/uploads\/2020\/12\/29-outubro-1-213x300.jpg 213w\" sizes=\"auto, (max-width: 412px) 100vw, 412px\" \/><\/figure><\/li><\/ul><\/figure>\n","protected":false},"excerpt":{"rendered":"<p>O Recanto de Leitura \u00e9 um momento da aula de Portugu\u00eas em que se pratica a Leitura silenciosamente, incutindo um gosto e um h\u00e1bito que ir\u00e3o despoletar compet\u00eancias essenciais ao racioc\u00ednio.A escolha de diferentes espa\u00e7os de trabalho proporciona um forte est\u00edmulo \u00e0 aprendizagem. Quem n\u00e3o gostaria de ler ou de escrever debaixo das \u00e1rvores ou<\/p>\n","protected":false},"author":6,"featured_media":29417,"comment_status":"closed","ping_status":"open","sticky":false,"template":"","format":"standard","meta":{"footnotes":""},"categories":[5],"tags":[],"class_list":["post-29415","post","type-post","status-publish","format-standard","has-post-thumbnail","hentry","category-noticias"],"yoast_head":"<!-- This site is optimized with the Yoast SEO plugin v27.5 - https:\/\/yoast.com\/product\/yoast-seo-wordpress\/ -->\n<title>O Recanto de Leitura da aula de Portugu\u00eas - Raiz<\/title>\n<meta name=\"robots\" content=\"index, follow, max-snippet:-1, max-image-preview:large, max-video-preview:-1\" \/>\n<link rel=\"canonical\" href=\"https:\/\/escolaraiz.pt\/pt\/noticias\/o-recanto-de-leitura-da-aula-de-portugues\/\" \/>\n<meta name=\"twitter:card\" content=\"summary_large_image\" \/>\n<meta name=\"twitter:title\" content=\"O Recanto de Leitura da aula de Portugu\u00eas - Raiz\" \/>\n<meta name=\"twitter:description\" content=\"O Recanto de Leitura \u00e9 um momento da aula de Portugu\u00eas em que se pratica a Leitura silenciosamente, incutindo um gosto e um h\u00e1bito que ir\u00e3o despoletar compet\u00eancias essenciais ao racioc\u00ednio.A escolha de diferentes espa\u00e7os de trabalho proporciona um forte est\u00edmulo \u00e0 aprendizagem. Quem n\u00e3o gostaria de ler ou de escrever debaixo das \u00e1rvores ou\" \/>\n<meta name=\"twitter:image\" content=\"https:\/\/escolaraiz.pt\/pt\/wp-content\/uploads\/2020\/12\/29-outubro.jpg\" \/>\n<meta name=\"twitter:label1\" content=\"Escrito por\" \/>\n\t<meta name=\"twitter:data1\" content=\"Joana\" \/>\n<script type=\"application\/ld+json\" class=\"yoast-schema-graph\">{\"@context\":\"https:\\\/\\\/schema.org\",\"@graph\":[{\"@type\":\"Article\",\"@id\":\"https:\\\/\\\/escolaraiz.pt\\\/pt\\\/noticias\\\/o-recanto-de-leitura-da-aula-de-portugues\\\/#article\",\"isPartOf\":{\"@id\":\"https:\\\/\\\/escolaraiz.pt\\\/pt\\\/noticias\\\/o-recanto-de-leitura-da-aula-de-portugues\\\/\"},\"author\":{\"name\":\"Joana\",\"@id\":\"https:\\\/\\\/escolaraiz.pt\\\/pt\\\/#\\\/schema\\\/person\\\/6345bdaf152ba0769cdcc8492bf088e1\"},\"headline\":\"O Recanto de Leitura da aula de Portugu\u00eas\",\"datePublished\":\"2020-10-29T18:00:15+00:00\",\"dateModified\":\"2020-12-07T18:02:15+00:00\",\"mainEntityOfPage\":{\"@id\":\"https:\\\/\\\/escolaraiz.pt\\\/pt\\\/noticias\\\/o-recanto-de-leitura-da-aula-de-portugues\\\/\"},\"wordCount\":75,\"image\":{\"@id\":\"https:\\\/\\\/escolaraiz.pt\\\/pt\\\/noticias\\\/o-recanto-de-leitura-da-aula-de-portugues\\\/#primaryimage\"},\"thumbnailUrl\":\"https:\\\/\\\/escolaraiz.pt\\\/pt\\\/wp-content\\\/uploads\\\/2020\\\/12\\\/29-outubro.jpg\",\"articleSection\":[\"Noticias\"],\"inLanguage\":\"pt-PT\"},{\"@type\":\"WebPage\",\"@id\":\"https:\\\/\\\/escolaraiz.pt\\\/pt\\\/noticias\\\/o-recanto-de-leitura-da-aula-de-portugues\\\/\",\"url\":\"https:\\\/\\\/escolaraiz.pt\\\/pt\\\/noticias\\\/o-recanto-de-leitura-da-aula-de-portugues\\\/\",\"name\":\"O Recanto de Leitura da aula de Portugu\u00eas - Raiz\",\"isPartOf\":{\"@id\":\"https:\\\/\\\/escolaraiz.pt\\\/pt\\\/#website\"},\"primaryImageOfPage\":{\"@id\":\"https:\\\/\\\/escolaraiz.pt\\\/pt\\\/noticias\\\/o-recanto-de-leitura-da-aula-de-portugues\\\/#primaryimage\"},\"image\":{\"@id\":\"https:\\\/\\\/escolaraiz.pt\\\/pt\\\/noticias\\\/o-recanto-de-leitura-da-aula-de-portugues\\\/#primaryimage\"},\"thumbnailUrl\":\"https:\\\/\\\/escolaraiz.pt\\\/pt\\\/wp-content\\\/uploads\\\/2020\\\/12\\\/29-outubro.jpg\",\"datePublished\":\"2020-10-29T18:00:15+00:00\",\"dateModified\":\"2020-12-07T18:02:15+00:00\",\"author\":{\"@id\":\"https:\\\/\\\/escolaraiz.pt\\\/pt\\\/#\\\/schema\\\/person\\\/6345bdaf152ba0769cdcc8492bf088e1\"},\"breadcrumb\":{\"@id\":\"https:\\\/\\\/escolaraiz.pt\\\/pt\\\/noticias\\\/o-recanto-de-leitura-da-aula-de-portugues\\\/#breadcrumb\"},\"inLanguage\":\"pt-PT\",\"potentialAction\":[{\"@type\":\"ReadAction\",\"target\":[\"https:\\\/\\\/escolaraiz.pt\\\/pt\\\/noticias\\\/o-recanto-de-leitura-da-aula-de-portugues\\\/\"]}]},{\"@type\":\"ImageObject\",\"inLanguage\":\"pt-PT\",\"@id\":\"https:\\\/\\\/escolaraiz.pt\\\/pt\\\/noticias\\\/o-recanto-de-leitura-da-aula-de-portugues\\\/#primaryimage\",\"url\":\"https:\\\/\\\/escolaraiz.pt\\\/pt\\\/wp-content\\\/uploads\\\/2020\\\/12\\\/29-outubro.jpg\",\"contentUrl\":\"https:\\\/\\\/escolaraiz.pt\\\/pt\\\/wp-content\\\/uploads\\\/2020\\\/12\\\/29-outubro.jpg\",\"width\":774,\"height\":595},{\"@type\":\"BreadcrumbList\",\"@id\":\"https:\\\/\\\/escolaraiz.pt\\\/pt\\\/noticias\\\/o-recanto-de-leitura-da-aula-de-portugues\\\/#breadcrumb\",\"itemListElement\":[{\"@type\":\"ListItem\",\"position\":1,\"name\":\"In\u00edcio\",\"item\":\"https:\\\/\\\/escolaraiz.pt\\\/pt\\\/\"},{\"@type\":\"ListItem\",\"position\":2,\"name\":\"O Recanto de Leitura da aula de Portugu\u00eas\"}]},{\"@type\":\"WebSite\",\"@id\":\"https:\\\/\\\/escolaraiz.pt\\\/pt\\\/#website\",\"url\":\"https:\\\/\\\/escolaraiz.pt\\\/pt\\\/\",\"name\":\"Raiz\",\"description\":\"Active Learning School\",\"potentialAction\":[{\"@type\":\"SearchAction\",\"target\":{\"@type\":\"EntryPoint\",\"urlTemplate\":\"https:\\\/\\\/escolaraiz.pt\\\/pt\\\/?s={search_term_string}\"},\"query-input\":{\"@type\":\"PropertyValueSpecification\",\"valueRequired\":true,\"valueName\":\"search_term_string\"}}],\"inLanguage\":\"pt-PT\"},{\"@type\":\"Person\",\"@id\":\"https:\\\/\\\/escolaraiz.pt\\\/pt\\\/#\\\/schema\\\/person\\\/6345bdaf152ba0769cdcc8492bf088e1\",\"name\":\"Joana\"}]}<\/script>\n<!-- \/ Yoast SEO plugin. -->","yoast_head_json":{"title":"O Recanto de Leitura da aula de Portugu\u00eas - Raiz","robots":{"index":"index","follow":"follow","max-snippet":"max-snippet:-1","max-image-preview":"max-image-preview:large","max-video-preview":"max-video-preview:-1"},"canonical":"https:\/\/escolaraiz.pt\/pt\/noticias\/o-recanto-de-leitura-da-aula-de-portugues\/","twitter_card":"summary_large_image","twitter_title":"O Recanto de Leitura da aula de Portugu\u00eas - Raiz","twitter_description":"O Recanto de Leitura \u00e9 um momento da aula de Portugu\u00eas em que se pratica a Leitura silenciosamente, incutindo um gosto e um h\u00e1bito que ir\u00e3o despoletar compet\u00eancias essenciais ao racioc\u00ednio.A escolha de diferentes espa\u00e7os de trabalho proporciona um forte est\u00edmulo \u00e0 aprendizagem. Quem n\u00e3o gostaria de ler ou de escrever debaixo das \u00e1rvores ou","twitter_image":"https:\/\/escolaraiz.pt\/pt\/wp-content\/uploads\/2020\/12\/29-outubro.jpg","twitter_misc":{"Escrito por":"Joana"},"schema":{"@context":"https:\/\/schema.org","@graph":[{"@type":"Article","@id":"https:\/\/escolaraiz.pt\/pt\/noticias\/o-recanto-de-leitura-da-aula-de-portugues\/#article","isPartOf":{"@id":"https:\/\/escolaraiz.pt\/pt\/noticias\/o-recanto-de-leitura-da-aula-de-portugues\/"},"author":{"name":"Joana","@id":"https:\/\/escolaraiz.pt\/pt\/#\/schema\/person\/6345bdaf152ba0769cdcc8492bf088e1"},"headline":"O Recanto de Leitura da aula de Portugu\u00eas","datePublished":"2020-10-29T18:00:15+00:00","dateModified":"2020-12-07T18:02:15+00:00","mainEntityOfPage":{"@id":"https:\/\/escolaraiz.pt\/pt\/noticias\/o-recanto-de-leitura-da-aula-de-portugues\/"},"wordCount":75,"image":{"@id":"https:\/\/escolaraiz.pt\/pt\/noticias\/o-recanto-de-leitura-da-aula-de-portugues\/#primaryimage"},"thumbnailUrl":"https:\/\/escolaraiz.pt\/pt\/wp-content\/uploads\/2020\/12\/29-outubro.jpg","articleSection":["Noticias"],"inLanguage":"pt-PT"},{"@type":"WebPage","@id":"https:\/\/escolaraiz.pt\/pt\/noticias\/o-recanto-de-leitura-da-aula-de-portugues\/","url":"https:\/\/escolaraiz.pt\/pt\/noticias\/o-recanto-de-leitura-da-aula-de-portugues\/","name":"O Recanto de Leitura da aula de Portugu\u00eas - Raiz","isPartOf":{"@id":"https:\/\/escolaraiz.pt\/pt\/#website"},"primaryImageOfPage":{"@id":"https:\/\/escolaraiz.pt\/pt\/noticias\/o-recanto-de-leitura-da-aula-de-portugues\/#primaryimage"},"image":{"@id":"https:\/\/escolaraiz.pt\/pt\/noticias\/o-recanto-de-leitura-da-aula-de-portugues\/#primaryimage"},"thumbnailUrl":"https:\/\/escolaraiz.pt\/pt\/wp-content\/uploads\/2020\/12\/29-outubro.jpg","datePublished":"2020-10-29T18:00:15+00:00","dateModified":"2020-12-07T18:02:15+00:00","author":{"@id":"https:\/\/escolaraiz.pt\/pt\/#\/schema\/person\/6345bdaf152ba0769cdcc8492bf088e1"},"breadcrumb":{"@id":"https:\/\/escolaraiz.pt\/pt\/noticias\/o-recanto-de-leitura-da-aula-de-portugues\/#breadcrumb"},"inLanguage":"pt-PT","potentialAction":[{"@type":"ReadAction","target":["https:\/\/escolaraiz.pt\/pt\/noticias\/o-recanto-de-leitura-da-aula-de-portugues\/"]}]},{"@type":"ImageObject","inLanguage":"pt-PT","@id":"https:\/\/escolaraiz.pt\/pt\/noticias\/o-recanto-de-leitura-da-aula-de-portugues\/#primaryimage","url":"https:\/\/escolaraiz.pt\/pt\/wp-content\/uploads\/2020\/12\/29-outubro.jpg","contentUrl":"https:\/\/escolaraiz.pt\/pt\/wp-content\/uploads\/2020\/12\/29-outubro.jpg","width":774,"height":595},{"@type":"BreadcrumbList","@id":"https:\/\/escolaraiz.pt\/pt\/noticias\/o-recanto-de-leitura-da-aula-de-portugues\/#breadcrumb","itemListElement":[{"@type":"ListItem","position":1,"name":"In\u00edcio","item":"https:\/\/escolaraiz.pt\/pt\/"},{"@type":"ListItem","position":2,"name":"O Recanto de Leitura da aula de Portugu\u00eas"}]},{"@type":"WebSite","@id":"https:\/\/escolaraiz.pt\/pt\/#website","url":"https:\/\/escolaraiz.pt\/pt\/","name":"Raiz","description":"Active Learning School","potentialAction":[{"@type":"SearchAction","target":{"@type":"EntryPoint","urlTemplate":"https:\/\/escolaraiz.pt\/pt\/?s={search_term_string}"},"query-input":{"@type":"PropertyValueSpecification","valueRequired":true,"valueName":"search_term_string"}}],"inLanguage":"pt-PT"},{"@type":"Person","@id":"https:\/\/escolaraiz.pt\/pt\/#\/schema\/person\/6345bdaf152ba0769cdcc8492bf088e1","name":"Joana"}]}},"_links":{"self":[{"href":"https:\/\/escolaraiz.pt\/pt\/wp-json\/wp\/v2\/posts\/29415","targetHints":{"allow":["GET"]}}],"collection":[{"href":"https:\/\/escolaraiz.pt\/pt\/wp-json\/wp\/v2\/posts"}],"about":[{"href":"https:\/\/escolaraiz.pt\/pt\/wp-json\/wp\/v2\/types\/post"}],"author":[{"embeddable":true,"href":"https:\/\/escolaraiz.pt\/pt\/wp-json\/wp\/v2\/users\/6"}],"replies":[{"embeddable":true,"href":"https:\/\/escolaraiz.pt\/pt\/wp-json\/wp\/v2\/comments?post=29415"}],"version-history":[{"count":1,"href":"https:\/\/escolaraiz.pt\/pt\/wp-json\/wp\/v2\/posts\/29415\/revisions"}],"predecessor-version":[{"id":29418,"href":"https:\/\/escolaraiz.pt\/pt\/wp-json\/wp\/v2\/posts\/29415\/revisions\/29418"}],"wp:featuredmedia":[{"embeddable":true,"href":"https:\/\/escolaraiz.pt\/pt\/wp-json\/wp\/v2\/media\/29417"}],"wp:attachment":[{"href":"https:\/\/escolaraiz.pt\/pt\/wp-json\/wp\/v2\/media?parent=29415"}],"wp:term":[{"taxonomy":"category","embeddable":true,"href":"https:\/\/escolaraiz.pt\/pt\/wp-json\/wp\/v2\/categories?post=29415"},{"taxonomy":"post_tag","embeddable":true,"href":"https:\/\/escolaraiz.pt\/pt\/wp-json\/wp\/v2\/tags?post=29415"}],"curies":[{"name":"wp","href":"https:\/\/api.w.org\/{rel}","templated":true}]}}