{"id":29398,"date":"2020-10-22T17:48:15","date_gmt":"2020-10-22T17:48:15","guid":{"rendered":"https:\/\/escolaraiz.pt\/pt\/?p=29398"},"modified":"2020-12-07T17:52:18","modified_gmt":"2020-12-07T17:52:18","slug":"brincadeiras-depois-do-diluvio","status":"publish","type":"post","link":"https:\/\/escolaraiz.pt\/pt\/noticias\/brincadeiras-depois-do-diluvio\/","title":{"rendered":"Brincadeiras depois do dil\u00favio"},"content":{"rendered":"\n<p>Ap\u00f3s o dil\u00favio \u00e9 t\u00e3o bom saltar nas pocinhas! <img loading=\"lazy\" decoding=\"async\" height=\"16\" width=\"16\" alt=\"?\" src=\"https:\/\/static.xx.fbcdn.net\/images\/emoji.php\/v9\/t4c\/1\/16\/1f642.png\"><img loading=\"lazy\" decoding=\"async\" height=\"16\" width=\"16\" alt=\"?\" src=\"https:\/\/static.xx.fbcdn.net\/images\/emoji.php\/v9\/tc1\/1\/16\/1f4a6.png\"> As crian\u00e7as puderam assistir ao dil\u00favio abrigadas no novo toldo e depois brincaram e saltaram a aproveitar a \u00e1gua da chuva.<\/p>\n\n\n\n<figure class=\"wp-block-gallery columns-3 is-cropped wp-block-gallery-1 is-layout-flex wp-block-gallery-is-layout-flex\"><ul class=\"blocks-gallery-grid\"><li class=\"blocks-gallery-item\"><figure><img loading=\"lazy\" decoding=\"async\" width=\"400\" height=\"567\" src=\"https:\/\/escolaraiz.pt\/pt\/wp-content\/uploads\/2020\/12\/22-outubro-3.jpg\" alt=\"\" data-id=\"29399\" data-full-url=\"https:\/\/escolaraiz.pt\/pt\/wp-content\/uploads\/2020\/12\/22-outubro-3.jpg\" data-link=\"https:\/\/escolaraiz.pt\/pt\/?attachment_id=29399\" class=\"wp-image-29399\" srcset=\"https:\/\/escolaraiz.pt\/pt\/wp-content\/uploads\/2020\/12\/22-outubro-3.jpg 400w, https:\/\/escolaraiz.pt\/pt\/wp-content\/uploads\/2020\/12\/22-outubro-3-212x300.jpg 212w\" sizes=\"auto, (max-width: 400px) 100vw, 400px\" \/><\/figure><\/li><li class=\"blocks-gallery-item\"><figure><img loading=\"lazy\" decoding=\"async\" width=\"752\" height=\"575\" src=\"https:\/\/escolaraiz.pt\/pt\/wp-content\/uploads\/2020\/12\/22-outubro-4.jpg\" alt=\"\" data-id=\"29400\" data-full-url=\"https:\/\/escolaraiz.pt\/pt\/wp-content\/uploads\/2020\/12\/22-outubro-4.jpg\" data-link=\"https:\/\/escolaraiz.pt\/pt\/?attachment_id=29400\" class=\"wp-image-29400\" srcset=\"https:\/\/escolaraiz.pt\/pt\/wp-content\/uploads\/2020\/12\/22-outubro-4.jpg 752w, https:\/\/escolaraiz.pt\/pt\/wp-content\/uploads\/2020\/12\/22-outubro-4-300x229.jpg 300w, https:\/\/escolaraiz.pt\/pt\/wp-content\/uploads\/2020\/12\/22-outubro-4-500x382.jpg 500w, https:\/\/escolaraiz.pt\/pt\/wp-content\/uploads\/2020\/12\/22-outubro-4-600x459.jpg 600w\" sizes=\"auto, (max-width: 752px) 100vw, 752px\" \/><\/figure><\/li><li class=\"blocks-gallery-item\"><figure><img loading=\"lazy\" decoding=\"async\" width=\"718\" height=\"586\" src=\"https:\/\/escolaraiz.pt\/pt\/wp-content\/uploads\/2020\/12\/22-outubro-5.jpg\" alt=\"\" data-id=\"29402\" data-full-url=\"https:\/\/escolaraiz.pt\/pt\/wp-content\/uploads\/2020\/12\/22-outubro-5.jpg\" data-link=\"https:\/\/escolaraiz.pt\/pt\/?attachment_id=29402\" class=\"wp-image-29402\" srcset=\"https:\/\/escolaraiz.pt\/pt\/wp-content\/uploads\/2020\/12\/22-outubro-5.jpg 718w, https:\/\/escolaraiz.pt\/pt\/wp-content\/uploads\/2020\/12\/22-outubro-5-300x245.jpg 300w, https:\/\/escolaraiz.pt\/pt\/wp-content\/uploads\/2020\/12\/22-outubro-5-500x408.jpg 500w, https:\/\/escolaraiz.pt\/pt\/wp-content\/uploads\/2020\/12\/22-outubro-5-600x490.jpg 600w\" sizes=\"auto, (max-width: 718px) 100vw, 718px\" \/><\/figure><\/li><li class=\"blocks-gallery-item\"><figure><img loading=\"lazy\" decoding=\"async\" width=\"764\" height=\"580\" src=\"https:\/\/escolaraiz.pt\/pt\/wp-content\/uploads\/2020\/12\/22-outubro.jpg\" alt=\"\" data-id=\"29403\" data-full-url=\"https:\/\/escolaraiz.pt\/pt\/wp-content\/uploads\/2020\/12\/22-outubro.jpg\" data-link=\"https:\/\/escolaraiz.pt\/pt\/?attachment_id=29403\" class=\"wp-image-29403\" srcset=\"https:\/\/escolaraiz.pt\/pt\/wp-content\/uploads\/2020\/12\/22-outubro.jpg 764w, https:\/\/escolaraiz.pt\/pt\/wp-content\/uploads\/2020\/12\/22-outubro-300x228.jpg 300w, https:\/\/escolaraiz.pt\/pt\/wp-content\/uploads\/2020\/12\/22-outubro-500x380.jpg 500w, https:\/\/escolaraiz.pt\/pt\/wp-content\/uploads\/2020\/12\/22-outubro-600x455.jpg 600w\" sizes=\"auto, (max-width: 764px) 100vw, 764px\" \/><\/figure><\/li><\/ul><\/figure>\n","protected":false},"excerpt":{"rendered":"<p>Ap\u00f3s o dil\u00favio \u00e9 t\u00e3o bom saltar nas pocinhas! As crian\u00e7as puderam assistir ao dil\u00favio abrigadas no novo toldo e depois brincaram e saltaram a aproveitar a \u00e1gua da chuva.<\/p>\n","protected":false},"author":6,"featured_media":29401,"comment_status":"closed","ping_status":"open","sticky":false,"template":"","format":"standard","meta":{"footnotes":""},"categories":[5],"tags":[],"class_list":["post-29398","post","type-post","status-publish","format-standard","has-post-thumbnail","hentry","category-noticias"],"yoast_head":"<!-- This site is optimized with the Yoast SEO plugin v27.5 - https:\/\/yoast.com\/product\/yoast-seo-wordpress\/ -->\n<title>Brincadeiras depois do dil\u00favio - Raiz<\/title>\n<meta name=\"robots\" content=\"index, follow, max-snippet:-1, max-image-preview:large, max-video-preview:-1\" \/>\n<link rel=\"canonical\" href=\"https:\/\/escolaraiz.pt\/pt\/noticias\/brincadeiras-depois-do-diluvio\/\" \/>\n<meta name=\"twitter:card\" content=\"summary_large_image\" \/>\n<meta name=\"twitter:title\" content=\"Brincadeiras depois do dil\u00favio - Raiz\" \/>\n<meta name=\"twitter:description\" content=\"Ap\u00f3s o dil\u00favio \u00e9 t\u00e3o bom saltar nas pocinhas! As crian\u00e7as puderam assistir ao dil\u00favio abrigadas no novo toldo e depois brincaram e saltaram a aproveitar a \u00e1gua da chuva.\" \/>\n<meta name=\"twitter:image\" content=\"https:\/\/escolaraiz.pt\/pt\/wp-content\/uploads\/2020\/12\/22-outubro-2.jpg\" \/>\n<meta name=\"twitter:label1\" content=\"Escrito por\" \/>\n\t<meta name=\"twitter:data1\" content=\"Joana\" \/>\n<script type=\"application\/ld+json\" class=\"yoast-schema-graph\">{\"@context\":\"https:\\\/\\\/schema.org\",\"@graph\":[{\"@type\":\"Article\",\"@id\":\"https:\\\/\\\/escolaraiz.pt\\\/pt\\\/noticias\\\/brincadeiras-depois-do-diluvio\\\/#article\",\"isPartOf\":{\"@id\":\"https:\\\/\\\/escolaraiz.pt\\\/pt\\\/noticias\\\/brincadeiras-depois-do-diluvio\\\/\"},\"author\":{\"name\":\"Joana\",\"@id\":\"https:\\\/\\\/escolaraiz.pt\\\/pt\\\/#\\\/schema\\\/person\\\/6345bdaf152ba0769cdcc8492bf088e1\"},\"headline\":\"Brincadeiras depois do dil\u00favio\",\"datePublished\":\"2020-10-22T17:48:15+00:00\",\"dateModified\":\"2020-12-07T17:52:18+00:00\",\"mainEntityOfPage\":{\"@id\":\"https:\\\/\\\/escolaraiz.pt\\\/pt\\\/noticias\\\/brincadeiras-depois-do-diluvio\\\/\"},\"wordCount\":39,\"image\":{\"@id\":\"https:\\\/\\\/escolaraiz.pt\\\/pt\\\/noticias\\\/brincadeiras-depois-do-diluvio\\\/#primaryimage\"},\"thumbnailUrl\":\"https:\\\/\\\/escolaraiz.pt\\\/pt\\\/wp-content\\\/uploads\\\/2020\\\/12\\\/22-outubro-2.jpg\",\"articleSection\":[\"Noticias\"],\"inLanguage\":\"pt-PT\"},{\"@type\":\"WebPage\",\"@id\":\"https:\\\/\\\/escolaraiz.pt\\\/pt\\\/noticias\\\/brincadeiras-depois-do-diluvio\\\/\",\"url\":\"https:\\\/\\\/escolaraiz.pt\\\/pt\\\/noticias\\\/brincadeiras-depois-do-diluvio\\\/\",\"name\":\"Brincadeiras depois do dil\u00favio - Raiz\",\"isPartOf\":{\"@id\":\"https:\\\/\\\/escolaraiz.pt\\\/pt\\\/#website\"},\"primaryImageOfPage\":{\"@id\":\"https:\\\/\\\/escolaraiz.pt\\\/pt\\\/noticias\\\/brincadeiras-depois-do-diluvio\\\/#primaryimage\"},\"image\":{\"@id\":\"https:\\\/\\\/escolaraiz.pt\\\/pt\\\/noticias\\\/brincadeiras-depois-do-diluvio\\\/#primaryimage\"},\"thumbnailUrl\":\"https:\\\/\\\/escolaraiz.pt\\\/pt\\\/wp-content\\\/uploads\\\/2020\\\/12\\\/22-outubro-2.jpg\",\"datePublished\":\"2020-10-22T17:48:15+00:00\",\"dateModified\":\"2020-12-07T17:52:18+00:00\",\"author\":{\"@id\":\"https:\\\/\\\/escolaraiz.pt\\\/pt\\\/#\\\/schema\\\/person\\\/6345bdaf152ba0769cdcc8492bf088e1\"},\"breadcrumb\":{\"@id\":\"https:\\\/\\\/escolaraiz.pt\\\/pt\\\/noticias\\\/brincadeiras-depois-do-diluvio\\\/#breadcrumb\"},\"inLanguage\":\"pt-PT\",\"potentialAction\":[{\"@type\":\"ReadAction\",\"target\":[\"https:\\\/\\\/escolaraiz.pt\\\/pt\\\/noticias\\\/brincadeiras-depois-do-diluvio\\\/\"]}]},{\"@type\":\"ImageObject\",\"inLanguage\":\"pt-PT\",\"@id\":\"https:\\\/\\\/escolaraiz.pt\\\/pt\\\/noticias\\\/brincadeiras-depois-do-diluvio\\\/#primaryimage\",\"url\":\"https:\\\/\\\/escolaraiz.pt\\\/pt\\\/wp-content\\\/uploads\\\/2020\\\/12\\\/22-outubro-2.jpg\",\"contentUrl\":\"https:\\\/\\\/escolaraiz.pt\\\/pt\\\/wp-content\\\/uploads\\\/2020\\\/12\\\/22-outubro-2.jpg\",\"width\":641,\"height\":580},{\"@type\":\"BreadcrumbList\",\"@id\":\"https:\\\/\\\/escolaraiz.pt\\\/pt\\\/noticias\\\/brincadeiras-depois-do-diluvio\\\/#breadcrumb\",\"itemListElement\":[{\"@type\":\"ListItem\",\"position\":1,\"name\":\"In\u00edcio\",\"item\":\"https:\\\/\\\/escolaraiz.pt\\\/pt\\\/\"},{\"@type\":\"ListItem\",\"position\":2,\"name\":\"Brincadeiras depois do dil\u00favio\"}]},{\"@type\":\"WebSite\",\"@id\":\"https:\\\/\\\/escolaraiz.pt\\\/pt\\\/#website\",\"url\":\"https:\\\/\\\/escolaraiz.pt\\\/pt\\\/\",\"name\":\"Raiz\",\"description\":\"Active Learning School\",\"potentialAction\":[{\"@type\":\"SearchAction\",\"target\":{\"@type\":\"EntryPoint\",\"urlTemplate\":\"https:\\\/\\\/escolaraiz.pt\\\/pt\\\/?s={search_term_string}\"},\"query-input\":{\"@type\":\"PropertyValueSpecification\",\"valueRequired\":true,\"valueName\":\"search_term_string\"}}],\"inLanguage\":\"pt-PT\"},{\"@type\":\"Person\",\"@id\":\"https:\\\/\\\/escolaraiz.pt\\\/pt\\\/#\\\/schema\\\/person\\\/6345bdaf152ba0769cdcc8492bf088e1\",\"name\":\"Joana\"}]}<\/script>\n<!-- \/ Yoast SEO plugin. -->","yoast_head_json":{"title":"Brincadeiras depois do dil\u00favio - Raiz","robots":{"index":"index","follow":"follow","max-snippet":"max-snippet:-1","max-image-preview":"max-image-preview:large","max-video-preview":"max-video-preview:-1"},"canonical":"https:\/\/escolaraiz.pt\/pt\/noticias\/brincadeiras-depois-do-diluvio\/","twitter_card":"summary_large_image","twitter_title":"Brincadeiras depois do dil\u00favio - Raiz","twitter_description":"Ap\u00f3s o dil\u00favio \u00e9 t\u00e3o bom saltar nas pocinhas! As crian\u00e7as puderam assistir ao dil\u00favio abrigadas no novo toldo e depois brincaram e saltaram a aproveitar a \u00e1gua da chuva.","twitter_image":"https:\/\/escolaraiz.pt\/pt\/wp-content\/uploads\/2020\/12\/22-outubro-2.jpg","twitter_misc":{"Escrito por":"Joana"},"schema":{"@context":"https:\/\/schema.org","@graph":[{"@type":"Article","@id":"https:\/\/escolaraiz.pt\/pt\/noticias\/brincadeiras-depois-do-diluvio\/#article","isPartOf":{"@id":"https:\/\/escolaraiz.pt\/pt\/noticias\/brincadeiras-depois-do-diluvio\/"},"author":{"name":"Joana","@id":"https:\/\/escolaraiz.pt\/pt\/#\/schema\/person\/6345bdaf152ba0769cdcc8492bf088e1"},"headline":"Brincadeiras depois do dil\u00favio","datePublished":"2020-10-22T17:48:15+00:00","dateModified":"2020-12-07T17:52:18+00:00","mainEntityOfPage":{"@id":"https:\/\/escolaraiz.pt\/pt\/noticias\/brincadeiras-depois-do-diluvio\/"},"wordCount":39,"image":{"@id":"https:\/\/escolaraiz.pt\/pt\/noticias\/brincadeiras-depois-do-diluvio\/#primaryimage"},"thumbnailUrl":"https:\/\/escolaraiz.pt\/pt\/wp-content\/uploads\/2020\/12\/22-outubro-2.jpg","articleSection":["Noticias"],"inLanguage":"pt-PT"},{"@type":"WebPage","@id":"https:\/\/escolaraiz.pt\/pt\/noticias\/brincadeiras-depois-do-diluvio\/","url":"https:\/\/escolaraiz.pt\/pt\/noticias\/brincadeiras-depois-do-diluvio\/","name":"Brincadeiras depois do dil\u00favio - Raiz","isPartOf":{"@id":"https:\/\/escolaraiz.pt\/pt\/#website"},"primaryImageOfPage":{"@id":"https:\/\/escolaraiz.pt\/pt\/noticias\/brincadeiras-depois-do-diluvio\/#primaryimage"},"image":{"@id":"https:\/\/escolaraiz.pt\/pt\/noticias\/brincadeiras-depois-do-diluvio\/#primaryimage"},"thumbnailUrl":"https:\/\/escolaraiz.pt\/pt\/wp-content\/uploads\/2020\/12\/22-outubro-2.jpg","datePublished":"2020-10-22T17:48:15+00:00","dateModified":"2020-12-07T17:52:18+00:00","author":{"@id":"https:\/\/escolaraiz.pt\/pt\/#\/schema\/person\/6345bdaf152ba0769cdcc8492bf088e1"},"breadcrumb":{"@id":"https:\/\/escolaraiz.pt\/pt\/noticias\/brincadeiras-depois-do-diluvio\/#breadcrumb"},"inLanguage":"pt-PT","potentialAction":[{"@type":"ReadAction","target":["https:\/\/escolaraiz.pt\/pt\/noticias\/brincadeiras-depois-do-diluvio\/"]}]},{"@type":"ImageObject","inLanguage":"pt-PT","@id":"https:\/\/escolaraiz.pt\/pt\/noticias\/brincadeiras-depois-do-diluvio\/#primaryimage","url":"https:\/\/escolaraiz.pt\/pt\/wp-content\/uploads\/2020\/12\/22-outubro-2.jpg","contentUrl":"https:\/\/escolaraiz.pt\/pt\/wp-content\/uploads\/2020\/12\/22-outubro-2.jpg","width":641,"height":580},{"@type":"BreadcrumbList","@id":"https:\/\/escolaraiz.pt\/pt\/noticias\/brincadeiras-depois-do-diluvio\/#breadcrumb","itemListElement":[{"@type":"ListItem","position":1,"name":"In\u00edcio","item":"https:\/\/escolaraiz.pt\/pt\/"},{"@type":"ListItem","position":2,"name":"Brincadeiras depois do dil\u00favio"}]},{"@type":"WebSite","@id":"https:\/\/escolaraiz.pt\/pt\/#website","url":"https:\/\/escolaraiz.pt\/pt\/","name":"Raiz","description":"Active Learning School","potentialAction":[{"@type":"SearchAction","target":{"@type":"EntryPoint","urlTemplate":"https:\/\/escolaraiz.pt\/pt\/?s={search_term_string}"},"query-input":{"@type":"PropertyValueSpecification","valueRequired":true,"valueName":"search_term_string"}}],"inLanguage":"pt-PT"},{"@type":"Person","@id":"https:\/\/escolaraiz.pt\/pt\/#\/schema\/person\/6345bdaf152ba0769cdcc8492bf088e1","name":"Joana"}]}},"_links":{"self":[{"href":"https:\/\/escolaraiz.pt\/pt\/wp-json\/wp\/v2\/posts\/29398","targetHints":{"allow":["GET"]}}],"collection":[{"href":"https:\/\/escolaraiz.pt\/pt\/wp-json\/wp\/v2\/posts"}],"about":[{"href":"https:\/\/escolaraiz.pt\/pt\/wp-json\/wp\/v2\/types\/post"}],"author":[{"embeddable":true,"href":"https:\/\/escolaraiz.pt\/pt\/wp-json\/wp\/v2\/users\/6"}],"replies":[{"embeddable":true,"href":"https:\/\/escolaraiz.pt\/pt\/wp-json\/wp\/v2\/comments?post=29398"}],"version-history":[{"count":1,"href":"https:\/\/escolaraiz.pt\/pt\/wp-json\/wp\/v2\/posts\/29398\/revisions"}],"predecessor-version":[{"id":29404,"href":"https:\/\/escolaraiz.pt\/pt\/wp-json\/wp\/v2\/posts\/29398\/revisions\/29404"}],"wp:featuredmedia":[{"embeddable":true,"href":"https:\/\/escolaraiz.pt\/pt\/wp-json\/wp\/v2\/media\/29401"}],"wp:attachment":[{"href":"https:\/\/escolaraiz.pt\/pt\/wp-json\/wp\/v2\/media?parent=29398"}],"wp:term":[{"taxonomy":"category","embeddable":true,"href":"https:\/\/escolaraiz.pt\/pt\/wp-json\/wp\/v2\/categories?post=29398"},{"taxonomy":"post_tag","embeddable":true,"href":"https:\/\/escolaraiz.pt\/pt\/wp-json\/wp\/v2\/tags?post=29398"}],"curies":[{"name":"wp","href":"https:\/\/api.w.org\/{rel}","templated":true}]}}