{"id":29343,"date":"2020-09-21T20:01:12","date_gmt":"2020-09-21T20:01:12","guid":{"rendered":"https:\/\/escolaraiz.pt\/pt\/?p=29343"},"modified":"2020-12-02T20:03:16","modified_gmt":"2020-12-02T20:03:16","slug":"aula-de-educacao-fisica-ao-ar-livre","status":"publish","type":"post","link":"https:\/\/escolaraiz.pt\/pt\/noticias\/aula-de-educacao-fisica-ao-ar-livre\/","title":{"rendered":"Aula de Educa\u00e7\u00e3o F\u00edsica ao ar livre"},"content":{"rendered":"\n<p>Os alunos do 1\u00ba ano tiveram a aula de Educa\u00e7\u00e3o f\u00edsica ao ar livre, de maneira a aproveitar os \u00faltimos momentos de Ver\u00e3o.<\/p>\n\n\n\n<figure class=\"wp-block-gallery columns-2 is-cropped wp-block-gallery-1 is-layout-flex wp-block-gallery-is-layout-flex\"><ul class=\"blocks-gallery-grid\"><li class=\"blocks-gallery-item\"><figure><img loading=\"lazy\" decoding=\"async\" width=\"1024\" height=\"768\" src=\"https:\/\/escolaraiz.pt\/pt\/wp-content\/uploads\/2020\/12\/2-setembro-21-1024x768.jpg\" alt=\"\" data-id=\"29345\" data-full-url=\"https:\/\/escolaraiz.pt\/pt\/wp-content\/uploads\/2020\/12\/2-setembro-21.jpg\" data-link=\"https:\/\/escolaraiz.pt\/pt\/?attachment_id=29345\" class=\"wp-image-29345\" srcset=\"https:\/\/escolaraiz.pt\/pt\/wp-content\/uploads\/2020\/12\/2-setembro-21-1024x768.jpg 1024w, https:\/\/escolaraiz.pt\/pt\/wp-content\/uploads\/2020\/12\/2-setembro-21-300x225.jpg 300w, https:\/\/escolaraiz.pt\/pt\/wp-content\/uploads\/2020\/12\/2-setembro-21-768x576.jpg 768w, https:\/\/escolaraiz.pt\/pt\/wp-content\/uploads\/2020\/12\/2-setembro-21-1536x1152.jpg 1536w, https:\/\/escolaraiz.pt\/pt\/wp-content\/uploads\/2020\/12\/2-setembro-21-500x375.jpg 500w, https:\/\/escolaraiz.pt\/pt\/wp-content\/uploads\/2020\/12\/2-setembro-21-600x450.jpg 600w, https:\/\/escolaraiz.pt\/pt\/wp-content\/uploads\/2020\/12\/2-setembro-21.jpg 1824w\" sizes=\"auto, (max-width: 1024px) 100vw, 1024px\" \/><\/figure><\/li><li class=\"blocks-gallery-item\"><figure><img loading=\"lazy\" decoding=\"async\" width=\"1024\" height=\"768\" src=\"https:\/\/escolaraiz.pt\/pt\/wp-content\/uploads\/2020\/12\/3-setembro-21-1024x768.jpg\" alt=\"\" data-id=\"29346\" data-full-url=\"https:\/\/escolaraiz.pt\/pt\/wp-content\/uploads\/2020\/12\/3-setembro-21.jpg\" data-link=\"https:\/\/escolaraiz.pt\/pt\/?attachment_id=29346\" class=\"wp-image-29346\" srcset=\"https:\/\/escolaraiz.pt\/pt\/wp-content\/uploads\/2020\/12\/3-setembro-21-1024x768.jpg 1024w, https:\/\/escolaraiz.pt\/pt\/wp-content\/uploads\/2020\/12\/3-setembro-21-300x225.jpg 300w, https:\/\/escolaraiz.pt\/pt\/wp-content\/uploads\/2020\/12\/3-setembro-21-768x576.jpg 768w, https:\/\/escolaraiz.pt\/pt\/wp-content\/uploads\/2020\/12\/3-setembro-21-1536x1152.jpg 1536w, https:\/\/escolaraiz.pt\/pt\/wp-content\/uploads\/2020\/12\/3-setembro-21-500x375.jpg 500w, https:\/\/escolaraiz.pt\/pt\/wp-content\/uploads\/2020\/12\/3-setembro-21-600x450.jpg 600w, https:\/\/escolaraiz.pt\/pt\/wp-content\/uploads\/2020\/12\/3-setembro-21.jpg 1824w\" sizes=\"auto, (max-width: 1024px) 100vw, 1024px\" \/><\/figure><\/li><\/ul><\/figure>\n","protected":false},"excerpt":{"rendered":"<p>Os alunos do 1\u00ba ano tiveram a aula de Educa\u00e7\u00e3o f\u00edsica ao ar livre, de maneira a aproveitar os \u00faltimos momentos de Ver\u00e3o.<\/p>\n","protected":false},"author":6,"featured_media":29344,"comment_status":"closed","ping_status":"open","sticky":false,"template":"","format":"standard","meta":{"footnotes":""},"categories":[5],"tags":[],"class_list":["post-29343","post","type-post","status-publish","format-standard","has-post-thumbnail","hentry","category-noticias"],"yoast_head":"<!-- This site is optimized with the Yoast SEO plugin v27.5 - https:\/\/yoast.com\/product\/yoast-seo-wordpress\/ -->\n<title>Aula de Educa\u00e7\u00e3o F\u00edsica ao ar livre - Raiz<\/title>\n<meta name=\"robots\" content=\"index, follow, max-snippet:-1, max-image-preview:large, max-video-preview:-1\" \/>\n<link rel=\"canonical\" href=\"https:\/\/escolaraiz.pt\/pt\/noticias\/aula-de-educacao-fisica-ao-ar-livre\/\" \/>\n<meta name=\"twitter:card\" content=\"summary_large_image\" \/>\n<meta name=\"twitter:title\" content=\"Aula de Educa\u00e7\u00e3o F\u00edsica ao ar livre - Raiz\" \/>\n<meta name=\"twitter:description\" content=\"Os alunos do 1\u00ba ano tiveram a aula de Educa\u00e7\u00e3o f\u00edsica ao ar livre, de maneira a aproveitar os \u00faltimos momentos de Ver\u00e3o.\" \/>\n<meta name=\"twitter:image\" content=\"https:\/\/escolaraiz.pt\/pt\/wp-content\/uploads\/2020\/12\/setembro-21.jpg\" \/>\n<meta name=\"twitter:label1\" content=\"Escrito por\" \/>\n\t<meta name=\"twitter:data1\" content=\"Joana\" \/>\n<script type=\"application\/ld+json\" class=\"yoast-schema-graph\">{\"@context\":\"https:\\\/\\\/schema.org\",\"@graph\":[{\"@type\":\"Article\",\"@id\":\"https:\\\/\\\/escolaraiz.pt\\\/pt\\\/noticias\\\/aula-de-educacao-fisica-ao-ar-livre\\\/#article\",\"isPartOf\":{\"@id\":\"https:\\\/\\\/escolaraiz.pt\\\/pt\\\/noticias\\\/aula-de-educacao-fisica-ao-ar-livre\\\/\"},\"author\":{\"name\":\"Joana\",\"@id\":\"https:\\\/\\\/escolaraiz.pt\\\/pt\\\/#\\\/schema\\\/person\\\/6345bdaf152ba0769cdcc8492bf088e1\"},\"headline\":\"Aula de Educa\u00e7\u00e3o F\u00edsica ao ar livre\",\"datePublished\":\"2020-09-21T20:01:12+00:00\",\"dateModified\":\"2020-12-02T20:03:16+00:00\",\"mainEntityOfPage\":{\"@id\":\"https:\\\/\\\/escolaraiz.pt\\\/pt\\\/noticias\\\/aula-de-educacao-fisica-ao-ar-livre\\\/\"},\"wordCount\":34,\"image\":{\"@id\":\"https:\\\/\\\/escolaraiz.pt\\\/pt\\\/noticias\\\/aula-de-educacao-fisica-ao-ar-livre\\\/#primaryimage\"},\"thumbnailUrl\":\"https:\\\/\\\/escolaraiz.pt\\\/pt\\\/wp-content\\\/uploads\\\/2020\\\/12\\\/setembro-21.jpg\",\"articleSection\":[\"Noticias\"],\"inLanguage\":\"pt-PT\"},{\"@type\":\"WebPage\",\"@id\":\"https:\\\/\\\/escolaraiz.pt\\\/pt\\\/noticias\\\/aula-de-educacao-fisica-ao-ar-livre\\\/\",\"url\":\"https:\\\/\\\/escolaraiz.pt\\\/pt\\\/noticias\\\/aula-de-educacao-fisica-ao-ar-livre\\\/\",\"name\":\"Aula de Educa\u00e7\u00e3o F\u00edsica ao ar livre - Raiz\",\"isPartOf\":{\"@id\":\"https:\\\/\\\/escolaraiz.pt\\\/pt\\\/#website\"},\"primaryImageOfPage\":{\"@id\":\"https:\\\/\\\/escolaraiz.pt\\\/pt\\\/noticias\\\/aula-de-educacao-fisica-ao-ar-livre\\\/#primaryimage\"},\"image\":{\"@id\":\"https:\\\/\\\/escolaraiz.pt\\\/pt\\\/noticias\\\/aula-de-educacao-fisica-ao-ar-livre\\\/#primaryimage\"},\"thumbnailUrl\":\"https:\\\/\\\/escolaraiz.pt\\\/pt\\\/wp-content\\\/uploads\\\/2020\\\/12\\\/setembro-21.jpg\",\"datePublished\":\"2020-09-21T20:01:12+00:00\",\"dateModified\":\"2020-12-02T20:03:16+00:00\",\"author\":{\"@id\":\"https:\\\/\\\/escolaraiz.pt\\\/pt\\\/#\\\/schema\\\/person\\\/6345bdaf152ba0769cdcc8492bf088e1\"},\"breadcrumb\":{\"@id\":\"https:\\\/\\\/escolaraiz.pt\\\/pt\\\/noticias\\\/aula-de-educacao-fisica-ao-ar-livre\\\/#breadcrumb\"},\"inLanguage\":\"pt-PT\",\"potentialAction\":[{\"@type\":\"ReadAction\",\"target\":[\"https:\\\/\\\/escolaraiz.pt\\\/pt\\\/noticias\\\/aula-de-educacao-fisica-ao-ar-livre\\\/\"]}]},{\"@type\":\"ImageObject\",\"inLanguage\":\"pt-PT\",\"@id\":\"https:\\\/\\\/escolaraiz.pt\\\/pt\\\/noticias\\\/aula-de-educacao-fisica-ao-ar-livre\\\/#primaryimage\",\"url\":\"https:\\\/\\\/escolaraiz.pt\\\/pt\\\/wp-content\\\/uploads\\\/2020\\\/12\\\/setembro-21.jpg\",\"contentUrl\":\"https:\\\/\\\/escolaraiz.pt\\\/pt\\\/wp-content\\\/uploads\\\/2020\\\/12\\\/setembro-21.jpg\",\"width\":1824,\"height\":1368},{\"@type\":\"BreadcrumbList\",\"@id\":\"https:\\\/\\\/escolaraiz.pt\\\/pt\\\/noticias\\\/aula-de-educacao-fisica-ao-ar-livre\\\/#breadcrumb\",\"itemListElement\":[{\"@type\":\"ListItem\",\"position\":1,\"name\":\"In\u00edcio\",\"item\":\"https:\\\/\\\/escolaraiz.pt\\\/pt\\\/\"},{\"@type\":\"ListItem\",\"position\":2,\"name\":\"Aula de Educa\u00e7\u00e3o F\u00edsica ao ar livre\"}]},{\"@type\":\"WebSite\",\"@id\":\"https:\\\/\\\/escolaraiz.pt\\\/pt\\\/#website\",\"url\":\"https:\\\/\\\/escolaraiz.pt\\\/pt\\\/\",\"name\":\"Raiz\",\"description\":\"Active Learning School\",\"potentialAction\":[{\"@type\":\"SearchAction\",\"target\":{\"@type\":\"EntryPoint\",\"urlTemplate\":\"https:\\\/\\\/escolaraiz.pt\\\/pt\\\/?s={search_term_string}\"},\"query-input\":{\"@type\":\"PropertyValueSpecification\",\"valueRequired\":true,\"valueName\":\"search_term_string\"}}],\"inLanguage\":\"pt-PT\"},{\"@type\":\"Person\",\"@id\":\"https:\\\/\\\/escolaraiz.pt\\\/pt\\\/#\\\/schema\\\/person\\\/6345bdaf152ba0769cdcc8492bf088e1\",\"name\":\"Joana\"}]}<\/script>\n<!-- \/ Yoast SEO plugin. -->","yoast_head_json":{"title":"Aula de Educa\u00e7\u00e3o F\u00edsica ao ar livre - Raiz","robots":{"index":"index","follow":"follow","max-snippet":"max-snippet:-1","max-image-preview":"max-image-preview:large","max-video-preview":"max-video-preview:-1"},"canonical":"https:\/\/escolaraiz.pt\/pt\/noticias\/aula-de-educacao-fisica-ao-ar-livre\/","twitter_card":"summary_large_image","twitter_title":"Aula de Educa\u00e7\u00e3o F\u00edsica ao ar livre - Raiz","twitter_description":"Os alunos do 1\u00ba ano tiveram a aula de Educa\u00e7\u00e3o f\u00edsica ao ar livre, de maneira a aproveitar os \u00faltimos momentos de Ver\u00e3o.","twitter_image":"https:\/\/escolaraiz.pt\/pt\/wp-content\/uploads\/2020\/12\/setembro-21.jpg","twitter_misc":{"Escrito por":"Joana"},"schema":{"@context":"https:\/\/schema.org","@graph":[{"@type":"Article","@id":"https:\/\/escolaraiz.pt\/pt\/noticias\/aula-de-educacao-fisica-ao-ar-livre\/#article","isPartOf":{"@id":"https:\/\/escolaraiz.pt\/pt\/noticias\/aula-de-educacao-fisica-ao-ar-livre\/"},"author":{"name":"Joana","@id":"https:\/\/escolaraiz.pt\/pt\/#\/schema\/person\/6345bdaf152ba0769cdcc8492bf088e1"},"headline":"Aula de Educa\u00e7\u00e3o F\u00edsica ao ar livre","datePublished":"2020-09-21T20:01:12+00:00","dateModified":"2020-12-02T20:03:16+00:00","mainEntityOfPage":{"@id":"https:\/\/escolaraiz.pt\/pt\/noticias\/aula-de-educacao-fisica-ao-ar-livre\/"},"wordCount":34,"image":{"@id":"https:\/\/escolaraiz.pt\/pt\/noticias\/aula-de-educacao-fisica-ao-ar-livre\/#primaryimage"},"thumbnailUrl":"https:\/\/escolaraiz.pt\/pt\/wp-content\/uploads\/2020\/12\/setembro-21.jpg","articleSection":["Noticias"],"inLanguage":"pt-PT"},{"@type":"WebPage","@id":"https:\/\/escolaraiz.pt\/pt\/noticias\/aula-de-educacao-fisica-ao-ar-livre\/","url":"https:\/\/escolaraiz.pt\/pt\/noticias\/aula-de-educacao-fisica-ao-ar-livre\/","name":"Aula de Educa\u00e7\u00e3o F\u00edsica ao ar livre - Raiz","isPartOf":{"@id":"https:\/\/escolaraiz.pt\/pt\/#website"},"primaryImageOfPage":{"@id":"https:\/\/escolaraiz.pt\/pt\/noticias\/aula-de-educacao-fisica-ao-ar-livre\/#primaryimage"},"image":{"@id":"https:\/\/escolaraiz.pt\/pt\/noticias\/aula-de-educacao-fisica-ao-ar-livre\/#primaryimage"},"thumbnailUrl":"https:\/\/escolaraiz.pt\/pt\/wp-content\/uploads\/2020\/12\/setembro-21.jpg","datePublished":"2020-09-21T20:01:12+00:00","dateModified":"2020-12-02T20:03:16+00:00","author":{"@id":"https:\/\/escolaraiz.pt\/pt\/#\/schema\/person\/6345bdaf152ba0769cdcc8492bf088e1"},"breadcrumb":{"@id":"https:\/\/escolaraiz.pt\/pt\/noticias\/aula-de-educacao-fisica-ao-ar-livre\/#breadcrumb"},"inLanguage":"pt-PT","potentialAction":[{"@type":"ReadAction","target":["https:\/\/escolaraiz.pt\/pt\/noticias\/aula-de-educacao-fisica-ao-ar-livre\/"]}]},{"@type":"ImageObject","inLanguage":"pt-PT","@id":"https:\/\/escolaraiz.pt\/pt\/noticias\/aula-de-educacao-fisica-ao-ar-livre\/#primaryimage","url":"https:\/\/escolaraiz.pt\/pt\/wp-content\/uploads\/2020\/12\/setembro-21.jpg","contentUrl":"https:\/\/escolaraiz.pt\/pt\/wp-content\/uploads\/2020\/12\/setembro-21.jpg","width":1824,"height":1368},{"@type":"BreadcrumbList","@id":"https:\/\/escolaraiz.pt\/pt\/noticias\/aula-de-educacao-fisica-ao-ar-livre\/#breadcrumb","itemListElement":[{"@type":"ListItem","position":1,"name":"In\u00edcio","item":"https:\/\/escolaraiz.pt\/pt\/"},{"@type":"ListItem","position":2,"name":"Aula de Educa\u00e7\u00e3o F\u00edsica ao ar livre"}]},{"@type":"WebSite","@id":"https:\/\/escolaraiz.pt\/pt\/#website","url":"https:\/\/escolaraiz.pt\/pt\/","name":"Raiz","description":"Active Learning School","potentialAction":[{"@type":"SearchAction","target":{"@type":"EntryPoint","urlTemplate":"https:\/\/escolaraiz.pt\/pt\/?s={search_term_string}"},"query-input":{"@type":"PropertyValueSpecification","valueRequired":true,"valueName":"search_term_string"}}],"inLanguage":"pt-PT"},{"@type":"Person","@id":"https:\/\/escolaraiz.pt\/pt\/#\/schema\/person\/6345bdaf152ba0769cdcc8492bf088e1","name":"Joana"}]}},"_links":{"self":[{"href":"https:\/\/escolaraiz.pt\/pt\/wp-json\/wp\/v2\/posts\/29343","targetHints":{"allow":["GET"]}}],"collection":[{"href":"https:\/\/escolaraiz.pt\/pt\/wp-json\/wp\/v2\/posts"}],"about":[{"href":"https:\/\/escolaraiz.pt\/pt\/wp-json\/wp\/v2\/types\/post"}],"author":[{"embeddable":true,"href":"https:\/\/escolaraiz.pt\/pt\/wp-json\/wp\/v2\/users\/6"}],"replies":[{"embeddable":true,"href":"https:\/\/escolaraiz.pt\/pt\/wp-json\/wp\/v2\/comments?post=29343"}],"version-history":[{"count":1,"href":"https:\/\/escolaraiz.pt\/pt\/wp-json\/wp\/v2\/posts\/29343\/revisions"}],"predecessor-version":[{"id":29347,"href":"https:\/\/escolaraiz.pt\/pt\/wp-json\/wp\/v2\/posts\/29343\/revisions\/29347"}],"wp:featuredmedia":[{"embeddable":true,"href":"https:\/\/escolaraiz.pt\/pt\/wp-json\/wp\/v2\/media\/29344"}],"wp:attachment":[{"href":"https:\/\/escolaraiz.pt\/pt\/wp-json\/wp\/v2\/media?parent=29343"}],"wp:term":[{"taxonomy":"category","embeddable":true,"href":"https:\/\/escolaraiz.pt\/pt\/wp-json\/wp\/v2\/categories?post=29343"},{"taxonomy":"post_tag","embeddable":true,"href":"https:\/\/escolaraiz.pt\/pt\/wp-json\/wp\/v2\/tags?post=29343"}],"curies":[{"name":"wp","href":"https:\/\/api.w.org\/{rel}","templated":true}]}}