{"id":29316,"date":"2020-08-20T19:28:00","date_gmt":"2020-08-20T19:28:00","guid":{"rendered":"https:\/\/escolaraiz.pt\/pt\/?p=29316"},"modified":"2020-12-02T19:54:09","modified_gmt":"2020-12-02T19:54:09","slug":"colonia-de-verao-faz-as-suas-pulseira-e-fios","status":"publish","type":"post","link":"https:\/\/escolaraiz.pt\/pt\/noticias\/colonia-de-verao-faz-as-suas-pulseira-e-fios\/","title":{"rendered":"Col\u00f3nia de Ver\u00e3o faz as suas pulseira e fios"},"content":{"rendered":"\n<p>Na Col\u00f3nia de Ver\u00e3o da Raiz os alunos do 1\u00ba e 2\u00ba ciclo tiveram uma atividade onde estiveram a criar as suas pr\u00f3prias pulseiras e fios.<\/p>\n\n\n\n<figure class=\"wp-block-gallery columns-2 is-cropped wp-block-gallery-1 is-layout-flex wp-block-gallery-is-layout-flex\"><ul class=\"blocks-gallery-grid\"><li class=\"blocks-gallery-item\"><figure><img loading=\"lazy\" decoding=\"async\" width=\"299\" height=\"398\" src=\"https:\/\/escolaraiz.pt\/pt\/wp-content\/uploads\/2020\/12\/1-agosto-20.jpg\" alt=\"\" data-id=\"29318\" data-full-url=\"https:\/\/escolaraiz.pt\/pt\/wp-content\/uploads\/2020\/12\/1-agosto-20.jpg\" data-link=\"https:\/\/escolaraiz.pt\/pt\/?attachment_id=29318\" class=\"wp-image-29318\" srcset=\"https:\/\/escolaraiz.pt\/pt\/wp-content\/uploads\/2020\/12\/1-agosto-20.jpg 299w, https:\/\/escolaraiz.pt\/pt\/wp-content\/uploads\/2020\/12\/1-agosto-20-225x300.jpg 225w\" sizes=\"auto, (max-width: 299px) 100vw, 299px\" \/><\/figure><\/li><li class=\"blocks-gallery-item\"><figure><img loading=\"lazy\" decoding=\"async\" width=\"389\" height=\"519\" src=\"https:\/\/escolaraiz.pt\/pt\/wp-content\/uploads\/2020\/12\/agosto-20.jpg\" alt=\"\" data-id=\"29319\" data-full-url=\"https:\/\/escolaraiz.pt\/pt\/wp-content\/uploads\/2020\/12\/agosto-20.jpg\" data-link=\"https:\/\/escolaraiz.pt\/pt\/?attachment_id=29319\" class=\"wp-image-29319\" srcset=\"https:\/\/escolaraiz.pt\/pt\/wp-content\/uploads\/2020\/12\/agosto-20.jpg 389w, https:\/\/escolaraiz.pt\/pt\/wp-content\/uploads\/2020\/12\/agosto-20-225x300.jpg 225w\" sizes=\"auto, (max-width: 389px) 100vw, 389px\" \/><\/figure><\/li><\/ul><\/figure>\n","protected":false},"excerpt":{"rendered":"<p>Na Col\u00f3nia de Ver\u00e3o da Raiz os alunos do 1\u00ba e 2\u00ba ciclo tiveram uma atividade onde estiveram a criar as suas pr\u00f3prias pulseiras e fios.<\/p>\n","protected":false},"author":6,"featured_media":29317,"comment_status":"closed","ping_status":"open","sticky":false,"template":"","format":"standard","meta":{"footnotes":""},"categories":[5],"tags":[],"class_list":["post-29316","post","type-post","status-publish","format-standard","has-post-thumbnail","hentry","category-noticias"],"yoast_head":"<!-- This site is optimized with the Yoast SEO plugin v27.5 - https:\/\/yoast.com\/product\/yoast-seo-wordpress\/ -->\n<title>Col\u00f3nia de Ver\u00e3o faz as suas pulseira e fios - Raiz<\/title>\n<meta name=\"robots\" content=\"index, follow, max-snippet:-1, max-image-preview:large, max-video-preview:-1\" \/>\n<link rel=\"canonical\" href=\"https:\/\/escolaraiz.pt\/pt\/noticias\/colonia-de-verao-faz-as-suas-pulseira-e-fios\/\" \/>\n<meta name=\"twitter:card\" content=\"summary_large_image\" \/>\n<meta name=\"twitter:title\" content=\"Col\u00f3nia de Ver\u00e3o faz as suas pulseira e fios - Raiz\" \/>\n<meta name=\"twitter:description\" content=\"Na Col\u00f3nia de Ver\u00e3o da Raiz os alunos do 1\u00ba e 2\u00ba ciclo tiveram uma atividade onde estiveram a criar as suas pr\u00f3prias pulseiras e fios.\" \/>\n<meta name=\"twitter:image\" content=\"https:\/\/escolaraiz.pt\/pt\/wp-content\/uploads\/2020\/12\/2-agosto-20.jpg\" \/>\n<meta name=\"twitter:label1\" content=\"Escrito por\" \/>\n\t<meta name=\"twitter:data1\" content=\"Joana\" \/>\n<script type=\"application\/ld+json\" class=\"yoast-schema-graph\">{\"@context\":\"https:\\\/\\\/schema.org\",\"@graph\":[{\"@type\":\"Article\",\"@id\":\"https:\\\/\\\/escolaraiz.pt\\\/pt\\\/noticias\\\/colonia-de-verao-faz-as-suas-pulseira-e-fios\\\/#article\",\"isPartOf\":{\"@id\":\"https:\\\/\\\/escolaraiz.pt\\\/pt\\\/noticias\\\/colonia-de-verao-faz-as-suas-pulseira-e-fios\\\/\"},\"author\":{\"name\":\"Joana\",\"@id\":\"https:\\\/\\\/escolaraiz.pt\\\/pt\\\/#\\\/schema\\\/person\\\/6345bdaf152ba0769cdcc8492bf088e1\"},\"headline\":\"Col\u00f3nia de Ver\u00e3o faz as suas pulseira e fios\",\"datePublished\":\"2020-08-20T19:28:00+00:00\",\"dateModified\":\"2020-12-02T19:54:09+00:00\",\"mainEntityOfPage\":{\"@id\":\"https:\\\/\\\/escolaraiz.pt\\\/pt\\\/noticias\\\/colonia-de-verao-faz-as-suas-pulseira-e-fios\\\/\"},\"wordCount\":38,\"image\":{\"@id\":\"https:\\\/\\\/escolaraiz.pt\\\/pt\\\/noticias\\\/colonia-de-verao-faz-as-suas-pulseira-e-fios\\\/#primaryimage\"},\"thumbnailUrl\":\"https:\\\/\\\/escolaraiz.pt\\\/pt\\\/wp-content\\\/uploads\\\/2020\\\/12\\\/2-agosto-20.jpg\",\"articleSection\":[\"Noticias\"],\"inLanguage\":\"pt-PT\"},{\"@type\":\"WebPage\",\"@id\":\"https:\\\/\\\/escolaraiz.pt\\\/pt\\\/noticias\\\/colonia-de-verao-faz-as-suas-pulseira-e-fios\\\/\",\"url\":\"https:\\\/\\\/escolaraiz.pt\\\/pt\\\/noticias\\\/colonia-de-verao-faz-as-suas-pulseira-e-fios\\\/\",\"name\":\"Col\u00f3nia de Ver\u00e3o faz as suas pulseira e fios - Raiz\",\"isPartOf\":{\"@id\":\"https:\\\/\\\/escolaraiz.pt\\\/pt\\\/#website\"},\"primaryImageOfPage\":{\"@id\":\"https:\\\/\\\/escolaraiz.pt\\\/pt\\\/noticias\\\/colonia-de-verao-faz-as-suas-pulseira-e-fios\\\/#primaryimage\"},\"image\":{\"@id\":\"https:\\\/\\\/escolaraiz.pt\\\/pt\\\/noticias\\\/colonia-de-verao-faz-as-suas-pulseira-e-fios\\\/#primaryimage\"},\"thumbnailUrl\":\"https:\\\/\\\/escolaraiz.pt\\\/pt\\\/wp-content\\\/uploads\\\/2020\\\/12\\\/2-agosto-20.jpg\",\"datePublished\":\"2020-08-20T19:28:00+00:00\",\"dateModified\":\"2020-12-02T19:54:09+00:00\",\"author\":{\"@id\":\"https:\\\/\\\/escolaraiz.pt\\\/pt\\\/#\\\/schema\\\/person\\\/6345bdaf152ba0769cdcc8492bf088e1\"},\"breadcrumb\":{\"@id\":\"https:\\\/\\\/escolaraiz.pt\\\/pt\\\/noticias\\\/colonia-de-verao-faz-as-suas-pulseira-e-fios\\\/#breadcrumb\"},\"inLanguage\":\"pt-PT\",\"potentialAction\":[{\"@type\":\"ReadAction\",\"target\":[\"https:\\\/\\\/escolaraiz.pt\\\/pt\\\/noticias\\\/colonia-de-verao-faz-as-suas-pulseira-e-fios\\\/\"]}]},{\"@type\":\"ImageObject\",\"inLanguage\":\"pt-PT\",\"@id\":\"https:\\\/\\\/escolaraiz.pt\\\/pt\\\/noticias\\\/colonia-de-verao-faz-as-suas-pulseira-e-fios\\\/#primaryimage\",\"url\":\"https:\\\/\\\/escolaraiz.pt\\\/pt\\\/wp-content\\\/uploads\\\/2020\\\/12\\\/2-agosto-20.jpg\",\"contentUrl\":\"https:\\\/\\\/escolaraiz.pt\\\/pt\\\/wp-content\\\/uploads\\\/2020\\\/12\\\/2-agosto-20.jpg\",\"width\":262,\"height\":349},{\"@type\":\"BreadcrumbList\",\"@id\":\"https:\\\/\\\/escolaraiz.pt\\\/pt\\\/noticias\\\/colonia-de-verao-faz-as-suas-pulseira-e-fios\\\/#breadcrumb\",\"itemListElement\":[{\"@type\":\"ListItem\",\"position\":1,\"name\":\"In\u00edcio\",\"item\":\"https:\\\/\\\/escolaraiz.pt\\\/pt\\\/\"},{\"@type\":\"ListItem\",\"position\":2,\"name\":\"Col\u00f3nia de Ver\u00e3o faz as suas pulseira e fios\"}]},{\"@type\":\"WebSite\",\"@id\":\"https:\\\/\\\/escolaraiz.pt\\\/pt\\\/#website\",\"url\":\"https:\\\/\\\/escolaraiz.pt\\\/pt\\\/\",\"name\":\"Raiz\",\"description\":\"Active Learning School\",\"potentialAction\":[{\"@type\":\"SearchAction\",\"target\":{\"@type\":\"EntryPoint\",\"urlTemplate\":\"https:\\\/\\\/escolaraiz.pt\\\/pt\\\/?s={search_term_string}\"},\"query-input\":{\"@type\":\"PropertyValueSpecification\",\"valueRequired\":true,\"valueName\":\"search_term_string\"}}],\"inLanguage\":\"pt-PT\"},{\"@type\":\"Person\",\"@id\":\"https:\\\/\\\/escolaraiz.pt\\\/pt\\\/#\\\/schema\\\/person\\\/6345bdaf152ba0769cdcc8492bf088e1\",\"name\":\"Joana\"}]}<\/script>\n<!-- \/ Yoast SEO plugin. -->","yoast_head_json":{"title":"Col\u00f3nia de Ver\u00e3o faz as suas pulseira e fios - Raiz","robots":{"index":"index","follow":"follow","max-snippet":"max-snippet:-1","max-image-preview":"max-image-preview:large","max-video-preview":"max-video-preview:-1"},"canonical":"https:\/\/escolaraiz.pt\/pt\/noticias\/colonia-de-verao-faz-as-suas-pulseira-e-fios\/","twitter_card":"summary_large_image","twitter_title":"Col\u00f3nia de Ver\u00e3o faz as suas pulseira e fios - Raiz","twitter_description":"Na Col\u00f3nia de Ver\u00e3o da Raiz os alunos do 1\u00ba e 2\u00ba ciclo tiveram uma atividade onde estiveram a criar as suas pr\u00f3prias pulseiras e fios.","twitter_image":"https:\/\/escolaraiz.pt\/pt\/wp-content\/uploads\/2020\/12\/2-agosto-20.jpg","twitter_misc":{"Escrito por":"Joana"},"schema":{"@context":"https:\/\/schema.org","@graph":[{"@type":"Article","@id":"https:\/\/escolaraiz.pt\/pt\/noticias\/colonia-de-verao-faz-as-suas-pulseira-e-fios\/#article","isPartOf":{"@id":"https:\/\/escolaraiz.pt\/pt\/noticias\/colonia-de-verao-faz-as-suas-pulseira-e-fios\/"},"author":{"name":"Joana","@id":"https:\/\/escolaraiz.pt\/pt\/#\/schema\/person\/6345bdaf152ba0769cdcc8492bf088e1"},"headline":"Col\u00f3nia de Ver\u00e3o faz as suas pulseira e fios","datePublished":"2020-08-20T19:28:00+00:00","dateModified":"2020-12-02T19:54:09+00:00","mainEntityOfPage":{"@id":"https:\/\/escolaraiz.pt\/pt\/noticias\/colonia-de-verao-faz-as-suas-pulseira-e-fios\/"},"wordCount":38,"image":{"@id":"https:\/\/escolaraiz.pt\/pt\/noticias\/colonia-de-verao-faz-as-suas-pulseira-e-fios\/#primaryimage"},"thumbnailUrl":"https:\/\/escolaraiz.pt\/pt\/wp-content\/uploads\/2020\/12\/2-agosto-20.jpg","articleSection":["Noticias"],"inLanguage":"pt-PT"},{"@type":"WebPage","@id":"https:\/\/escolaraiz.pt\/pt\/noticias\/colonia-de-verao-faz-as-suas-pulseira-e-fios\/","url":"https:\/\/escolaraiz.pt\/pt\/noticias\/colonia-de-verao-faz-as-suas-pulseira-e-fios\/","name":"Col\u00f3nia de Ver\u00e3o faz as suas pulseira e fios - Raiz","isPartOf":{"@id":"https:\/\/escolaraiz.pt\/pt\/#website"},"primaryImageOfPage":{"@id":"https:\/\/escolaraiz.pt\/pt\/noticias\/colonia-de-verao-faz-as-suas-pulseira-e-fios\/#primaryimage"},"image":{"@id":"https:\/\/escolaraiz.pt\/pt\/noticias\/colonia-de-verao-faz-as-suas-pulseira-e-fios\/#primaryimage"},"thumbnailUrl":"https:\/\/escolaraiz.pt\/pt\/wp-content\/uploads\/2020\/12\/2-agosto-20.jpg","datePublished":"2020-08-20T19:28:00+00:00","dateModified":"2020-12-02T19:54:09+00:00","author":{"@id":"https:\/\/escolaraiz.pt\/pt\/#\/schema\/person\/6345bdaf152ba0769cdcc8492bf088e1"},"breadcrumb":{"@id":"https:\/\/escolaraiz.pt\/pt\/noticias\/colonia-de-verao-faz-as-suas-pulseira-e-fios\/#breadcrumb"},"inLanguage":"pt-PT","potentialAction":[{"@type":"ReadAction","target":["https:\/\/escolaraiz.pt\/pt\/noticias\/colonia-de-verao-faz-as-suas-pulseira-e-fios\/"]}]},{"@type":"ImageObject","inLanguage":"pt-PT","@id":"https:\/\/escolaraiz.pt\/pt\/noticias\/colonia-de-verao-faz-as-suas-pulseira-e-fios\/#primaryimage","url":"https:\/\/escolaraiz.pt\/pt\/wp-content\/uploads\/2020\/12\/2-agosto-20.jpg","contentUrl":"https:\/\/escolaraiz.pt\/pt\/wp-content\/uploads\/2020\/12\/2-agosto-20.jpg","width":262,"height":349},{"@type":"BreadcrumbList","@id":"https:\/\/escolaraiz.pt\/pt\/noticias\/colonia-de-verao-faz-as-suas-pulseira-e-fios\/#breadcrumb","itemListElement":[{"@type":"ListItem","position":1,"name":"In\u00edcio","item":"https:\/\/escolaraiz.pt\/pt\/"},{"@type":"ListItem","position":2,"name":"Col\u00f3nia de Ver\u00e3o faz as suas pulseira e fios"}]},{"@type":"WebSite","@id":"https:\/\/escolaraiz.pt\/pt\/#website","url":"https:\/\/escolaraiz.pt\/pt\/","name":"Raiz","description":"Active Learning School","potentialAction":[{"@type":"SearchAction","target":{"@type":"EntryPoint","urlTemplate":"https:\/\/escolaraiz.pt\/pt\/?s={search_term_string}"},"query-input":{"@type":"PropertyValueSpecification","valueRequired":true,"valueName":"search_term_string"}}],"inLanguage":"pt-PT"},{"@type":"Person","@id":"https:\/\/escolaraiz.pt\/pt\/#\/schema\/person\/6345bdaf152ba0769cdcc8492bf088e1","name":"Joana"}]}},"_links":{"self":[{"href":"https:\/\/escolaraiz.pt\/pt\/wp-json\/wp\/v2\/posts\/29316","targetHints":{"allow":["GET"]}}],"collection":[{"href":"https:\/\/escolaraiz.pt\/pt\/wp-json\/wp\/v2\/posts"}],"about":[{"href":"https:\/\/escolaraiz.pt\/pt\/wp-json\/wp\/v2\/types\/post"}],"author":[{"embeddable":true,"href":"https:\/\/escolaraiz.pt\/pt\/wp-json\/wp\/v2\/users\/6"}],"replies":[{"embeddable":true,"href":"https:\/\/escolaraiz.pt\/pt\/wp-json\/wp\/v2\/comments?post=29316"}],"version-history":[{"count":1,"href":"https:\/\/escolaraiz.pt\/pt\/wp-json\/wp\/v2\/posts\/29316\/revisions"}],"predecessor-version":[{"id":29320,"href":"https:\/\/escolaraiz.pt\/pt\/wp-json\/wp\/v2\/posts\/29316\/revisions\/29320"}],"wp:featuredmedia":[{"embeddable":true,"href":"https:\/\/escolaraiz.pt\/pt\/wp-json\/wp\/v2\/media\/29317"}],"wp:attachment":[{"href":"https:\/\/escolaraiz.pt\/pt\/wp-json\/wp\/v2\/media?parent=29316"}],"wp:term":[{"taxonomy":"category","embeddable":true,"href":"https:\/\/escolaraiz.pt\/pt\/wp-json\/wp\/v2\/categories?post=29316"},{"taxonomy":"post_tag","embeddable":true,"href":"https:\/\/escolaraiz.pt\/pt\/wp-json\/wp\/v2\/tags?post=29316"}],"curies":[{"name":"wp","href":"https:\/\/api.w.org\/{rel}","templated":true}]}}