{"id":29310,"date":"2020-08-16T19:15:49","date_gmt":"2020-08-16T19:15:49","guid":{"rendered":"https:\/\/escolaraiz.pt\/pt\/?p=29310"},"modified":"2020-12-02T19:53:28","modified_gmt":"2020-12-02T19:53:28","slug":"alunos-da-raiz-nas-aulas-de-surf","status":"publish","type":"post","link":"https:\/\/escolaraiz.pt\/pt\/noticias\/alunos-da-raiz-nas-aulas-de-surf\/","title":{"rendered":"Alunos da Raiz nas aulas de surf"},"content":{"rendered":"\n<p>Na aula de surf os alunos da Raiz aprenderam a usar a prancha e as posi\u00e7\u00f5es certas a posicionarem-se dentro de \u00e1gua. Foi uma grande aventura para a col\u00f3nia de ver\u00e3o.<\/p>\n\n\n\n<figure class=\"wp-block-gallery columns-2 is-cropped wp-block-gallery-1 is-layout-flex wp-block-gallery-is-layout-flex\"><ul class=\"blocks-gallery-grid\"><li class=\"blocks-gallery-item\"><figure><img loading=\"lazy\" decoding=\"async\" width=\"419\" height=\"314\" src=\"https:\/\/escolaraiz.pt\/pt\/wp-content\/uploads\/2020\/12\/1-agosto-16.jpg\" alt=\"\" data-id=\"29311\" data-full-url=\"https:\/\/escolaraiz.pt\/pt\/wp-content\/uploads\/2020\/12\/1-agosto-16.jpg\" data-link=\"https:\/\/escolaraiz.pt\/pt\/?attachment_id=29311\" class=\"wp-image-29311\" srcset=\"https:\/\/escolaraiz.pt\/pt\/wp-content\/uploads\/2020\/12\/1-agosto-16.jpg 419w, https:\/\/escolaraiz.pt\/pt\/wp-content\/uploads\/2020\/12\/1-agosto-16-300x225.jpg 300w\" sizes=\"auto, (max-width: 419px) 100vw, 419px\" \/><\/figure><\/li><li class=\"blocks-gallery-item\"><figure><img loading=\"lazy\" decoding=\"async\" width=\"511\" height=\"383\" src=\"https:\/\/escolaraiz.pt\/pt\/wp-content\/uploads\/2020\/12\/2-agosto-16.jpg\" alt=\"\" data-id=\"29312\" data-full-url=\"https:\/\/escolaraiz.pt\/pt\/wp-content\/uploads\/2020\/12\/2-agosto-16.jpg\" data-link=\"https:\/\/escolaraiz.pt\/pt\/?attachment_id=29312\" class=\"wp-image-29312\" srcset=\"https:\/\/escolaraiz.pt\/pt\/wp-content\/uploads\/2020\/12\/2-agosto-16.jpg 511w, https:\/\/escolaraiz.pt\/pt\/wp-content\/uploads\/2020\/12\/2-agosto-16-300x225.jpg 300w, https:\/\/escolaraiz.pt\/pt\/wp-content\/uploads\/2020\/12\/2-agosto-16-500x375.jpg 500w\" sizes=\"auto, (max-width: 511px) 100vw, 511px\" \/><\/figure><\/li><\/ul><\/figure>\n","protected":false},"excerpt":{"rendered":"<p>Na aula de surf os alunos da Raiz aprenderam a usar a prancha e as posi\u00e7\u00f5es certas a posicionarem-se dentro de \u00e1gua. Foi uma grande aventura para a col\u00f3nia de ver\u00e3o.<\/p>\n","protected":false},"author":6,"featured_media":29313,"comment_status":"closed","ping_status":"open","sticky":false,"template":"","format":"standard","meta":{"footnotes":""},"categories":[5],"tags":[],"class_list":["post-29310","post","type-post","status-publish","format-standard","has-post-thumbnail","hentry","category-noticias"],"yoast_head":"<!-- This site is optimized with the Yoast SEO plugin v27.5 - https:\/\/yoast.com\/product\/yoast-seo-wordpress\/ -->\n<title>Alunos da Raiz nas aulas de surf - Raiz<\/title>\n<meta name=\"robots\" content=\"index, follow, max-snippet:-1, max-image-preview:large, max-video-preview:-1\" \/>\n<link rel=\"canonical\" href=\"https:\/\/escolaraiz.pt\/pt\/noticias\/alunos-da-raiz-nas-aulas-de-surf\/\" \/>\n<meta name=\"twitter:card\" content=\"summary_large_image\" \/>\n<meta name=\"twitter:title\" content=\"Alunos da Raiz nas aulas de surf - Raiz\" \/>\n<meta name=\"twitter:description\" content=\"Na aula de surf os alunos da Raiz aprenderam a usar a prancha e as posi\u00e7\u00f5es certas a posicionarem-se dentro de \u00e1gua. Foi uma grande aventura para a col\u00f3nia de ver\u00e3o.\" \/>\n<meta name=\"twitter:image\" content=\"https:\/\/escolaraiz.pt\/pt\/wp-content\/uploads\/2020\/12\/agosto-16.jpg\" \/>\n<meta name=\"twitter:label1\" content=\"Escrito por\" \/>\n\t<meta name=\"twitter:data1\" content=\"Joana\" \/>\n<script type=\"application\/ld+json\" class=\"yoast-schema-graph\">{\"@context\":\"https:\\\/\\\/schema.org\",\"@graph\":[{\"@type\":\"Article\",\"@id\":\"https:\\\/\\\/escolaraiz.pt\\\/pt\\\/noticias\\\/alunos-da-raiz-nas-aulas-de-surf\\\/#article\",\"isPartOf\":{\"@id\":\"https:\\\/\\\/escolaraiz.pt\\\/pt\\\/noticias\\\/alunos-da-raiz-nas-aulas-de-surf\\\/\"},\"author\":{\"name\":\"Joana\",\"@id\":\"https:\\\/\\\/escolaraiz.pt\\\/pt\\\/#\\\/schema\\\/person\\\/6345bdaf152ba0769cdcc8492bf088e1\"},\"headline\":\"Alunos da Raiz nas aulas de surf\",\"datePublished\":\"2020-08-16T19:15:49+00:00\",\"dateModified\":\"2020-12-02T19:53:28+00:00\",\"mainEntityOfPage\":{\"@id\":\"https:\\\/\\\/escolaraiz.pt\\\/pt\\\/noticias\\\/alunos-da-raiz-nas-aulas-de-surf\\\/\"},\"wordCount\":41,\"image\":{\"@id\":\"https:\\\/\\\/escolaraiz.pt\\\/pt\\\/noticias\\\/alunos-da-raiz-nas-aulas-de-surf\\\/#primaryimage\"},\"thumbnailUrl\":\"https:\\\/\\\/escolaraiz.pt\\\/pt\\\/wp-content\\\/uploads\\\/2020\\\/12\\\/agosto-16.jpg\",\"articleSection\":[\"Noticias\"],\"inLanguage\":\"pt-PT\"},{\"@type\":\"WebPage\",\"@id\":\"https:\\\/\\\/escolaraiz.pt\\\/pt\\\/noticias\\\/alunos-da-raiz-nas-aulas-de-surf\\\/\",\"url\":\"https:\\\/\\\/escolaraiz.pt\\\/pt\\\/noticias\\\/alunos-da-raiz-nas-aulas-de-surf\\\/\",\"name\":\"Alunos da Raiz nas aulas de surf - Raiz\",\"isPartOf\":{\"@id\":\"https:\\\/\\\/escolaraiz.pt\\\/pt\\\/#website\"},\"primaryImageOfPage\":{\"@id\":\"https:\\\/\\\/escolaraiz.pt\\\/pt\\\/noticias\\\/alunos-da-raiz-nas-aulas-de-surf\\\/#primaryimage\"},\"image\":{\"@id\":\"https:\\\/\\\/escolaraiz.pt\\\/pt\\\/noticias\\\/alunos-da-raiz-nas-aulas-de-surf\\\/#primaryimage\"},\"thumbnailUrl\":\"https:\\\/\\\/escolaraiz.pt\\\/pt\\\/wp-content\\\/uploads\\\/2020\\\/12\\\/agosto-16.jpg\",\"datePublished\":\"2020-08-16T19:15:49+00:00\",\"dateModified\":\"2020-12-02T19:53:28+00:00\",\"author\":{\"@id\":\"https:\\\/\\\/escolaraiz.pt\\\/pt\\\/#\\\/schema\\\/person\\\/6345bdaf152ba0769cdcc8492bf088e1\"},\"breadcrumb\":{\"@id\":\"https:\\\/\\\/escolaraiz.pt\\\/pt\\\/noticias\\\/alunos-da-raiz-nas-aulas-de-surf\\\/#breadcrumb\"},\"inLanguage\":\"pt-PT\",\"potentialAction\":[{\"@type\":\"ReadAction\",\"target\":[\"https:\\\/\\\/escolaraiz.pt\\\/pt\\\/noticias\\\/alunos-da-raiz-nas-aulas-de-surf\\\/\"]}]},{\"@type\":\"ImageObject\",\"inLanguage\":\"pt-PT\",\"@id\":\"https:\\\/\\\/escolaraiz.pt\\\/pt\\\/noticias\\\/alunos-da-raiz-nas-aulas-de-surf\\\/#primaryimage\",\"url\":\"https:\\\/\\\/escolaraiz.pt\\\/pt\\\/wp-content\\\/uploads\\\/2020\\\/12\\\/agosto-16.jpg\",\"contentUrl\":\"https:\\\/\\\/escolaraiz.pt\\\/pt\\\/wp-content\\\/uploads\\\/2020\\\/12\\\/agosto-16.jpg\",\"width\":340,\"height\":254},{\"@type\":\"BreadcrumbList\",\"@id\":\"https:\\\/\\\/escolaraiz.pt\\\/pt\\\/noticias\\\/alunos-da-raiz-nas-aulas-de-surf\\\/#breadcrumb\",\"itemListElement\":[{\"@type\":\"ListItem\",\"position\":1,\"name\":\"In\u00edcio\",\"item\":\"https:\\\/\\\/escolaraiz.pt\\\/pt\\\/\"},{\"@type\":\"ListItem\",\"position\":2,\"name\":\"Alunos da Raiz nas aulas de surf\"}]},{\"@type\":\"WebSite\",\"@id\":\"https:\\\/\\\/escolaraiz.pt\\\/pt\\\/#website\",\"url\":\"https:\\\/\\\/escolaraiz.pt\\\/pt\\\/\",\"name\":\"Raiz\",\"description\":\"Active Learning School\",\"potentialAction\":[{\"@type\":\"SearchAction\",\"target\":{\"@type\":\"EntryPoint\",\"urlTemplate\":\"https:\\\/\\\/escolaraiz.pt\\\/pt\\\/?s={search_term_string}\"},\"query-input\":{\"@type\":\"PropertyValueSpecification\",\"valueRequired\":true,\"valueName\":\"search_term_string\"}}],\"inLanguage\":\"pt-PT\"},{\"@type\":\"Person\",\"@id\":\"https:\\\/\\\/escolaraiz.pt\\\/pt\\\/#\\\/schema\\\/person\\\/6345bdaf152ba0769cdcc8492bf088e1\",\"name\":\"Joana\"}]}<\/script>\n<!-- \/ Yoast SEO plugin. -->","yoast_head_json":{"title":"Alunos da Raiz nas aulas de surf - Raiz","robots":{"index":"index","follow":"follow","max-snippet":"max-snippet:-1","max-image-preview":"max-image-preview:large","max-video-preview":"max-video-preview:-1"},"canonical":"https:\/\/escolaraiz.pt\/pt\/noticias\/alunos-da-raiz-nas-aulas-de-surf\/","twitter_card":"summary_large_image","twitter_title":"Alunos da Raiz nas aulas de surf - Raiz","twitter_description":"Na aula de surf os alunos da Raiz aprenderam a usar a prancha e as posi\u00e7\u00f5es certas a posicionarem-se dentro de \u00e1gua. Foi uma grande aventura para a col\u00f3nia de ver\u00e3o.","twitter_image":"https:\/\/escolaraiz.pt\/pt\/wp-content\/uploads\/2020\/12\/agosto-16.jpg","twitter_misc":{"Escrito por":"Joana"},"schema":{"@context":"https:\/\/schema.org","@graph":[{"@type":"Article","@id":"https:\/\/escolaraiz.pt\/pt\/noticias\/alunos-da-raiz-nas-aulas-de-surf\/#article","isPartOf":{"@id":"https:\/\/escolaraiz.pt\/pt\/noticias\/alunos-da-raiz-nas-aulas-de-surf\/"},"author":{"name":"Joana","@id":"https:\/\/escolaraiz.pt\/pt\/#\/schema\/person\/6345bdaf152ba0769cdcc8492bf088e1"},"headline":"Alunos da Raiz nas aulas de surf","datePublished":"2020-08-16T19:15:49+00:00","dateModified":"2020-12-02T19:53:28+00:00","mainEntityOfPage":{"@id":"https:\/\/escolaraiz.pt\/pt\/noticias\/alunos-da-raiz-nas-aulas-de-surf\/"},"wordCount":41,"image":{"@id":"https:\/\/escolaraiz.pt\/pt\/noticias\/alunos-da-raiz-nas-aulas-de-surf\/#primaryimage"},"thumbnailUrl":"https:\/\/escolaraiz.pt\/pt\/wp-content\/uploads\/2020\/12\/agosto-16.jpg","articleSection":["Noticias"],"inLanguage":"pt-PT"},{"@type":"WebPage","@id":"https:\/\/escolaraiz.pt\/pt\/noticias\/alunos-da-raiz-nas-aulas-de-surf\/","url":"https:\/\/escolaraiz.pt\/pt\/noticias\/alunos-da-raiz-nas-aulas-de-surf\/","name":"Alunos da Raiz nas aulas de surf - Raiz","isPartOf":{"@id":"https:\/\/escolaraiz.pt\/pt\/#website"},"primaryImageOfPage":{"@id":"https:\/\/escolaraiz.pt\/pt\/noticias\/alunos-da-raiz-nas-aulas-de-surf\/#primaryimage"},"image":{"@id":"https:\/\/escolaraiz.pt\/pt\/noticias\/alunos-da-raiz-nas-aulas-de-surf\/#primaryimage"},"thumbnailUrl":"https:\/\/escolaraiz.pt\/pt\/wp-content\/uploads\/2020\/12\/agosto-16.jpg","datePublished":"2020-08-16T19:15:49+00:00","dateModified":"2020-12-02T19:53:28+00:00","author":{"@id":"https:\/\/escolaraiz.pt\/pt\/#\/schema\/person\/6345bdaf152ba0769cdcc8492bf088e1"},"breadcrumb":{"@id":"https:\/\/escolaraiz.pt\/pt\/noticias\/alunos-da-raiz-nas-aulas-de-surf\/#breadcrumb"},"inLanguage":"pt-PT","potentialAction":[{"@type":"ReadAction","target":["https:\/\/escolaraiz.pt\/pt\/noticias\/alunos-da-raiz-nas-aulas-de-surf\/"]}]},{"@type":"ImageObject","inLanguage":"pt-PT","@id":"https:\/\/escolaraiz.pt\/pt\/noticias\/alunos-da-raiz-nas-aulas-de-surf\/#primaryimage","url":"https:\/\/escolaraiz.pt\/pt\/wp-content\/uploads\/2020\/12\/agosto-16.jpg","contentUrl":"https:\/\/escolaraiz.pt\/pt\/wp-content\/uploads\/2020\/12\/agosto-16.jpg","width":340,"height":254},{"@type":"BreadcrumbList","@id":"https:\/\/escolaraiz.pt\/pt\/noticias\/alunos-da-raiz-nas-aulas-de-surf\/#breadcrumb","itemListElement":[{"@type":"ListItem","position":1,"name":"In\u00edcio","item":"https:\/\/escolaraiz.pt\/pt\/"},{"@type":"ListItem","position":2,"name":"Alunos da Raiz nas aulas de surf"}]},{"@type":"WebSite","@id":"https:\/\/escolaraiz.pt\/pt\/#website","url":"https:\/\/escolaraiz.pt\/pt\/","name":"Raiz","description":"Active Learning School","potentialAction":[{"@type":"SearchAction","target":{"@type":"EntryPoint","urlTemplate":"https:\/\/escolaraiz.pt\/pt\/?s={search_term_string}"},"query-input":{"@type":"PropertyValueSpecification","valueRequired":true,"valueName":"search_term_string"}}],"inLanguage":"pt-PT"},{"@type":"Person","@id":"https:\/\/escolaraiz.pt\/pt\/#\/schema\/person\/6345bdaf152ba0769cdcc8492bf088e1","name":"Joana"}]}},"_links":{"self":[{"href":"https:\/\/escolaraiz.pt\/pt\/wp-json\/wp\/v2\/posts\/29310","targetHints":{"allow":["GET"]}}],"collection":[{"href":"https:\/\/escolaraiz.pt\/pt\/wp-json\/wp\/v2\/posts"}],"about":[{"href":"https:\/\/escolaraiz.pt\/pt\/wp-json\/wp\/v2\/types\/post"}],"author":[{"embeddable":true,"href":"https:\/\/escolaraiz.pt\/pt\/wp-json\/wp\/v2\/users\/6"}],"replies":[{"embeddable":true,"href":"https:\/\/escolaraiz.pt\/pt\/wp-json\/wp\/v2\/comments?post=29310"}],"version-history":[{"count":1,"href":"https:\/\/escolaraiz.pt\/pt\/wp-json\/wp\/v2\/posts\/29310\/revisions"}],"predecessor-version":[{"id":29314,"href":"https:\/\/escolaraiz.pt\/pt\/wp-json\/wp\/v2\/posts\/29310\/revisions\/29314"}],"wp:featuredmedia":[{"embeddable":true,"href":"https:\/\/escolaraiz.pt\/pt\/wp-json\/wp\/v2\/media\/29313"}],"wp:attachment":[{"href":"https:\/\/escolaraiz.pt\/pt\/wp-json\/wp\/v2\/media?parent=29310"}],"wp:term":[{"taxonomy":"category","embeddable":true,"href":"https:\/\/escolaraiz.pt\/pt\/wp-json\/wp\/v2\/categories?post=29310"},{"taxonomy":"post_tag","embeddable":true,"href":"https:\/\/escolaraiz.pt\/pt\/wp-json\/wp\/v2\/tags?post=29310"}],"curies":[{"name":"wp","href":"https:\/\/api.w.org\/{rel}","templated":true}]}}