{"id":29268,"date":"2020-06-15T11:30:00","date_gmt":"2020-06-15T11:30:00","guid":{"rendered":"https:\/\/escolaraiz.pt\/pt\/?p=29268"},"modified":"2020-07-14T16:35:48","modified_gmt":"2020-07-14T16:35:48","slug":"pedagogias-alternativas-que-licoes-podemos-tirar-em-temos-de-pandemia","status":"publish","type":"post","link":"https:\/\/escolaraiz.pt\/pt\/noticias\/pedagogias-alternativas-que-licoes-podemos-tirar-em-temos-de-pandemia\/","title":{"rendered":"Pedagogias alternativas. Que li\u00e7\u00f5es podemos tirar em temos de pandemia?"},"content":{"rendered":"\n<p>Veja neste artigo as diversas abordagens a esta pandemia, por parte das escolas com pedagogias alternativas, incluindo a Escola Raiz que segue o m\u00e9todo HighScope.Pelas palavras de Margarida Silveira Rodrigues, a nossa diretora, \u201c\u00e9 poss\u00edvel fazer uma aprendizagem ativa, mesmo \u00e0 dist\u00e2ncia\u201d. Conseguindo, mesmo assim, que o ecr\u00e3 n\u00e3o prevale\u00e7a: \u201cO ecr\u00e3 serve apenas como ferramenta de comunica\u00e7\u00e3o e encontro\u201d, explica.No regresso \u00e0s aulas presenciais, Margarida defende que em todas as escolas, se d\u00ea aten\u00e7\u00e3o n\u00e3o apenas \u00e0 sa\u00fade f\u00edsica, mas tamb\u00e9m \u00e0 sa\u00fade emocional dos alunos e dos professores. Al\u00e9m disso, a maioria da rotina da escola dever\u00e1 ser organizada para usar o exterior. No HighScope isso \u00e9 poss\u00edvel pois \u201cas aulas t\u00eam de servir para viver o curr\u00edculo e n\u00e3o para o ler e ouvir.\u201d.<\/p>\n\n\n\n<p>Leia aqui: <a href=\"https:\/\/www.educare.pt\/noticias\/noticia\/ver\/?id=173286&amp;langid=1&amp;fbclid=IwAR2nkeLobtF3-pHyJSPd4vthJ2UlILybsFFrbdrI9tBrTdVAAWXTxd7aYjE\">https:\/\/www.educare.pt\/noticias\/noticia\/ver\/?id=173286&amp;langid=1&amp;fbclid=IwAR2nkeLobtF3-pHyJSPd4vthJ2UlILybsFFrbdrI9tBrTdVAAWXTxd7aYjE<\/a><\/p>\n","protected":false},"excerpt":{"rendered":"<p>Veja neste artigo as diversas abordagens a esta pandemia, por parte das escolas com pedagogias alternativas, incluindo a Escola Raiz que segue o m\u00e9todo HighScope.Pelas palavras de Margarida Silveira Rodrigues, a nossa diretora, \u201c\u00e9 poss\u00edvel fazer uma aprendizagem ativa, mesmo \u00e0 dist\u00e2ncia\u201d. Conseguindo, mesmo assim, que o ecr\u00e3 n\u00e3o prevale\u00e7a: \u201cO ecr\u00e3 serve apenas como<\/p>\n","protected":false},"author":6,"featured_media":29271,"comment_status":"closed","ping_status":"open","sticky":false,"template":"","format":"standard","meta":{"footnotes":""},"categories":[5],"tags":[],"class_list":["post-29268","post","type-post","status-publish","format-standard","has-post-thumbnail","hentry","category-noticias"],"yoast_head":"<!-- This site is optimized with the Yoast SEO plugin v27.5 - https:\/\/yoast.com\/product\/yoast-seo-wordpress\/ -->\n<title>Pedagogias alternativas. Que li\u00e7\u00f5es podemos tirar em temos de pandemia? - Raiz<\/title>\n<meta name=\"robots\" content=\"index, follow, max-snippet:-1, max-image-preview:large, max-video-preview:-1\" \/>\n<link rel=\"canonical\" href=\"https:\/\/escolaraiz.pt\/pt\/noticias\/pedagogias-alternativas-que-licoes-podemos-tirar-em-temos-de-pandemia\/\" \/>\n<meta name=\"twitter:card\" content=\"summary_large_image\" \/>\n<meta name=\"twitter:title\" content=\"Pedagogias alternativas. Que li\u00e7\u00f5es podemos tirar em temos de pandemia? - Raiz\" \/>\n<meta name=\"twitter:description\" content=\"Veja neste artigo as diversas abordagens a esta pandemia, por parte das escolas com pedagogias alternativas, incluindo a Escola Raiz que segue o m\u00e9todo HighScope.Pelas palavras de Margarida Silveira Rodrigues, a nossa diretora, \u201c\u00e9 poss\u00edvel fazer uma aprendizagem ativa, mesmo \u00e0 dist\u00e2ncia\u201d. Conseguindo, mesmo assim, que o ecr\u00e3 n\u00e3o prevale\u00e7a: \u201cO ecr\u00e3 serve apenas como\" \/>\n<meta name=\"twitter:image\" content=\"https:\/\/escolaraiz.pt\/pt\/wp-content\/uploads\/2020\/07\/Pedagogias.jpg\" \/>\n<meta name=\"twitter:label1\" content=\"Escrito por\" \/>\n\t<meta name=\"twitter:data1\" content=\"Joana\" \/>\n\t<meta name=\"twitter:label2\" content=\"Tempo estimado de leitura\" \/>\n\t<meta name=\"twitter:data2\" content=\"1 minuto\" \/>\n<script type=\"application\/ld+json\" class=\"yoast-schema-graph\">{\"@context\":\"https:\\\/\\\/schema.org\",\"@graph\":[{\"@type\":\"Article\",\"@id\":\"https:\\\/\\\/escolaraiz.pt\\\/pt\\\/noticias\\\/pedagogias-alternativas-que-licoes-podemos-tirar-em-temos-de-pandemia\\\/#article\",\"isPartOf\":{\"@id\":\"https:\\\/\\\/escolaraiz.pt\\\/pt\\\/noticias\\\/pedagogias-alternativas-que-licoes-podemos-tirar-em-temos-de-pandemia\\\/\"},\"author\":{\"name\":\"Joana\",\"@id\":\"https:\\\/\\\/escolaraiz.pt\\\/pt\\\/#\\\/schema\\\/person\\\/6345bdaf152ba0769cdcc8492bf088e1\"},\"headline\":\"Pedagogias alternativas. Que li\u00e7\u00f5es podemos tirar em temos de pandemia?\",\"datePublished\":\"2020-06-15T11:30:00+00:00\",\"dateModified\":\"2020-07-14T16:35:48+00:00\",\"mainEntityOfPage\":{\"@id\":\"https:\\\/\\\/escolaraiz.pt\\\/pt\\\/noticias\\\/pedagogias-alternativas-que-licoes-podemos-tirar-em-temos-de-pandemia\\\/\"},\"wordCount\":173,\"image\":{\"@id\":\"https:\\\/\\\/escolaraiz.pt\\\/pt\\\/noticias\\\/pedagogias-alternativas-que-licoes-podemos-tirar-em-temos-de-pandemia\\\/#primaryimage\"},\"thumbnailUrl\":\"https:\\\/\\\/escolaraiz.pt\\\/pt\\\/wp-content\\\/uploads\\\/2020\\\/07\\\/Pedagogias.jpg\",\"articleSection\":[\"Noticias\"],\"inLanguage\":\"pt-PT\"},{\"@type\":\"WebPage\",\"@id\":\"https:\\\/\\\/escolaraiz.pt\\\/pt\\\/noticias\\\/pedagogias-alternativas-que-licoes-podemos-tirar-em-temos-de-pandemia\\\/\",\"url\":\"https:\\\/\\\/escolaraiz.pt\\\/pt\\\/noticias\\\/pedagogias-alternativas-que-licoes-podemos-tirar-em-temos-de-pandemia\\\/\",\"name\":\"Pedagogias alternativas. Que li\u00e7\u00f5es podemos tirar em temos de pandemia? - Raiz\",\"isPartOf\":{\"@id\":\"https:\\\/\\\/escolaraiz.pt\\\/pt\\\/#website\"},\"primaryImageOfPage\":{\"@id\":\"https:\\\/\\\/escolaraiz.pt\\\/pt\\\/noticias\\\/pedagogias-alternativas-que-licoes-podemos-tirar-em-temos-de-pandemia\\\/#primaryimage\"},\"image\":{\"@id\":\"https:\\\/\\\/escolaraiz.pt\\\/pt\\\/noticias\\\/pedagogias-alternativas-que-licoes-podemos-tirar-em-temos-de-pandemia\\\/#primaryimage\"},\"thumbnailUrl\":\"https:\\\/\\\/escolaraiz.pt\\\/pt\\\/wp-content\\\/uploads\\\/2020\\\/07\\\/Pedagogias.jpg\",\"datePublished\":\"2020-06-15T11:30:00+00:00\",\"dateModified\":\"2020-07-14T16:35:48+00:00\",\"author\":{\"@id\":\"https:\\\/\\\/escolaraiz.pt\\\/pt\\\/#\\\/schema\\\/person\\\/6345bdaf152ba0769cdcc8492bf088e1\"},\"breadcrumb\":{\"@id\":\"https:\\\/\\\/escolaraiz.pt\\\/pt\\\/noticias\\\/pedagogias-alternativas-que-licoes-podemos-tirar-em-temos-de-pandemia\\\/#breadcrumb\"},\"inLanguage\":\"pt-PT\",\"potentialAction\":[{\"@type\":\"ReadAction\",\"target\":[\"https:\\\/\\\/escolaraiz.pt\\\/pt\\\/noticias\\\/pedagogias-alternativas-que-licoes-podemos-tirar-em-temos-de-pandemia\\\/\"]}]},{\"@type\":\"ImageObject\",\"inLanguage\":\"pt-PT\",\"@id\":\"https:\\\/\\\/escolaraiz.pt\\\/pt\\\/noticias\\\/pedagogias-alternativas-que-licoes-podemos-tirar-em-temos-de-pandemia\\\/#primaryimage\",\"url\":\"https:\\\/\\\/escolaraiz.pt\\\/pt\\\/wp-content\\\/uploads\\\/2020\\\/07\\\/Pedagogias.jpg\",\"contentUrl\":\"https:\\\/\\\/escolaraiz.pt\\\/pt\\\/wp-content\\\/uploads\\\/2020\\\/07\\\/Pedagogias.jpg\",\"width\":495,\"height\":259},{\"@type\":\"BreadcrumbList\",\"@id\":\"https:\\\/\\\/escolaraiz.pt\\\/pt\\\/noticias\\\/pedagogias-alternativas-que-licoes-podemos-tirar-em-temos-de-pandemia\\\/#breadcrumb\",\"itemListElement\":[{\"@type\":\"ListItem\",\"position\":1,\"name\":\"In\u00edcio\",\"item\":\"https:\\\/\\\/escolaraiz.pt\\\/pt\\\/\"},{\"@type\":\"ListItem\",\"position\":2,\"name\":\"Pedagogias alternativas. Que li\u00e7\u00f5es podemos tirar em temos de pandemia?\"}]},{\"@type\":\"WebSite\",\"@id\":\"https:\\\/\\\/escolaraiz.pt\\\/pt\\\/#website\",\"url\":\"https:\\\/\\\/escolaraiz.pt\\\/pt\\\/\",\"name\":\"Raiz\",\"description\":\"Active Learning School\",\"potentialAction\":[{\"@type\":\"SearchAction\",\"target\":{\"@type\":\"EntryPoint\",\"urlTemplate\":\"https:\\\/\\\/escolaraiz.pt\\\/pt\\\/?s={search_term_string}\"},\"query-input\":{\"@type\":\"PropertyValueSpecification\",\"valueRequired\":true,\"valueName\":\"search_term_string\"}}],\"inLanguage\":\"pt-PT\"},{\"@type\":\"Person\",\"@id\":\"https:\\\/\\\/escolaraiz.pt\\\/pt\\\/#\\\/schema\\\/person\\\/6345bdaf152ba0769cdcc8492bf088e1\",\"name\":\"Joana\"}]}<\/script>\n<!-- \/ Yoast SEO plugin. -->","yoast_head_json":{"title":"Pedagogias alternativas. Que li\u00e7\u00f5es podemos tirar em temos de pandemia? - Raiz","robots":{"index":"index","follow":"follow","max-snippet":"max-snippet:-1","max-image-preview":"max-image-preview:large","max-video-preview":"max-video-preview:-1"},"canonical":"https:\/\/escolaraiz.pt\/pt\/noticias\/pedagogias-alternativas-que-licoes-podemos-tirar-em-temos-de-pandemia\/","twitter_card":"summary_large_image","twitter_title":"Pedagogias alternativas. Que li\u00e7\u00f5es podemos tirar em temos de pandemia? - Raiz","twitter_description":"Veja neste artigo as diversas abordagens a esta pandemia, por parte das escolas com pedagogias alternativas, incluindo a Escola Raiz que segue o m\u00e9todo HighScope.Pelas palavras de Margarida Silveira Rodrigues, a nossa diretora, \u201c\u00e9 poss\u00edvel fazer uma aprendizagem ativa, mesmo \u00e0 dist\u00e2ncia\u201d. Conseguindo, mesmo assim, que o ecr\u00e3 n\u00e3o prevale\u00e7a: \u201cO ecr\u00e3 serve apenas como","twitter_image":"https:\/\/escolaraiz.pt\/pt\/wp-content\/uploads\/2020\/07\/Pedagogias.jpg","twitter_misc":{"Escrito por":"Joana","Tempo estimado de leitura":"1 minuto"},"schema":{"@context":"https:\/\/schema.org","@graph":[{"@type":"Article","@id":"https:\/\/escolaraiz.pt\/pt\/noticias\/pedagogias-alternativas-que-licoes-podemos-tirar-em-temos-de-pandemia\/#article","isPartOf":{"@id":"https:\/\/escolaraiz.pt\/pt\/noticias\/pedagogias-alternativas-que-licoes-podemos-tirar-em-temos-de-pandemia\/"},"author":{"name":"Joana","@id":"https:\/\/escolaraiz.pt\/pt\/#\/schema\/person\/6345bdaf152ba0769cdcc8492bf088e1"},"headline":"Pedagogias alternativas. Que li\u00e7\u00f5es podemos tirar em temos de pandemia?","datePublished":"2020-06-15T11:30:00+00:00","dateModified":"2020-07-14T16:35:48+00:00","mainEntityOfPage":{"@id":"https:\/\/escolaraiz.pt\/pt\/noticias\/pedagogias-alternativas-que-licoes-podemos-tirar-em-temos-de-pandemia\/"},"wordCount":173,"image":{"@id":"https:\/\/escolaraiz.pt\/pt\/noticias\/pedagogias-alternativas-que-licoes-podemos-tirar-em-temos-de-pandemia\/#primaryimage"},"thumbnailUrl":"https:\/\/escolaraiz.pt\/pt\/wp-content\/uploads\/2020\/07\/Pedagogias.jpg","articleSection":["Noticias"],"inLanguage":"pt-PT"},{"@type":"WebPage","@id":"https:\/\/escolaraiz.pt\/pt\/noticias\/pedagogias-alternativas-que-licoes-podemos-tirar-em-temos-de-pandemia\/","url":"https:\/\/escolaraiz.pt\/pt\/noticias\/pedagogias-alternativas-que-licoes-podemos-tirar-em-temos-de-pandemia\/","name":"Pedagogias alternativas. Que li\u00e7\u00f5es podemos tirar em temos de pandemia? - Raiz","isPartOf":{"@id":"https:\/\/escolaraiz.pt\/pt\/#website"},"primaryImageOfPage":{"@id":"https:\/\/escolaraiz.pt\/pt\/noticias\/pedagogias-alternativas-que-licoes-podemos-tirar-em-temos-de-pandemia\/#primaryimage"},"image":{"@id":"https:\/\/escolaraiz.pt\/pt\/noticias\/pedagogias-alternativas-que-licoes-podemos-tirar-em-temos-de-pandemia\/#primaryimage"},"thumbnailUrl":"https:\/\/escolaraiz.pt\/pt\/wp-content\/uploads\/2020\/07\/Pedagogias.jpg","datePublished":"2020-06-15T11:30:00+00:00","dateModified":"2020-07-14T16:35:48+00:00","author":{"@id":"https:\/\/escolaraiz.pt\/pt\/#\/schema\/person\/6345bdaf152ba0769cdcc8492bf088e1"},"breadcrumb":{"@id":"https:\/\/escolaraiz.pt\/pt\/noticias\/pedagogias-alternativas-que-licoes-podemos-tirar-em-temos-de-pandemia\/#breadcrumb"},"inLanguage":"pt-PT","potentialAction":[{"@type":"ReadAction","target":["https:\/\/escolaraiz.pt\/pt\/noticias\/pedagogias-alternativas-que-licoes-podemos-tirar-em-temos-de-pandemia\/"]}]},{"@type":"ImageObject","inLanguage":"pt-PT","@id":"https:\/\/escolaraiz.pt\/pt\/noticias\/pedagogias-alternativas-que-licoes-podemos-tirar-em-temos-de-pandemia\/#primaryimage","url":"https:\/\/escolaraiz.pt\/pt\/wp-content\/uploads\/2020\/07\/Pedagogias.jpg","contentUrl":"https:\/\/escolaraiz.pt\/pt\/wp-content\/uploads\/2020\/07\/Pedagogias.jpg","width":495,"height":259},{"@type":"BreadcrumbList","@id":"https:\/\/escolaraiz.pt\/pt\/noticias\/pedagogias-alternativas-que-licoes-podemos-tirar-em-temos-de-pandemia\/#breadcrumb","itemListElement":[{"@type":"ListItem","position":1,"name":"In\u00edcio","item":"https:\/\/escolaraiz.pt\/pt\/"},{"@type":"ListItem","position":2,"name":"Pedagogias alternativas. Que li\u00e7\u00f5es podemos tirar em temos de pandemia?"}]},{"@type":"WebSite","@id":"https:\/\/escolaraiz.pt\/pt\/#website","url":"https:\/\/escolaraiz.pt\/pt\/","name":"Raiz","description":"Active Learning School","potentialAction":[{"@type":"SearchAction","target":{"@type":"EntryPoint","urlTemplate":"https:\/\/escolaraiz.pt\/pt\/?s={search_term_string}"},"query-input":{"@type":"PropertyValueSpecification","valueRequired":true,"valueName":"search_term_string"}}],"inLanguage":"pt-PT"},{"@type":"Person","@id":"https:\/\/escolaraiz.pt\/pt\/#\/schema\/person\/6345bdaf152ba0769cdcc8492bf088e1","name":"Joana"}]}},"_links":{"self":[{"href":"https:\/\/escolaraiz.pt\/pt\/wp-json\/wp\/v2\/posts\/29268","targetHints":{"allow":["GET"]}}],"collection":[{"href":"https:\/\/escolaraiz.pt\/pt\/wp-json\/wp\/v2\/posts"}],"about":[{"href":"https:\/\/escolaraiz.pt\/pt\/wp-json\/wp\/v2\/types\/post"}],"author":[{"embeddable":true,"href":"https:\/\/escolaraiz.pt\/pt\/wp-json\/wp\/v2\/users\/6"}],"replies":[{"embeddable":true,"href":"https:\/\/escolaraiz.pt\/pt\/wp-json\/wp\/v2\/comments?post=29268"}],"version-history":[{"count":4,"href":"https:\/\/escolaraiz.pt\/pt\/wp-json\/wp\/v2\/posts\/29268\/revisions"}],"predecessor-version":[{"id":29273,"href":"https:\/\/escolaraiz.pt\/pt\/wp-json\/wp\/v2\/posts\/29268\/revisions\/29273"}],"wp:featuredmedia":[{"embeddable":true,"href":"https:\/\/escolaraiz.pt\/pt\/wp-json\/wp\/v2\/media\/29271"}],"wp:attachment":[{"href":"https:\/\/escolaraiz.pt\/pt\/wp-json\/wp\/v2\/media?parent=29268"}],"wp:term":[{"taxonomy":"category","embeddable":true,"href":"https:\/\/escolaraiz.pt\/pt\/wp-json\/wp\/v2\/categories?post=29268"},{"taxonomy":"post_tag","embeddable":true,"href":"https:\/\/escolaraiz.pt\/pt\/wp-json\/wp\/v2\/tags?post=29268"}],"curies":[{"name":"wp","href":"https:\/\/api.w.org\/{rel}","templated":true}]}}