{"id":29254,"date":"2020-07-15T10:00:33","date_gmt":"2020-07-15T10:00:33","guid":{"rendered":"https:\/\/escolaraiz.pt\/pt\/?p=29254"},"modified":"2020-09-16T12:05:16","modified_gmt":"2020-09-16T12:05:16","slug":"livros-recomendados-pela-raiz","status":"publish","type":"post","link":"https:\/\/escolaraiz.pt\/pt\/noticias\/livros-recomendados-pela-raiz\/","title":{"rendered":"Livros Recomendados pela Raiz"},"content":{"rendered":"\n<p>A Raiz fez uma sele\u00e7\u00e3o de alguns livros que recomenda. <\/p>\n\n\n\n<figure class=\"wp-block-gallery columns-1 is-cropped wp-block-gallery-1 is-layout-flex wp-block-gallery-is-layout-flex\"><ul class=\"blocks-gallery-grid\"><li class=\"blocks-gallery-item\"><figure><img loading=\"lazy\" decoding=\"async\" width=\"940\" height=\"940\" src=\"https:\/\/escolaraiz.pt\/pt\/wp-content\/uploads\/2020\/07\/dfdfdf.png\" alt=\"\" data-id=\"29256\" data-full-url=\"https:\/\/escolaraiz.pt\/pt\/wp-content\/uploads\/2020\/07\/dfdfdf.png\" data-link=\"https:\/\/escolaraiz.pt\/pt\/?attachment_id=29256\" class=\"wp-image-29256\" srcset=\"https:\/\/escolaraiz.pt\/pt\/wp-content\/uploads\/2020\/07\/dfdfdf.png 940w, https:\/\/escolaraiz.pt\/pt\/wp-content\/uploads\/2020\/07\/dfdfdf-300x300.png 300w, https:\/\/escolaraiz.pt\/pt\/wp-content\/uploads\/2020\/07\/dfdfdf-150x150.png 150w, https:\/\/escolaraiz.pt\/pt\/wp-content\/uploads\/2020\/07\/dfdfdf-768x768.png 768w, https:\/\/escolaraiz.pt\/pt\/wp-content\/uploads\/2020\/07\/dfdfdf-500x500.png 500w, https:\/\/escolaraiz.pt\/pt\/wp-content\/uploads\/2020\/07\/dfdfdf-600x600.png 600w, https:\/\/escolaraiz.pt\/pt\/wp-content\/uploads\/2020\/07\/dfdfdf-100x100.png 100w\" sizes=\"auto, (max-width: 940px) 100vw, 940px\" \/><\/figure><\/li><\/ul><figcaption class=\"blocks-gallery-caption\">Contagens, sequ\u00eancias, animais, carater\u00edsticas, medos, receios, imagina\u00e7\u00e3o&#8230; tudo isto \u00e9 trazido \u00e0s nossas salas atrav\u00e9s do livro \u201cO cuquedo\u201d. Uma sugest\u00e3o que temos de agradecer \u00e0 Andreia Veiga.<\/figcaption><\/figure>\n\n\n\n<figure class=\"wp-block-image size-full\"><img loading=\"lazy\" decoding=\"async\" width=\"940\" height=\"940\" src=\"https:\/\/escolaraiz.pt\/pt\/wp-content\/uploads\/2020\/07\/fgfgf.jpg\" alt=\"\" class=\"wp-image-29255\" srcset=\"https:\/\/escolaraiz.pt\/pt\/wp-content\/uploads\/2020\/07\/fgfgf.jpg 940w, https:\/\/escolaraiz.pt\/pt\/wp-content\/uploads\/2020\/07\/fgfgf-300x300.jpg 300w, https:\/\/escolaraiz.pt\/pt\/wp-content\/uploads\/2020\/07\/fgfgf-150x150.jpg 150w, https:\/\/escolaraiz.pt\/pt\/wp-content\/uploads\/2020\/07\/fgfgf-768x768.jpg 768w, https:\/\/escolaraiz.pt\/pt\/wp-content\/uploads\/2020\/07\/fgfgf-500x500.jpg 500w, https:\/\/escolaraiz.pt\/pt\/wp-content\/uploads\/2020\/07\/fgfgf-600x600.jpg 600w, https:\/\/escolaraiz.pt\/pt\/wp-content\/uploads\/2020\/07\/fgfgf-100x100.jpg 100w\" sizes=\"auto, (max-width: 940px) 100vw, 940px\" \/><figcaption>\u201cOs ovos misteriosos\u201d, de Lu\u00edsa Dulcra Soares e Manuela Bacelar, \u00e9 s sugest\u00e3o liter\u00e1ria da Lu\u00edsa Andrade para os nossos alunos do Pr\u00e9-escolar. Neste, aborda-se a quest\u00e3o da diferencia\u00e7\u00e3o, ajudando-nos a perceber como melhor trabalh\u00e1-la.<\/figcaption><\/figure>\n\n\n\n<figure class=\"wp-block-gallery columns-1 is-cropped wp-block-gallery-2 is-layout-flex wp-block-gallery-is-layout-flex\"><ul class=\"blocks-gallery-grid\"><li class=\"blocks-gallery-item\"><figure><img loading=\"lazy\" decoding=\"async\" width=\"940\" height=\"940\" src=\"https:\/\/escolaraiz.pt\/pt\/wp-content\/uploads\/2020\/07\/ddv.png\" alt=\"\" data-id=\"29257\" data-full-url=\"https:\/\/escolaraiz.pt\/pt\/wp-content\/uploads\/2020\/07\/ddv.png\" data-link=\"https:\/\/escolaraiz.pt\/pt\/?attachment_id=29257\" class=\"wp-image-29257\" srcset=\"https:\/\/escolaraiz.pt\/pt\/wp-content\/uploads\/2020\/07\/ddv.png 940w, https:\/\/escolaraiz.pt\/pt\/wp-content\/uploads\/2020\/07\/ddv-300x300.png 300w, https:\/\/escolaraiz.pt\/pt\/wp-content\/uploads\/2020\/07\/ddv-150x150.png 150w, https:\/\/escolaraiz.pt\/pt\/wp-content\/uploads\/2020\/07\/ddv-768x768.png 768w, https:\/\/escolaraiz.pt\/pt\/wp-content\/uploads\/2020\/07\/ddv-500x500.png 500w, https:\/\/escolaraiz.pt\/pt\/wp-content\/uploads\/2020\/07\/ddv-600x600.png 600w, https:\/\/escolaraiz.pt\/pt\/wp-content\/uploads\/2020\/07\/ddv-100x100.png 100w\" sizes=\"auto, (max-width: 940px) 100vw, 940px\" \/><\/figure><\/li><\/ul><figcaption class=\"blocks-gallery-caption\">O livro \u201cA montanha da \u00e1gua lil\u00e1s\u201d, do escritor angolano Pepetela, \u00e9 a nossa indica\u00e7\u00e3o de leitura deste m\u00eas para o 2\u00ba Ciclo, mas tamb\u00e9m para todos os adultos. S\u00f3 para abrir o apetite, trata-se de um livro sobre a tem\u00e1tica da consci\u00eancia social. Obrigado \u00e0 Susana Medina por o ter sugerido.<\/figcaption><\/figure>\n\n\n\n<figure class=\"wp-block-image size-full\"><img loading=\"lazy\" decoding=\"async\" width=\"940\" height=\"940\" src=\"https:\/\/escolaraiz.pt\/pt\/wp-content\/uploads\/2020\/07\/sss-1.png\" alt=\"\" class=\"wp-image-29260\" srcset=\"https:\/\/escolaraiz.pt\/pt\/wp-content\/uploads\/2020\/07\/sss-1.png 940w, https:\/\/escolaraiz.pt\/pt\/wp-content\/uploads\/2020\/07\/sss-1-300x300.png 300w, https:\/\/escolaraiz.pt\/pt\/wp-content\/uploads\/2020\/07\/sss-1-150x150.png 150w, https:\/\/escolaraiz.pt\/pt\/wp-content\/uploads\/2020\/07\/sss-1-768x768.png 768w, https:\/\/escolaraiz.pt\/pt\/wp-content\/uploads\/2020\/07\/sss-1-500x500.png 500w, https:\/\/escolaraiz.pt\/pt\/wp-content\/uploads\/2020\/07\/sss-1-600x600.png 600w, https:\/\/escolaraiz.pt\/pt\/wp-content\/uploads\/2020\/07\/sss-1-100x100.png 100w\" sizes=\"auto, (max-width: 940px) 100vw, 940px\" \/><figcaption>\u201cAs aventuras de Jo\u00e3o sem medo\u201d \u00e9 um cl\u00e1ssico da literatura infantil\/juvenil que aconselhamos ao 1\u00ba e 2\u00ba Ciclo. \u00c9 uma sugest\u00e3o do J\u00falio Augusto para os pequenos-grandes amantes da aventura.<\/figcaption><\/figure>\n\n\n\n<figure class=\"wp-block-gallery columns-1 is-cropped wp-block-gallery-3 is-layout-flex wp-block-gallery-is-layout-flex\"><ul class=\"blocks-gallery-grid\"><li class=\"blocks-gallery-item\"><figure><img loading=\"lazy\" decoding=\"async\" width=\"940\" height=\"940\" src=\"https:\/\/escolaraiz.pt\/pt\/wp-content\/uploads\/2020\/07\/sdd.png\" alt=\"\" data-id=\"29261\" data-full-url=\"https:\/\/escolaraiz.pt\/pt\/wp-content\/uploads\/2020\/07\/sdd.png\" data-link=\"https:\/\/escolaraiz.pt\/pt\/?attachment_id=29261\" class=\"wp-image-29261\" srcset=\"https:\/\/escolaraiz.pt\/pt\/wp-content\/uploads\/2020\/07\/sdd.png 940w, https:\/\/escolaraiz.pt\/pt\/wp-content\/uploads\/2020\/07\/sdd-300x300.png 300w, https:\/\/escolaraiz.pt\/pt\/wp-content\/uploads\/2020\/07\/sdd-150x150.png 150w, https:\/\/escolaraiz.pt\/pt\/wp-content\/uploads\/2020\/07\/sdd-768x768.png 768w, https:\/\/escolaraiz.pt\/pt\/wp-content\/uploads\/2020\/07\/sdd-500x500.png 500w, https:\/\/escolaraiz.pt\/pt\/wp-content\/uploads\/2020\/07\/sdd-600x600.png 600w, https:\/\/escolaraiz.pt\/pt\/wp-content\/uploads\/2020\/07\/sdd-100x100.png 100w\" sizes=\"auto, (max-width: 940px) 100vw, 940px\" \/><\/figure><\/li><\/ul><figcaption class=\"blocks-gallery-caption\">\u201cA que sabe a lua\u201d \u00e9 a pergunta que fazemos aos nossos alunos do Pr\u00e9-escolar na forma de um livro muito interessante que aborda os temas da colabora\u00e7\u00e3o entre todos e o trabalho de equipa. Quem o sugeriu? A Ana Paula Dias.<\/figcaption><\/figure>\n","protected":false},"excerpt":{"rendered":"<p>A Raiz fez uma sele\u00e7\u00e3o de alguns livros que recomenda.<\/p>\n","protected":false},"author":6,"featured_media":29264,"comment_status":"closed","ping_status":"open","sticky":false,"template":"","format":"standard","meta":{"footnotes":""},"categories":[5],"tags":[],"class_list":["post-29254","post","type-post","status-publish","format-standard","has-post-thumbnail","hentry","category-noticias"],"yoast_head":"<!-- This site is optimized with the Yoast SEO plugin v27.5 - https:\/\/yoast.com\/product\/yoast-seo-wordpress\/ -->\n<title>Livros Recomendados pela Raiz - Raiz<\/title>\n<meta name=\"robots\" content=\"index, follow, max-snippet:-1, max-image-preview:large, max-video-preview:-1\" \/>\n<link rel=\"canonical\" href=\"https:\/\/escolaraiz.pt\/pt\/noticias\/livros-recomendados-pela-raiz\/\" \/>\n<meta name=\"twitter:card\" content=\"summary_large_image\" \/>\n<meta name=\"twitter:title\" content=\"Livros Recomendados pela Raiz - Raiz\" \/>\n<meta name=\"twitter:description\" content=\"A Raiz fez uma sele\u00e7\u00e3o de alguns livros que recomenda.\" \/>\n<meta name=\"twitter:image\" content=\"https:\/\/escolaraiz.pt\/pt\/wp-content\/uploads\/2020\/07\/fgfgf-1.jpg\" \/>\n<meta name=\"twitter:label1\" content=\"Escrito por\" \/>\n\t<meta name=\"twitter:data1\" content=\"Joana\" \/>\n\t<meta name=\"twitter:label2\" content=\"Tempo estimado de leitura\" \/>\n\t<meta name=\"twitter:data2\" content=\"1 minuto\" \/>\n<script type=\"application\/ld+json\" class=\"yoast-schema-graph\">{\"@context\":\"https:\\\/\\\/schema.org\",\"@graph\":[{\"@type\":\"Article\",\"@id\":\"https:\\\/\\\/escolaraiz.pt\\\/pt\\\/noticias\\\/livros-recomendados-pela-raiz\\\/#article\",\"isPartOf\":{\"@id\":\"https:\\\/\\\/escolaraiz.pt\\\/pt\\\/noticias\\\/livros-recomendados-pela-raiz\\\/\"},\"author\":{\"name\":\"Joana\",\"@id\":\"https:\\\/\\\/escolaraiz.pt\\\/pt\\\/#\\\/schema\\\/person\\\/6345bdaf152ba0769cdcc8492bf088e1\"},\"headline\":\"Livros Recomendados pela Raiz\",\"datePublished\":\"2020-07-15T10:00:33+00:00\",\"dateModified\":\"2020-09-16T12:05:16+00:00\",\"mainEntityOfPage\":{\"@id\":\"https:\\\/\\\/escolaraiz.pt\\\/pt\\\/noticias\\\/livros-recomendados-pela-raiz\\\/\"},\"wordCount\":218,\"image\":{\"@id\":\"https:\\\/\\\/escolaraiz.pt\\\/pt\\\/noticias\\\/livros-recomendados-pela-raiz\\\/#primaryimage\"},\"thumbnailUrl\":\"https:\\\/\\\/escolaraiz.pt\\\/pt\\\/wp-content\\\/uploads\\\/2020\\\/07\\\/fgfgf-1.jpg\",\"articleSection\":[\"Noticias\"],\"inLanguage\":\"pt-PT\"},{\"@type\":\"WebPage\",\"@id\":\"https:\\\/\\\/escolaraiz.pt\\\/pt\\\/noticias\\\/livros-recomendados-pela-raiz\\\/\",\"url\":\"https:\\\/\\\/escolaraiz.pt\\\/pt\\\/noticias\\\/livros-recomendados-pela-raiz\\\/\",\"name\":\"Livros Recomendados pela Raiz - Raiz\",\"isPartOf\":{\"@id\":\"https:\\\/\\\/escolaraiz.pt\\\/pt\\\/#website\"},\"primaryImageOfPage\":{\"@id\":\"https:\\\/\\\/escolaraiz.pt\\\/pt\\\/noticias\\\/livros-recomendados-pela-raiz\\\/#primaryimage\"},\"image\":{\"@id\":\"https:\\\/\\\/escolaraiz.pt\\\/pt\\\/noticias\\\/livros-recomendados-pela-raiz\\\/#primaryimage\"},\"thumbnailUrl\":\"https:\\\/\\\/escolaraiz.pt\\\/pt\\\/wp-content\\\/uploads\\\/2020\\\/07\\\/fgfgf-1.jpg\",\"datePublished\":\"2020-07-15T10:00:33+00:00\",\"dateModified\":\"2020-09-16T12:05:16+00:00\",\"author\":{\"@id\":\"https:\\\/\\\/escolaraiz.pt\\\/pt\\\/#\\\/schema\\\/person\\\/6345bdaf152ba0769cdcc8492bf088e1\"},\"breadcrumb\":{\"@id\":\"https:\\\/\\\/escolaraiz.pt\\\/pt\\\/noticias\\\/livros-recomendados-pela-raiz\\\/#breadcrumb\"},\"inLanguage\":\"pt-PT\",\"potentialAction\":[{\"@type\":\"ReadAction\",\"target\":[\"https:\\\/\\\/escolaraiz.pt\\\/pt\\\/noticias\\\/livros-recomendados-pela-raiz\\\/\"]}]},{\"@type\":\"ImageObject\",\"inLanguage\":\"pt-PT\",\"@id\":\"https:\\\/\\\/escolaraiz.pt\\\/pt\\\/noticias\\\/livros-recomendados-pela-raiz\\\/#primaryimage\",\"url\":\"https:\\\/\\\/escolaraiz.pt\\\/pt\\\/wp-content\\\/uploads\\\/2020\\\/07\\\/fgfgf-1.jpg\",\"contentUrl\":\"https:\\\/\\\/escolaraiz.pt\\\/pt\\\/wp-content\\\/uploads\\\/2020\\\/07\\\/fgfgf-1.jpg\",\"width\":940,\"height\":940},{\"@type\":\"BreadcrumbList\",\"@id\":\"https:\\\/\\\/escolaraiz.pt\\\/pt\\\/noticias\\\/livros-recomendados-pela-raiz\\\/#breadcrumb\",\"itemListElement\":[{\"@type\":\"ListItem\",\"position\":1,\"name\":\"In\u00edcio\",\"item\":\"https:\\\/\\\/escolaraiz.pt\\\/pt\\\/\"},{\"@type\":\"ListItem\",\"position\":2,\"name\":\"Livros Recomendados pela Raiz\"}]},{\"@type\":\"WebSite\",\"@id\":\"https:\\\/\\\/escolaraiz.pt\\\/pt\\\/#website\",\"url\":\"https:\\\/\\\/escolaraiz.pt\\\/pt\\\/\",\"name\":\"Raiz\",\"description\":\"Active Learning School\",\"potentialAction\":[{\"@type\":\"SearchAction\",\"target\":{\"@type\":\"EntryPoint\",\"urlTemplate\":\"https:\\\/\\\/escolaraiz.pt\\\/pt\\\/?s={search_term_string}\"},\"query-input\":{\"@type\":\"PropertyValueSpecification\",\"valueRequired\":true,\"valueName\":\"search_term_string\"}}],\"inLanguage\":\"pt-PT\"},{\"@type\":\"Person\",\"@id\":\"https:\\\/\\\/escolaraiz.pt\\\/pt\\\/#\\\/schema\\\/person\\\/6345bdaf152ba0769cdcc8492bf088e1\",\"name\":\"Joana\"}]}<\/script>\n<!-- \/ Yoast SEO plugin. -->","yoast_head_json":{"title":"Livros Recomendados pela Raiz - Raiz","robots":{"index":"index","follow":"follow","max-snippet":"max-snippet:-1","max-image-preview":"max-image-preview:large","max-video-preview":"max-video-preview:-1"},"canonical":"https:\/\/escolaraiz.pt\/pt\/noticias\/livros-recomendados-pela-raiz\/","twitter_card":"summary_large_image","twitter_title":"Livros Recomendados pela Raiz - Raiz","twitter_description":"A Raiz fez uma sele\u00e7\u00e3o de alguns livros que recomenda.","twitter_image":"https:\/\/escolaraiz.pt\/pt\/wp-content\/uploads\/2020\/07\/fgfgf-1.jpg","twitter_misc":{"Escrito por":"Joana","Tempo estimado de leitura":"1 minuto"},"schema":{"@context":"https:\/\/schema.org","@graph":[{"@type":"Article","@id":"https:\/\/escolaraiz.pt\/pt\/noticias\/livros-recomendados-pela-raiz\/#article","isPartOf":{"@id":"https:\/\/escolaraiz.pt\/pt\/noticias\/livros-recomendados-pela-raiz\/"},"author":{"name":"Joana","@id":"https:\/\/escolaraiz.pt\/pt\/#\/schema\/person\/6345bdaf152ba0769cdcc8492bf088e1"},"headline":"Livros Recomendados pela Raiz","datePublished":"2020-07-15T10:00:33+00:00","dateModified":"2020-09-16T12:05:16+00:00","mainEntityOfPage":{"@id":"https:\/\/escolaraiz.pt\/pt\/noticias\/livros-recomendados-pela-raiz\/"},"wordCount":218,"image":{"@id":"https:\/\/escolaraiz.pt\/pt\/noticias\/livros-recomendados-pela-raiz\/#primaryimage"},"thumbnailUrl":"https:\/\/escolaraiz.pt\/pt\/wp-content\/uploads\/2020\/07\/fgfgf-1.jpg","articleSection":["Noticias"],"inLanguage":"pt-PT"},{"@type":"WebPage","@id":"https:\/\/escolaraiz.pt\/pt\/noticias\/livros-recomendados-pela-raiz\/","url":"https:\/\/escolaraiz.pt\/pt\/noticias\/livros-recomendados-pela-raiz\/","name":"Livros Recomendados pela Raiz - Raiz","isPartOf":{"@id":"https:\/\/escolaraiz.pt\/pt\/#website"},"primaryImageOfPage":{"@id":"https:\/\/escolaraiz.pt\/pt\/noticias\/livros-recomendados-pela-raiz\/#primaryimage"},"image":{"@id":"https:\/\/escolaraiz.pt\/pt\/noticias\/livros-recomendados-pela-raiz\/#primaryimage"},"thumbnailUrl":"https:\/\/escolaraiz.pt\/pt\/wp-content\/uploads\/2020\/07\/fgfgf-1.jpg","datePublished":"2020-07-15T10:00:33+00:00","dateModified":"2020-09-16T12:05:16+00:00","author":{"@id":"https:\/\/escolaraiz.pt\/pt\/#\/schema\/person\/6345bdaf152ba0769cdcc8492bf088e1"},"breadcrumb":{"@id":"https:\/\/escolaraiz.pt\/pt\/noticias\/livros-recomendados-pela-raiz\/#breadcrumb"},"inLanguage":"pt-PT","potentialAction":[{"@type":"ReadAction","target":["https:\/\/escolaraiz.pt\/pt\/noticias\/livros-recomendados-pela-raiz\/"]}]},{"@type":"ImageObject","inLanguage":"pt-PT","@id":"https:\/\/escolaraiz.pt\/pt\/noticias\/livros-recomendados-pela-raiz\/#primaryimage","url":"https:\/\/escolaraiz.pt\/pt\/wp-content\/uploads\/2020\/07\/fgfgf-1.jpg","contentUrl":"https:\/\/escolaraiz.pt\/pt\/wp-content\/uploads\/2020\/07\/fgfgf-1.jpg","width":940,"height":940},{"@type":"BreadcrumbList","@id":"https:\/\/escolaraiz.pt\/pt\/noticias\/livros-recomendados-pela-raiz\/#breadcrumb","itemListElement":[{"@type":"ListItem","position":1,"name":"In\u00edcio","item":"https:\/\/escolaraiz.pt\/pt\/"},{"@type":"ListItem","position":2,"name":"Livros Recomendados pela Raiz"}]},{"@type":"WebSite","@id":"https:\/\/escolaraiz.pt\/pt\/#website","url":"https:\/\/escolaraiz.pt\/pt\/","name":"Raiz","description":"Active Learning School","potentialAction":[{"@type":"SearchAction","target":{"@type":"EntryPoint","urlTemplate":"https:\/\/escolaraiz.pt\/pt\/?s={search_term_string}"},"query-input":{"@type":"PropertyValueSpecification","valueRequired":true,"valueName":"search_term_string"}}],"inLanguage":"pt-PT"},{"@type":"Person","@id":"https:\/\/escolaraiz.pt\/pt\/#\/schema\/person\/6345bdaf152ba0769cdcc8492bf088e1","name":"Joana"}]}},"_links":{"self":[{"href":"https:\/\/escolaraiz.pt\/pt\/wp-json\/wp\/v2\/posts\/29254","targetHints":{"allow":["GET"]}}],"collection":[{"href":"https:\/\/escolaraiz.pt\/pt\/wp-json\/wp\/v2\/posts"}],"about":[{"href":"https:\/\/escolaraiz.pt\/pt\/wp-json\/wp\/v2\/types\/post"}],"author":[{"embeddable":true,"href":"https:\/\/escolaraiz.pt\/pt\/wp-json\/wp\/v2\/users\/6"}],"replies":[{"embeddable":true,"href":"https:\/\/escolaraiz.pt\/pt\/wp-json\/wp\/v2\/comments?post=29254"}],"version-history":[{"count":5,"href":"https:\/\/escolaraiz.pt\/pt\/wp-json\/wp\/v2\/posts\/29254\/revisions"}],"predecessor-version":[{"id":29281,"href":"https:\/\/escolaraiz.pt\/pt\/wp-json\/wp\/v2\/posts\/29254\/revisions\/29281"}],"wp:featuredmedia":[{"embeddable":true,"href":"https:\/\/escolaraiz.pt\/pt\/wp-json\/wp\/v2\/media\/29264"}],"wp:attachment":[{"href":"https:\/\/escolaraiz.pt\/pt\/wp-json\/wp\/v2\/media?parent=29254"}],"wp:term":[{"taxonomy":"category","embeddable":true,"href":"https:\/\/escolaraiz.pt\/pt\/wp-json\/wp\/v2\/categories?post=29254"},{"taxonomy":"post_tag","embeddable":true,"href":"https:\/\/escolaraiz.pt\/pt\/wp-json\/wp\/v2\/tags?post=29254"}],"curies":[{"name":"wp","href":"https:\/\/api.w.org\/{rel}","templated":true}]}}