{"id":29237,"date":"2020-06-01T16:03:00","date_gmt":"2020-06-01T16:03:00","guid":{"rendered":"https:\/\/escolaraiz.pt\/pt\/?p=29237"},"modified":"2020-06-08T16:37:06","modified_gmt":"2020-06-08T16:37:06","slug":"a-equipa-raiz-deseja-um-feliz-dia-da-crianca","status":"publish","type":"post","link":"https:\/\/escolaraiz.pt\/pt\/noticias\/a-equipa-raiz-deseja-um-feliz-dia-da-crianca\/","title":{"rendered":"A Equipa Raiz deseja um Feliz Dia da Crian\u00e7a!"},"content":{"rendered":"\n<p>A equipa da Raiz tem uma mensagem para todos os nossos alunos neste dia t\u00e3o especial: brinquem, joguem e, acima de tudo, divirtam-se! Que tenham um dia inesquec\u00edvel\u00a0?<\/p>\n\n\n\n<figure class=\"wp-block-embed-facebook wp-block-embed is-type-video is-provider-facebook\"><div class=\"wp-block-embed__wrapper\">\nhttps:\/\/www.facebook.com\/escolaraiz\/videos\/262094318329805\/\n<\/div><\/figure>\n\n\n\n<figure class=\"wp-block-gallery columns-0 is-cropped wp-block-gallery-1 is-layout-flex wp-block-gallery-is-layout-flex\"><ul class=\"blocks-gallery-grid\"><\/ul><\/figure>\n","protected":false},"excerpt":{"rendered":"<p>A equipa da Raiz tem uma mensagem para todos os nossos alunos neste dia t\u00e3o especial: brinquem, joguem e, acima de tudo, divirtam-se! Que tenham um dia inesquec\u00edvel\u00a0?<\/p>\n","protected":false},"author":1,"featured_media":29238,"comment_status":"closed","ping_status":"open","sticky":false,"template":"","format":"standard","meta":{"footnotes":""},"categories":[5],"tags":[],"class_list":["post-29237","post","type-post","status-publish","format-standard","has-post-thumbnail","hentry","category-noticias"],"yoast_head":"<!-- This site is optimized with the Yoast SEO plugin v27.5 - https:\/\/yoast.com\/product\/yoast-seo-wordpress\/ -->\n<title>A Equipa Raiz deseja um Feliz Dia da Crian\u00e7a! - Raiz<\/title>\n<meta name=\"robots\" content=\"index, follow, max-snippet:-1, max-image-preview:large, max-video-preview:-1\" \/>\n<link rel=\"canonical\" href=\"https:\/\/escolaraiz.pt\/pt\/noticias\/a-equipa-raiz-deseja-um-feliz-dia-da-crianca\/\" \/>\n<meta name=\"twitter:card\" content=\"summary_large_image\" \/>\n<meta name=\"twitter:title\" content=\"A Equipa Raiz deseja um Feliz Dia da Crian\u00e7a! - Raiz\" \/>\n<meta name=\"twitter:description\" content=\"A equipa da Raiz tem uma mensagem para todos os nossos alunos neste dia t\u00e3o especial: brinquem, joguem e, acima de tudo, divirtam-se! Que tenham um dia inesquec\u00edvel\u00a0?\" \/>\n<meta name=\"twitter:image\" content=\"https:\/\/escolaraiz.pt\/pt\/wp-content\/uploads\/2020\/06\/Captura-de-Tela-2020-06-08-a\u0300s-17.21.00.png\" \/>\n<meta name=\"twitter:label1\" content=\"Escrito por\" \/>\n\t<meta name=\"twitter:data1\" content=\"admin\" \/>\n<script type=\"application\/ld+json\" class=\"yoast-schema-graph\">{\"@context\":\"https:\\\/\\\/schema.org\",\"@graph\":[{\"@type\":\"Article\",\"@id\":\"https:\\\/\\\/escolaraiz.pt\\\/pt\\\/noticias\\\/a-equipa-raiz-deseja-um-feliz-dia-da-crianca\\\/#article\",\"isPartOf\":{\"@id\":\"https:\\\/\\\/escolaraiz.pt\\\/pt\\\/noticias\\\/a-equipa-raiz-deseja-um-feliz-dia-da-crianca\\\/\"},\"author\":{\"name\":\"admin\",\"@id\":\"https:\\\/\\\/escolaraiz.pt\\\/pt\\\/#\\\/schema\\\/person\\\/b730db7f2876087a398bcca824252c02\"},\"headline\":\"A Equipa Raiz deseja um Feliz Dia da Crian\u00e7a!\",\"datePublished\":\"2020-06-01T16:03:00+00:00\",\"dateModified\":\"2020-06-08T16:37:06+00:00\",\"mainEntityOfPage\":{\"@id\":\"https:\\\/\\\/escolaraiz.pt\\\/pt\\\/noticias\\\/a-equipa-raiz-deseja-um-feliz-dia-da-crianca\\\/\"},\"wordCount\":46,\"image\":{\"@id\":\"https:\\\/\\\/escolaraiz.pt\\\/pt\\\/noticias\\\/a-equipa-raiz-deseja-um-feliz-dia-da-crianca\\\/#primaryimage\"},\"thumbnailUrl\":\"https:\\\/\\\/escolaraiz.pt\\\/pt\\\/wp-content\\\/uploads\\\/2020\\\/06\\\/Captura-de-Tela-2020-06-08-a\u0300s-17.21.00.png\",\"articleSection\":[\"Noticias\"],\"inLanguage\":\"pt-PT\"},{\"@type\":\"WebPage\",\"@id\":\"https:\\\/\\\/escolaraiz.pt\\\/pt\\\/noticias\\\/a-equipa-raiz-deseja-um-feliz-dia-da-crianca\\\/\",\"url\":\"https:\\\/\\\/escolaraiz.pt\\\/pt\\\/noticias\\\/a-equipa-raiz-deseja-um-feliz-dia-da-crianca\\\/\",\"name\":\"A Equipa Raiz deseja um Feliz Dia da Crian\u00e7a! - Raiz\",\"isPartOf\":{\"@id\":\"https:\\\/\\\/escolaraiz.pt\\\/pt\\\/#website\"},\"primaryImageOfPage\":{\"@id\":\"https:\\\/\\\/escolaraiz.pt\\\/pt\\\/noticias\\\/a-equipa-raiz-deseja-um-feliz-dia-da-crianca\\\/#primaryimage\"},\"image\":{\"@id\":\"https:\\\/\\\/escolaraiz.pt\\\/pt\\\/noticias\\\/a-equipa-raiz-deseja-um-feliz-dia-da-crianca\\\/#primaryimage\"},\"thumbnailUrl\":\"https:\\\/\\\/escolaraiz.pt\\\/pt\\\/wp-content\\\/uploads\\\/2020\\\/06\\\/Captura-de-Tela-2020-06-08-a\u0300s-17.21.00.png\",\"datePublished\":\"2020-06-01T16:03:00+00:00\",\"dateModified\":\"2020-06-08T16:37:06+00:00\",\"author\":{\"@id\":\"https:\\\/\\\/escolaraiz.pt\\\/pt\\\/#\\\/schema\\\/person\\\/b730db7f2876087a398bcca824252c02\"},\"breadcrumb\":{\"@id\":\"https:\\\/\\\/escolaraiz.pt\\\/pt\\\/noticias\\\/a-equipa-raiz-deseja-um-feliz-dia-da-crianca\\\/#breadcrumb\"},\"inLanguage\":\"pt-PT\",\"potentialAction\":[{\"@type\":\"ReadAction\",\"target\":[\"https:\\\/\\\/escolaraiz.pt\\\/pt\\\/noticias\\\/a-equipa-raiz-deseja-um-feliz-dia-da-crianca\\\/\"]}]},{\"@type\":\"ImageObject\",\"inLanguage\":\"pt-PT\",\"@id\":\"https:\\\/\\\/escolaraiz.pt\\\/pt\\\/noticias\\\/a-equipa-raiz-deseja-um-feliz-dia-da-crianca\\\/#primaryimage\",\"url\":\"https:\\\/\\\/escolaraiz.pt\\\/pt\\\/wp-content\\\/uploads\\\/2020\\\/06\\\/Captura-de-Tela-2020-06-08-a\u0300s-17.21.00.png\",\"contentUrl\":\"https:\\\/\\\/escolaraiz.pt\\\/pt\\\/wp-content\\\/uploads\\\/2020\\\/06\\\/Captura-de-Tela-2020-06-08-a\u0300s-17.21.00.png\",\"width\":813,\"height\":453},{\"@type\":\"BreadcrumbList\",\"@id\":\"https:\\\/\\\/escolaraiz.pt\\\/pt\\\/noticias\\\/a-equipa-raiz-deseja-um-feliz-dia-da-crianca\\\/#breadcrumb\",\"itemListElement\":[{\"@type\":\"ListItem\",\"position\":1,\"name\":\"In\u00edcio\",\"item\":\"https:\\\/\\\/escolaraiz.pt\\\/pt\\\/\"},{\"@type\":\"ListItem\",\"position\":2,\"name\":\"A Equipa Raiz deseja um Feliz Dia da Crian\u00e7a!\"}]},{\"@type\":\"WebSite\",\"@id\":\"https:\\\/\\\/escolaraiz.pt\\\/pt\\\/#website\",\"url\":\"https:\\\/\\\/escolaraiz.pt\\\/pt\\\/\",\"name\":\"Raiz\",\"description\":\"Active Learning School\",\"potentialAction\":[{\"@type\":\"SearchAction\",\"target\":{\"@type\":\"EntryPoint\",\"urlTemplate\":\"https:\\\/\\\/escolaraiz.pt\\\/pt\\\/?s={search_term_string}\"},\"query-input\":{\"@type\":\"PropertyValueSpecification\",\"valueRequired\":true,\"valueName\":\"search_term_string\"}}],\"inLanguage\":\"pt-PT\"},{\"@type\":\"Person\",\"@id\":\"https:\\\/\\\/escolaraiz.pt\\\/pt\\\/#\\\/schema\\\/person\\\/b730db7f2876087a398bcca824252c02\",\"name\":\"admin\"}]}<\/script>\n<!-- \/ Yoast SEO plugin. -->","yoast_head_json":{"title":"A Equipa Raiz deseja um Feliz Dia da Crian\u00e7a! - Raiz","robots":{"index":"index","follow":"follow","max-snippet":"max-snippet:-1","max-image-preview":"max-image-preview:large","max-video-preview":"max-video-preview:-1"},"canonical":"https:\/\/escolaraiz.pt\/pt\/noticias\/a-equipa-raiz-deseja-um-feliz-dia-da-crianca\/","twitter_card":"summary_large_image","twitter_title":"A Equipa Raiz deseja um Feliz Dia da Crian\u00e7a! - Raiz","twitter_description":"A equipa da Raiz tem uma mensagem para todos os nossos alunos neste dia t\u00e3o especial: brinquem, joguem e, acima de tudo, divirtam-se! Que tenham um dia inesquec\u00edvel\u00a0?","twitter_image":"https:\/\/escolaraiz.pt\/pt\/wp-content\/uploads\/2020\/06\/Captura-de-Tela-2020-06-08-a\u0300s-17.21.00.png","twitter_misc":{"Escrito por":"admin"},"schema":{"@context":"https:\/\/schema.org","@graph":[{"@type":"Article","@id":"https:\/\/escolaraiz.pt\/pt\/noticias\/a-equipa-raiz-deseja-um-feliz-dia-da-crianca\/#article","isPartOf":{"@id":"https:\/\/escolaraiz.pt\/pt\/noticias\/a-equipa-raiz-deseja-um-feliz-dia-da-crianca\/"},"author":{"name":"admin","@id":"https:\/\/escolaraiz.pt\/pt\/#\/schema\/person\/b730db7f2876087a398bcca824252c02"},"headline":"A Equipa Raiz deseja um Feliz Dia da Crian\u00e7a!","datePublished":"2020-06-01T16:03:00+00:00","dateModified":"2020-06-08T16:37:06+00:00","mainEntityOfPage":{"@id":"https:\/\/escolaraiz.pt\/pt\/noticias\/a-equipa-raiz-deseja-um-feliz-dia-da-crianca\/"},"wordCount":46,"image":{"@id":"https:\/\/escolaraiz.pt\/pt\/noticias\/a-equipa-raiz-deseja-um-feliz-dia-da-crianca\/#primaryimage"},"thumbnailUrl":"https:\/\/escolaraiz.pt\/pt\/wp-content\/uploads\/2020\/06\/Captura-de-Tela-2020-06-08-a\u0300s-17.21.00.png","articleSection":["Noticias"],"inLanguage":"pt-PT"},{"@type":"WebPage","@id":"https:\/\/escolaraiz.pt\/pt\/noticias\/a-equipa-raiz-deseja-um-feliz-dia-da-crianca\/","url":"https:\/\/escolaraiz.pt\/pt\/noticias\/a-equipa-raiz-deseja-um-feliz-dia-da-crianca\/","name":"A Equipa Raiz deseja um Feliz Dia da Crian\u00e7a! - Raiz","isPartOf":{"@id":"https:\/\/escolaraiz.pt\/pt\/#website"},"primaryImageOfPage":{"@id":"https:\/\/escolaraiz.pt\/pt\/noticias\/a-equipa-raiz-deseja-um-feliz-dia-da-crianca\/#primaryimage"},"image":{"@id":"https:\/\/escolaraiz.pt\/pt\/noticias\/a-equipa-raiz-deseja-um-feliz-dia-da-crianca\/#primaryimage"},"thumbnailUrl":"https:\/\/escolaraiz.pt\/pt\/wp-content\/uploads\/2020\/06\/Captura-de-Tela-2020-06-08-a\u0300s-17.21.00.png","datePublished":"2020-06-01T16:03:00+00:00","dateModified":"2020-06-08T16:37:06+00:00","author":{"@id":"https:\/\/escolaraiz.pt\/pt\/#\/schema\/person\/b730db7f2876087a398bcca824252c02"},"breadcrumb":{"@id":"https:\/\/escolaraiz.pt\/pt\/noticias\/a-equipa-raiz-deseja-um-feliz-dia-da-crianca\/#breadcrumb"},"inLanguage":"pt-PT","potentialAction":[{"@type":"ReadAction","target":["https:\/\/escolaraiz.pt\/pt\/noticias\/a-equipa-raiz-deseja-um-feliz-dia-da-crianca\/"]}]},{"@type":"ImageObject","inLanguage":"pt-PT","@id":"https:\/\/escolaraiz.pt\/pt\/noticias\/a-equipa-raiz-deseja-um-feliz-dia-da-crianca\/#primaryimage","url":"https:\/\/escolaraiz.pt\/pt\/wp-content\/uploads\/2020\/06\/Captura-de-Tela-2020-06-08-a\u0300s-17.21.00.png","contentUrl":"https:\/\/escolaraiz.pt\/pt\/wp-content\/uploads\/2020\/06\/Captura-de-Tela-2020-06-08-a\u0300s-17.21.00.png","width":813,"height":453},{"@type":"BreadcrumbList","@id":"https:\/\/escolaraiz.pt\/pt\/noticias\/a-equipa-raiz-deseja-um-feliz-dia-da-crianca\/#breadcrumb","itemListElement":[{"@type":"ListItem","position":1,"name":"In\u00edcio","item":"https:\/\/escolaraiz.pt\/pt\/"},{"@type":"ListItem","position":2,"name":"A Equipa Raiz deseja um Feliz Dia da Crian\u00e7a!"}]},{"@type":"WebSite","@id":"https:\/\/escolaraiz.pt\/pt\/#website","url":"https:\/\/escolaraiz.pt\/pt\/","name":"Raiz","description":"Active Learning School","potentialAction":[{"@type":"SearchAction","target":{"@type":"EntryPoint","urlTemplate":"https:\/\/escolaraiz.pt\/pt\/?s={search_term_string}"},"query-input":{"@type":"PropertyValueSpecification","valueRequired":true,"valueName":"search_term_string"}}],"inLanguage":"pt-PT"},{"@type":"Person","@id":"https:\/\/escolaraiz.pt\/pt\/#\/schema\/person\/b730db7f2876087a398bcca824252c02","name":"admin"}]}},"_links":{"self":[{"href":"https:\/\/escolaraiz.pt\/pt\/wp-json\/wp\/v2\/posts\/29237","targetHints":{"allow":["GET"]}}],"collection":[{"href":"https:\/\/escolaraiz.pt\/pt\/wp-json\/wp\/v2\/posts"}],"about":[{"href":"https:\/\/escolaraiz.pt\/pt\/wp-json\/wp\/v2\/types\/post"}],"author":[{"embeddable":true,"href":"https:\/\/escolaraiz.pt\/pt\/wp-json\/wp\/v2\/users\/1"}],"replies":[{"embeddable":true,"href":"https:\/\/escolaraiz.pt\/pt\/wp-json\/wp\/v2\/comments?post=29237"}],"version-history":[{"count":1,"href":"https:\/\/escolaraiz.pt\/pt\/wp-json\/wp\/v2\/posts\/29237\/revisions"}],"predecessor-version":[{"id":29239,"href":"https:\/\/escolaraiz.pt\/pt\/wp-json\/wp\/v2\/posts\/29237\/revisions\/29239"}],"wp:featuredmedia":[{"embeddable":true,"href":"https:\/\/escolaraiz.pt\/pt\/wp-json\/wp\/v2\/media\/29238"}],"wp:attachment":[{"href":"https:\/\/escolaraiz.pt\/pt\/wp-json\/wp\/v2\/media?parent=29237"}],"wp:term":[{"taxonomy":"category","embeddable":true,"href":"https:\/\/escolaraiz.pt\/pt\/wp-json\/wp\/v2\/categories?post=29237"},{"taxonomy":"post_tag","embeddable":true,"href":"https:\/\/escolaraiz.pt\/pt\/wp-json\/wp\/v2\/tags?post=29237"}],"curies":[{"name":"wp","href":"https:\/\/api.w.org\/{rel}","templated":true}]}}