{"id":29205,"date":"2020-04-16T14:07:00","date_gmt":"2020-04-16T14:07:00","guid":{"rendered":"https:\/\/escolaraiz.pt\/pt\/?p=29205"},"modified":"2020-04-29T14:12:56","modified_gmt":"2020-04-29T14:12:56","slug":"importancia-de-lavar-as-maos","status":"publish","type":"post","link":"https:\/\/escolaraiz.pt\/pt\/noticias\/importancia-de-lavar-as-maos\/","title":{"rendered":"Import\u00e2ncia de lavar as m\u00e3os"},"content":{"rendered":"\n<p>Esta atividade, para os alunos da creche, tinha o nome de &#8220;Import\u00e2ncia de lavar as m\u00e3os&#8221; e pretendia mostrar \u00e0s crian\u00e7as a import\u00e2ncia de lavarem as m\u00e3os regularmente.<\/p>\n\n\n\n<p>Cada pai preparou o material em sua casa e depois, mostrando no online, cada crian\u00e7a explorou a \u00e1gua com especiarias. Tentavam tirar as especiarias dos dedos mas sem sucesso. Depois colocaram sab\u00e3o nos dedos e as especiarias sa\u00edram facilmente. As crian\u00e7as depois disso pediam por mais sab\u00e3o para retirar as restantes especiarias dos dedos.<\/p>\n\n\n\n<p>Para complementar esta experi\u00eancia convers\u00e1mos com elas que era muito importante lavarmos as m\u00e3os com \u00e1gua e sab\u00e3o, pois os v\u00edrus (&#8220;bichinhos&#8221;) n\u00e3o gostam do sab\u00e3o e v\u00e3o-se embora. ??<br><\/p>\n\n\n\n<figure class=\"wp-block-gallery columns-3 is-cropped wp-block-gallery-1 is-layout-flex wp-block-gallery-is-layout-flex\"><ul class=\"blocks-gallery-grid\"><li class=\"blocks-gallery-item\"><figure><img loading=\"lazy\" decoding=\"async\" width=\"640\" height=\"480\" src=\"https:\/\/escolaraiz.pt\/pt\/wp-content\/uploads\/2020\/04\/92800937_2859857450756457_1569603855681847296_n.jpg\" alt=\"\" data-id=\"29207\" data-full-url=\"https:\/\/escolaraiz.pt\/pt\/wp-content\/uploads\/2020\/04\/92800937_2859857450756457_1569603855681847296_n.jpg\" data-link=\"https:\/\/escolaraiz.pt\/pt\/?attachment_id=29207\" class=\"wp-image-29207\" srcset=\"https:\/\/escolaraiz.pt\/pt\/wp-content\/uploads\/2020\/04\/92800937_2859857450756457_1569603855681847296_n.jpg 640w, https:\/\/escolaraiz.pt\/pt\/wp-content\/uploads\/2020\/04\/92800937_2859857450756457_1569603855681847296_n-300x225.jpg 300w, https:\/\/escolaraiz.pt\/pt\/wp-content\/uploads\/2020\/04\/92800937_2859857450756457_1569603855681847296_n-500x375.jpg 500w, https:\/\/escolaraiz.pt\/pt\/wp-content\/uploads\/2020\/04\/92800937_2859857450756457_1569603855681847296_n-600x450.jpg 600w\" sizes=\"auto, (max-width: 640px) 100vw, 640px\" \/><\/figure><\/li><li class=\"blocks-gallery-item\"><figure><img loading=\"lazy\" decoding=\"async\" width=\"480\" height=\"640\" src=\"https:\/\/escolaraiz.pt\/pt\/wp-content\/uploads\/2020\/04\/92816890_2859857324089803_3728966721797619712_n.jpg\" alt=\"\" data-id=\"29208\" data-full-url=\"https:\/\/escolaraiz.pt\/pt\/wp-content\/uploads\/2020\/04\/92816890_2859857324089803_3728966721797619712_n.jpg\" data-link=\"https:\/\/escolaraiz.pt\/pt\/?attachment_id=29208\" class=\"wp-image-29208\" srcset=\"https:\/\/escolaraiz.pt\/pt\/wp-content\/uploads\/2020\/04\/92816890_2859857324089803_3728966721797619712_n.jpg 480w, https:\/\/escolaraiz.pt\/pt\/wp-content\/uploads\/2020\/04\/92816890_2859857324089803_3728966721797619712_n-225x300.jpg 225w\" sizes=\"auto, (max-width: 480px) 100vw, 480px\" \/><\/figure><\/li><li class=\"blocks-gallery-item\"><figure><img loading=\"lazy\" decoding=\"async\" width=\"479\" height=\"640\" src=\"https:\/\/escolaraiz.pt\/pt\/wp-content\/uploads\/2020\/04\/92848436_2859857334089802_7565441628974874624_n-1.jpg\" alt=\"\" data-id=\"29209\" data-full-url=\"https:\/\/escolaraiz.pt\/pt\/wp-content\/uploads\/2020\/04\/92848436_2859857334089802_7565441628974874624_n-1.jpg\" data-link=\"https:\/\/escolaraiz.pt\/pt\/?attachment_id=29209\" class=\"wp-image-29209\" srcset=\"https:\/\/escolaraiz.pt\/pt\/wp-content\/uploads\/2020\/04\/92848436_2859857334089802_7565441628974874624_n-1.jpg 479w, https:\/\/escolaraiz.pt\/pt\/wp-content\/uploads\/2020\/04\/92848436_2859857334089802_7565441628974874624_n-1-225x300.jpg 225w\" sizes=\"auto, (max-width: 479px) 100vw, 479px\" \/><\/figure><\/li><li class=\"blocks-gallery-item\"><figure><img loading=\"lazy\" decoding=\"async\" width=\"640\" height=\"480\" src=\"https:\/\/escolaraiz.pt\/pt\/wp-content\/uploads\/2020\/04\/93687048_2859857337423135_7298712494762098688_n.jpg\" alt=\"\" data-id=\"29210\" data-full-url=\"https:\/\/escolaraiz.pt\/pt\/wp-content\/uploads\/2020\/04\/93687048_2859857337423135_7298712494762098688_n.jpg\" data-link=\"https:\/\/escolaraiz.pt\/pt\/?attachment_id=29210\" class=\"wp-image-29210\" srcset=\"https:\/\/escolaraiz.pt\/pt\/wp-content\/uploads\/2020\/04\/93687048_2859857337423135_7298712494762098688_n.jpg 640w, https:\/\/escolaraiz.pt\/pt\/wp-content\/uploads\/2020\/04\/93687048_2859857337423135_7298712494762098688_n-300x225.jpg 300w, https:\/\/escolaraiz.pt\/pt\/wp-content\/uploads\/2020\/04\/93687048_2859857337423135_7298712494762098688_n-500x375.jpg 500w, https:\/\/escolaraiz.pt\/pt\/wp-content\/uploads\/2020\/04\/93687048_2859857337423135_7298712494762098688_n-600x450.jpg 600w\" sizes=\"auto, (max-width: 640px) 100vw, 640px\" \/><\/figure><\/li><\/ul><\/figure>\n","protected":false},"excerpt":{"rendered":"<p>Esta atividade, para os alunos da creche, tinha o nome de &#8220;Import\u00e2ncia de lavar as m\u00e3os&#8221; e pretendia mostrar \u00e0s crian\u00e7as a import\u00e2ncia de lavarem as m\u00e3os regularmente. Cada pai preparou o material em sua casa e depois, mostrando no online, cada crian\u00e7a explorou a \u00e1gua com especiarias. Tentavam tirar as especiarias dos dedos mas<\/p>\n","protected":false},"author":1,"featured_media":29206,"comment_status":"closed","ping_status":"open","sticky":false,"template":"","format":"standard","meta":{"footnotes":""},"categories":[5],"tags":[],"class_list":["post-29205","post","type-post","status-publish","format-standard","has-post-thumbnail","hentry","category-noticias"],"yoast_head":"<!-- This site is optimized with the Yoast SEO plugin v27.5 - https:\/\/yoast.com\/product\/yoast-seo-wordpress\/ -->\n<title>Import\u00e2ncia de lavar as m\u00e3os - Raiz<\/title>\n<meta name=\"robots\" content=\"index, follow, max-snippet:-1, max-image-preview:large, max-video-preview:-1\" \/>\n<link rel=\"canonical\" href=\"https:\/\/escolaraiz.pt\/pt\/noticias\/importancia-de-lavar-as-maos\/\" \/>\n<meta name=\"twitter:card\" content=\"summary_large_image\" \/>\n<meta name=\"twitter:title\" content=\"Import\u00e2ncia de lavar as m\u00e3os - Raiz\" \/>\n<meta name=\"twitter:description\" content=\"Esta atividade, para os alunos da creche, tinha o nome de &#8220;Import\u00e2ncia de lavar as m\u00e3os&#8221; e pretendia mostrar \u00e0s crian\u00e7as a import\u00e2ncia de lavarem as m\u00e3os regularmente. Cada pai preparou o material em sua casa e depois, mostrando no online, cada crian\u00e7a explorou a \u00e1gua com especiarias. Tentavam tirar as especiarias dos dedos mas\" \/>\n<meta name=\"twitter:image\" content=\"https:\/\/escolaraiz.pt\/pt\/wp-content\/uploads\/2020\/04\/92848436_2859857334089802_7565441628974874624_n.jpg\" \/>\n<meta name=\"twitter:label1\" content=\"Escrito por\" \/>\n\t<meta name=\"twitter:data1\" content=\"admin\" \/>\n\t<meta name=\"twitter:label2\" content=\"Tempo estimado de leitura\" \/>\n\t<meta name=\"twitter:data2\" content=\"1 minuto\" \/>\n<script type=\"application\/ld+json\" class=\"yoast-schema-graph\">{\"@context\":\"https:\\\/\\\/schema.org\",\"@graph\":[{\"@type\":\"Article\",\"@id\":\"https:\\\/\\\/escolaraiz.pt\\\/pt\\\/noticias\\\/importancia-de-lavar-as-maos\\\/#article\",\"isPartOf\":{\"@id\":\"https:\\\/\\\/escolaraiz.pt\\\/pt\\\/noticias\\\/importancia-de-lavar-as-maos\\\/\"},\"author\":{\"name\":\"admin\",\"@id\":\"https:\\\/\\\/escolaraiz.pt\\\/pt\\\/#\\\/schema\\\/person\\\/b730db7f2876087a398bcca824252c02\"},\"headline\":\"Import\u00e2ncia de lavar as m\u00e3os\",\"datePublished\":\"2020-04-16T14:07:00+00:00\",\"dateModified\":\"2020-04-29T14:12:56+00:00\",\"mainEntityOfPage\":{\"@id\":\"https:\\\/\\\/escolaraiz.pt\\\/pt\\\/noticias\\\/importancia-de-lavar-as-maos\\\/\"},\"wordCount\":136,\"image\":{\"@id\":\"https:\\\/\\\/escolaraiz.pt\\\/pt\\\/noticias\\\/importancia-de-lavar-as-maos\\\/#primaryimage\"},\"thumbnailUrl\":\"https:\\\/\\\/escolaraiz.pt\\\/pt\\\/wp-content\\\/uploads\\\/2020\\\/04\\\/92848436_2859857334089802_7565441628974874624_n.jpg\",\"articleSection\":[\"Noticias\"],\"inLanguage\":\"pt-PT\"},{\"@type\":\"WebPage\",\"@id\":\"https:\\\/\\\/escolaraiz.pt\\\/pt\\\/noticias\\\/importancia-de-lavar-as-maos\\\/\",\"url\":\"https:\\\/\\\/escolaraiz.pt\\\/pt\\\/noticias\\\/importancia-de-lavar-as-maos\\\/\",\"name\":\"Import\u00e2ncia de lavar as m\u00e3os - Raiz\",\"isPartOf\":{\"@id\":\"https:\\\/\\\/escolaraiz.pt\\\/pt\\\/#website\"},\"primaryImageOfPage\":{\"@id\":\"https:\\\/\\\/escolaraiz.pt\\\/pt\\\/noticias\\\/importancia-de-lavar-as-maos\\\/#primaryimage\"},\"image\":{\"@id\":\"https:\\\/\\\/escolaraiz.pt\\\/pt\\\/noticias\\\/importancia-de-lavar-as-maos\\\/#primaryimage\"},\"thumbnailUrl\":\"https:\\\/\\\/escolaraiz.pt\\\/pt\\\/wp-content\\\/uploads\\\/2020\\\/04\\\/92848436_2859857334089802_7565441628974874624_n.jpg\",\"datePublished\":\"2020-04-16T14:07:00+00:00\",\"dateModified\":\"2020-04-29T14:12:56+00:00\",\"author\":{\"@id\":\"https:\\\/\\\/escolaraiz.pt\\\/pt\\\/#\\\/schema\\\/person\\\/b730db7f2876087a398bcca824252c02\"},\"breadcrumb\":{\"@id\":\"https:\\\/\\\/escolaraiz.pt\\\/pt\\\/noticias\\\/importancia-de-lavar-as-maos\\\/#breadcrumb\"},\"inLanguage\":\"pt-PT\",\"potentialAction\":[{\"@type\":\"ReadAction\",\"target\":[\"https:\\\/\\\/escolaraiz.pt\\\/pt\\\/noticias\\\/importancia-de-lavar-as-maos\\\/\"]}]},{\"@type\":\"ImageObject\",\"inLanguage\":\"pt-PT\",\"@id\":\"https:\\\/\\\/escolaraiz.pt\\\/pt\\\/noticias\\\/importancia-de-lavar-as-maos\\\/#primaryimage\",\"url\":\"https:\\\/\\\/escolaraiz.pt\\\/pt\\\/wp-content\\\/uploads\\\/2020\\\/04\\\/92848436_2859857334089802_7565441628974874624_n.jpg\",\"contentUrl\":\"https:\\\/\\\/escolaraiz.pt\\\/pt\\\/wp-content\\\/uploads\\\/2020\\\/04\\\/92848436_2859857334089802_7565441628974874624_n.jpg\",\"width\":479,\"height\":640,\"caption\":\"\\\"Import\u00e2ncia de lavar as m\u00e3os\\\"\"},{\"@type\":\"BreadcrumbList\",\"@id\":\"https:\\\/\\\/escolaraiz.pt\\\/pt\\\/noticias\\\/importancia-de-lavar-as-maos\\\/#breadcrumb\",\"itemListElement\":[{\"@type\":\"ListItem\",\"position\":1,\"name\":\"In\u00edcio\",\"item\":\"https:\\\/\\\/escolaraiz.pt\\\/pt\\\/\"},{\"@type\":\"ListItem\",\"position\":2,\"name\":\"Import\u00e2ncia de lavar as m\u00e3os\"}]},{\"@type\":\"WebSite\",\"@id\":\"https:\\\/\\\/escolaraiz.pt\\\/pt\\\/#website\",\"url\":\"https:\\\/\\\/escolaraiz.pt\\\/pt\\\/\",\"name\":\"Raiz\",\"description\":\"Active Learning School\",\"potentialAction\":[{\"@type\":\"SearchAction\",\"target\":{\"@type\":\"EntryPoint\",\"urlTemplate\":\"https:\\\/\\\/escolaraiz.pt\\\/pt\\\/?s={search_term_string}\"},\"query-input\":{\"@type\":\"PropertyValueSpecification\",\"valueRequired\":true,\"valueName\":\"search_term_string\"}}],\"inLanguage\":\"pt-PT\"},{\"@type\":\"Person\",\"@id\":\"https:\\\/\\\/escolaraiz.pt\\\/pt\\\/#\\\/schema\\\/person\\\/b730db7f2876087a398bcca824252c02\",\"name\":\"admin\"}]}<\/script>\n<!-- \/ Yoast SEO plugin. -->","yoast_head_json":{"title":"Import\u00e2ncia de lavar as m\u00e3os - Raiz","robots":{"index":"index","follow":"follow","max-snippet":"max-snippet:-1","max-image-preview":"max-image-preview:large","max-video-preview":"max-video-preview:-1"},"canonical":"https:\/\/escolaraiz.pt\/pt\/noticias\/importancia-de-lavar-as-maos\/","twitter_card":"summary_large_image","twitter_title":"Import\u00e2ncia de lavar as m\u00e3os - Raiz","twitter_description":"Esta atividade, para os alunos da creche, tinha o nome de &#8220;Import\u00e2ncia de lavar as m\u00e3os&#8221; e pretendia mostrar \u00e0s crian\u00e7as a import\u00e2ncia de lavarem as m\u00e3os regularmente. Cada pai preparou o material em sua casa e depois, mostrando no online, cada crian\u00e7a explorou a \u00e1gua com especiarias. Tentavam tirar as especiarias dos dedos mas","twitter_image":"https:\/\/escolaraiz.pt\/pt\/wp-content\/uploads\/2020\/04\/92848436_2859857334089802_7565441628974874624_n.jpg","twitter_misc":{"Escrito por":"admin","Tempo estimado de leitura":"1 minuto"},"schema":{"@context":"https:\/\/schema.org","@graph":[{"@type":"Article","@id":"https:\/\/escolaraiz.pt\/pt\/noticias\/importancia-de-lavar-as-maos\/#article","isPartOf":{"@id":"https:\/\/escolaraiz.pt\/pt\/noticias\/importancia-de-lavar-as-maos\/"},"author":{"name":"admin","@id":"https:\/\/escolaraiz.pt\/pt\/#\/schema\/person\/b730db7f2876087a398bcca824252c02"},"headline":"Import\u00e2ncia de lavar as m\u00e3os","datePublished":"2020-04-16T14:07:00+00:00","dateModified":"2020-04-29T14:12:56+00:00","mainEntityOfPage":{"@id":"https:\/\/escolaraiz.pt\/pt\/noticias\/importancia-de-lavar-as-maos\/"},"wordCount":136,"image":{"@id":"https:\/\/escolaraiz.pt\/pt\/noticias\/importancia-de-lavar-as-maos\/#primaryimage"},"thumbnailUrl":"https:\/\/escolaraiz.pt\/pt\/wp-content\/uploads\/2020\/04\/92848436_2859857334089802_7565441628974874624_n.jpg","articleSection":["Noticias"],"inLanguage":"pt-PT"},{"@type":"WebPage","@id":"https:\/\/escolaraiz.pt\/pt\/noticias\/importancia-de-lavar-as-maos\/","url":"https:\/\/escolaraiz.pt\/pt\/noticias\/importancia-de-lavar-as-maos\/","name":"Import\u00e2ncia de lavar as m\u00e3os - Raiz","isPartOf":{"@id":"https:\/\/escolaraiz.pt\/pt\/#website"},"primaryImageOfPage":{"@id":"https:\/\/escolaraiz.pt\/pt\/noticias\/importancia-de-lavar-as-maos\/#primaryimage"},"image":{"@id":"https:\/\/escolaraiz.pt\/pt\/noticias\/importancia-de-lavar-as-maos\/#primaryimage"},"thumbnailUrl":"https:\/\/escolaraiz.pt\/pt\/wp-content\/uploads\/2020\/04\/92848436_2859857334089802_7565441628974874624_n.jpg","datePublished":"2020-04-16T14:07:00+00:00","dateModified":"2020-04-29T14:12:56+00:00","author":{"@id":"https:\/\/escolaraiz.pt\/pt\/#\/schema\/person\/b730db7f2876087a398bcca824252c02"},"breadcrumb":{"@id":"https:\/\/escolaraiz.pt\/pt\/noticias\/importancia-de-lavar-as-maos\/#breadcrumb"},"inLanguage":"pt-PT","potentialAction":[{"@type":"ReadAction","target":["https:\/\/escolaraiz.pt\/pt\/noticias\/importancia-de-lavar-as-maos\/"]}]},{"@type":"ImageObject","inLanguage":"pt-PT","@id":"https:\/\/escolaraiz.pt\/pt\/noticias\/importancia-de-lavar-as-maos\/#primaryimage","url":"https:\/\/escolaraiz.pt\/pt\/wp-content\/uploads\/2020\/04\/92848436_2859857334089802_7565441628974874624_n.jpg","contentUrl":"https:\/\/escolaraiz.pt\/pt\/wp-content\/uploads\/2020\/04\/92848436_2859857334089802_7565441628974874624_n.jpg","width":479,"height":640,"caption":"\"Import\u00e2ncia de lavar as m\u00e3os\""},{"@type":"BreadcrumbList","@id":"https:\/\/escolaraiz.pt\/pt\/noticias\/importancia-de-lavar-as-maos\/#breadcrumb","itemListElement":[{"@type":"ListItem","position":1,"name":"In\u00edcio","item":"https:\/\/escolaraiz.pt\/pt\/"},{"@type":"ListItem","position":2,"name":"Import\u00e2ncia de lavar as m\u00e3os"}]},{"@type":"WebSite","@id":"https:\/\/escolaraiz.pt\/pt\/#website","url":"https:\/\/escolaraiz.pt\/pt\/","name":"Raiz","description":"Active Learning School","potentialAction":[{"@type":"SearchAction","target":{"@type":"EntryPoint","urlTemplate":"https:\/\/escolaraiz.pt\/pt\/?s={search_term_string}"},"query-input":{"@type":"PropertyValueSpecification","valueRequired":true,"valueName":"search_term_string"}}],"inLanguage":"pt-PT"},{"@type":"Person","@id":"https:\/\/escolaraiz.pt\/pt\/#\/schema\/person\/b730db7f2876087a398bcca824252c02","name":"admin"}]}},"_links":{"self":[{"href":"https:\/\/escolaraiz.pt\/pt\/wp-json\/wp\/v2\/posts\/29205","targetHints":{"allow":["GET"]}}],"collection":[{"href":"https:\/\/escolaraiz.pt\/pt\/wp-json\/wp\/v2\/posts"}],"about":[{"href":"https:\/\/escolaraiz.pt\/pt\/wp-json\/wp\/v2\/types\/post"}],"author":[{"embeddable":true,"href":"https:\/\/escolaraiz.pt\/pt\/wp-json\/wp\/v2\/users\/1"}],"replies":[{"embeddable":true,"href":"https:\/\/escolaraiz.pt\/pt\/wp-json\/wp\/v2\/comments?post=29205"}],"version-history":[{"count":1,"href":"https:\/\/escolaraiz.pt\/pt\/wp-json\/wp\/v2\/posts\/29205\/revisions"}],"predecessor-version":[{"id":29211,"href":"https:\/\/escolaraiz.pt\/pt\/wp-json\/wp\/v2\/posts\/29205\/revisions\/29211"}],"wp:featuredmedia":[{"embeddable":true,"href":"https:\/\/escolaraiz.pt\/pt\/wp-json\/wp\/v2\/media\/29206"}],"wp:attachment":[{"href":"https:\/\/escolaraiz.pt\/pt\/wp-json\/wp\/v2\/media?parent=29205"}],"wp:term":[{"taxonomy":"category","embeddable":true,"href":"https:\/\/escolaraiz.pt\/pt\/wp-json\/wp\/v2\/categories?post=29205"},{"taxonomy":"post_tag","embeddable":true,"href":"https:\/\/escolaraiz.pt\/pt\/wp-json\/wp\/v2\/tags?post=29205"}],"curies":[{"name":"wp","href":"https:\/\/api.w.org\/{rel}","templated":true}]}}