{"id":29036,"date":"2020-02-11T17:45:12","date_gmt":"2020-02-11T17:45:12","guid":{"rendered":"https:\/\/escolaraiz.pt\/pt\/?p=29036"},"modified":"2020-03-24T17:58:25","modified_gmt":"2020-03-24T17:58:25","slug":"exercicios-ludicos-para-tempos-verbais","status":"publish","type":"post","link":"https:\/\/escolaraiz.pt\/pt\/noticias\/exercicios-ludicos-para-tempos-verbais\/","title":{"rendered":"Exerc\u00edcios L\u00fadicos para Tempos Verbais"},"content":{"rendered":"\n<p>No 6\u00b0 ano, reveem-se Tempos Verbais Simples e praticam-se Tempos Verbais Compostos atrav\u00e9s de exerc\u00edcios l\u00fadicos.&nbsp;<\/p>\n\n\n\n<p>Vai um joguinho gramatical?\u00a0<br><\/p>\n\n\n\n<figure class=\"wp-block-gallery columns-1 is-cropped wp-block-gallery-1 is-layout-flex wp-block-gallery-is-layout-flex\"><ul class=\"blocks-gallery-grid\"><li class=\"blocks-gallery-item\"><figure><img loading=\"lazy\" decoding=\"async\" width=\"720\" height=\"959\" src=\"https:\/\/escolaraiz.pt\/pt\/wp-content\/uploads\/2020\/03\/84661424_2721772767898260_2510245102740307968_o.jpg\" alt=\"\" data-id=\"29037\" data-full-url=\"https:\/\/escolaraiz.pt\/pt\/wp-content\/uploads\/2020\/03\/84661424_2721772767898260_2510245102740307968_o.jpg\" data-link=\"https:\/\/escolaraiz.pt\/pt\/?attachment_id=29037\" class=\"wp-image-29037\" srcset=\"https:\/\/escolaraiz.pt\/pt\/wp-content\/uploads\/2020\/03\/84661424_2721772767898260_2510245102740307968_o.jpg 720w, https:\/\/escolaraiz.pt\/pt\/wp-content\/uploads\/2020\/03\/84661424_2721772767898260_2510245102740307968_o-225x300.jpg 225w, https:\/\/escolaraiz.pt\/pt\/wp-content\/uploads\/2020\/03\/84661424_2721772767898260_2510245102740307968_o-500x666.jpg 500w, https:\/\/escolaraiz.pt\/pt\/wp-content\/uploads\/2020\/03\/84661424_2721772767898260_2510245102740307968_o-600x799.jpg 600w\" sizes=\"auto, (max-width: 720px) 100vw, 720px\" \/><\/figure><\/li><\/ul><\/figure>\n","protected":false},"excerpt":{"rendered":"<p>No 6\u00b0 ano, reveem-se Tempos Verbais Simples e praticam-se Tempos Verbais Compostos atrav\u00e9s de exerc\u00edcios l\u00fadicos.&nbsp; Vai um joguinho gramatical?\u00a0<\/p>\n","protected":false},"author":1,"featured_media":29038,"comment_status":"closed","ping_status":"open","sticky":false,"template":"","format":"standard","meta":{"footnotes":""},"categories":[5],"tags":[],"class_list":["post-29036","post","type-post","status-publish","format-standard","has-post-thumbnail","hentry","category-noticias"],"yoast_head":"<!-- This site is optimized with the Yoast SEO plugin v27.5 - https:\/\/yoast.com\/product\/yoast-seo-wordpress\/ -->\n<title>Exerc\u00edcios L\u00fadicos para Tempos Verbais - Raiz<\/title>\n<meta name=\"robots\" content=\"index, follow, max-snippet:-1, max-image-preview:large, max-video-preview:-1\" \/>\n<link rel=\"canonical\" href=\"https:\/\/escolaraiz.pt\/pt\/noticias\/exercicios-ludicos-para-tempos-verbais\/\" \/>\n<meta name=\"twitter:card\" content=\"summary_large_image\" \/>\n<meta name=\"twitter:title\" content=\"Exerc\u00edcios L\u00fadicos para Tempos Verbais - Raiz\" \/>\n<meta name=\"twitter:description\" content=\"No 6\u00b0 ano, reveem-se Tempos Verbais Simples e praticam-se Tempos Verbais Compostos atrav\u00e9s de exerc\u00edcios l\u00fadicos.&nbsp; Vai um joguinho gramatical?\u00a0\" \/>\n<meta name=\"twitter:image\" content=\"https:\/\/escolaraiz.pt\/pt\/wp-content\/uploads\/2020\/03\/84810609_2721772777898259_8966101399880335360_o.jpg\" \/>\n<meta name=\"twitter:label1\" content=\"Escrito por\" \/>\n\t<meta name=\"twitter:data1\" content=\"admin\" \/>\n<script type=\"application\/ld+json\" class=\"yoast-schema-graph\">{\"@context\":\"https:\\\/\\\/schema.org\",\"@graph\":[{\"@type\":\"Article\",\"@id\":\"https:\\\/\\\/escolaraiz.pt\\\/pt\\\/noticias\\\/exercicios-ludicos-para-tempos-verbais\\\/#article\",\"isPartOf\":{\"@id\":\"https:\\\/\\\/escolaraiz.pt\\\/pt\\\/noticias\\\/exercicios-ludicos-para-tempos-verbais\\\/\"},\"author\":{\"name\":\"admin\",\"@id\":\"https:\\\/\\\/escolaraiz.pt\\\/pt\\\/#\\\/schema\\\/person\\\/b730db7f2876087a398bcca824252c02\"},\"headline\":\"Exerc\u00edcios L\u00fadicos para Tempos Verbais\",\"datePublished\":\"2020-02-11T17:45:12+00:00\",\"dateModified\":\"2020-03-24T17:58:25+00:00\",\"mainEntityOfPage\":{\"@id\":\"https:\\\/\\\/escolaraiz.pt\\\/pt\\\/noticias\\\/exercicios-ludicos-para-tempos-verbais\\\/\"},\"wordCount\":30,\"image\":{\"@id\":\"https:\\\/\\\/escolaraiz.pt\\\/pt\\\/noticias\\\/exercicios-ludicos-para-tempos-verbais\\\/#primaryimage\"},\"thumbnailUrl\":\"https:\\\/\\\/escolaraiz.pt\\\/pt\\\/wp-content\\\/uploads\\\/2020\\\/03\\\/84810609_2721772777898259_8966101399880335360_o.jpg\",\"articleSection\":[\"Noticias\"],\"inLanguage\":\"pt-PT\"},{\"@type\":\"WebPage\",\"@id\":\"https:\\\/\\\/escolaraiz.pt\\\/pt\\\/noticias\\\/exercicios-ludicos-para-tempos-verbais\\\/\",\"url\":\"https:\\\/\\\/escolaraiz.pt\\\/pt\\\/noticias\\\/exercicios-ludicos-para-tempos-verbais\\\/\",\"name\":\"Exerc\u00edcios L\u00fadicos para Tempos Verbais - Raiz\",\"isPartOf\":{\"@id\":\"https:\\\/\\\/escolaraiz.pt\\\/pt\\\/#website\"},\"primaryImageOfPage\":{\"@id\":\"https:\\\/\\\/escolaraiz.pt\\\/pt\\\/noticias\\\/exercicios-ludicos-para-tempos-verbais\\\/#primaryimage\"},\"image\":{\"@id\":\"https:\\\/\\\/escolaraiz.pt\\\/pt\\\/noticias\\\/exercicios-ludicos-para-tempos-verbais\\\/#primaryimage\"},\"thumbnailUrl\":\"https:\\\/\\\/escolaraiz.pt\\\/pt\\\/wp-content\\\/uploads\\\/2020\\\/03\\\/84810609_2721772777898259_8966101399880335360_o.jpg\",\"datePublished\":\"2020-02-11T17:45:12+00:00\",\"dateModified\":\"2020-03-24T17:58:25+00:00\",\"author\":{\"@id\":\"https:\\\/\\\/escolaraiz.pt\\\/pt\\\/#\\\/schema\\\/person\\\/b730db7f2876087a398bcca824252c02\"},\"breadcrumb\":{\"@id\":\"https:\\\/\\\/escolaraiz.pt\\\/pt\\\/noticias\\\/exercicios-ludicos-para-tempos-verbais\\\/#breadcrumb\"},\"inLanguage\":\"pt-PT\",\"potentialAction\":[{\"@type\":\"ReadAction\",\"target\":[\"https:\\\/\\\/escolaraiz.pt\\\/pt\\\/noticias\\\/exercicios-ludicos-para-tempos-verbais\\\/\"]}]},{\"@type\":\"ImageObject\",\"inLanguage\":\"pt-PT\",\"@id\":\"https:\\\/\\\/escolaraiz.pt\\\/pt\\\/noticias\\\/exercicios-ludicos-para-tempos-verbais\\\/#primaryimage\",\"url\":\"https:\\\/\\\/escolaraiz.pt\\\/pt\\\/wp-content\\\/uploads\\\/2020\\\/03\\\/84810609_2721772777898259_8966101399880335360_o.jpg\",\"contentUrl\":\"https:\\\/\\\/escolaraiz.pt\\\/pt\\\/wp-content\\\/uploads\\\/2020\\\/03\\\/84810609_2721772777898259_8966101399880335360_o.jpg\",\"width\":762,\"height\":960},{\"@type\":\"BreadcrumbList\",\"@id\":\"https:\\\/\\\/escolaraiz.pt\\\/pt\\\/noticias\\\/exercicios-ludicos-para-tempos-verbais\\\/#breadcrumb\",\"itemListElement\":[{\"@type\":\"ListItem\",\"position\":1,\"name\":\"In\u00edcio\",\"item\":\"https:\\\/\\\/escolaraiz.pt\\\/pt\\\/\"},{\"@type\":\"ListItem\",\"position\":2,\"name\":\"Exerc\u00edcios L\u00fadicos para Tempos Verbais\"}]},{\"@type\":\"WebSite\",\"@id\":\"https:\\\/\\\/escolaraiz.pt\\\/pt\\\/#website\",\"url\":\"https:\\\/\\\/escolaraiz.pt\\\/pt\\\/\",\"name\":\"Raiz\",\"description\":\"Active Learning School\",\"potentialAction\":[{\"@type\":\"SearchAction\",\"target\":{\"@type\":\"EntryPoint\",\"urlTemplate\":\"https:\\\/\\\/escolaraiz.pt\\\/pt\\\/?s={search_term_string}\"},\"query-input\":{\"@type\":\"PropertyValueSpecification\",\"valueRequired\":true,\"valueName\":\"search_term_string\"}}],\"inLanguage\":\"pt-PT\"},{\"@type\":\"Person\",\"@id\":\"https:\\\/\\\/escolaraiz.pt\\\/pt\\\/#\\\/schema\\\/person\\\/b730db7f2876087a398bcca824252c02\",\"name\":\"admin\"}]}<\/script>\n<!-- \/ Yoast SEO plugin. -->","yoast_head_json":{"title":"Exerc\u00edcios L\u00fadicos para Tempos Verbais - Raiz","robots":{"index":"index","follow":"follow","max-snippet":"max-snippet:-1","max-image-preview":"max-image-preview:large","max-video-preview":"max-video-preview:-1"},"canonical":"https:\/\/escolaraiz.pt\/pt\/noticias\/exercicios-ludicos-para-tempos-verbais\/","twitter_card":"summary_large_image","twitter_title":"Exerc\u00edcios L\u00fadicos para Tempos Verbais - Raiz","twitter_description":"No 6\u00b0 ano, reveem-se Tempos Verbais Simples e praticam-se Tempos Verbais Compostos atrav\u00e9s de exerc\u00edcios l\u00fadicos.&nbsp; Vai um joguinho gramatical?\u00a0","twitter_image":"https:\/\/escolaraiz.pt\/pt\/wp-content\/uploads\/2020\/03\/84810609_2721772777898259_8966101399880335360_o.jpg","twitter_misc":{"Escrito por":"admin"},"schema":{"@context":"https:\/\/schema.org","@graph":[{"@type":"Article","@id":"https:\/\/escolaraiz.pt\/pt\/noticias\/exercicios-ludicos-para-tempos-verbais\/#article","isPartOf":{"@id":"https:\/\/escolaraiz.pt\/pt\/noticias\/exercicios-ludicos-para-tempos-verbais\/"},"author":{"name":"admin","@id":"https:\/\/escolaraiz.pt\/pt\/#\/schema\/person\/b730db7f2876087a398bcca824252c02"},"headline":"Exerc\u00edcios L\u00fadicos para Tempos Verbais","datePublished":"2020-02-11T17:45:12+00:00","dateModified":"2020-03-24T17:58:25+00:00","mainEntityOfPage":{"@id":"https:\/\/escolaraiz.pt\/pt\/noticias\/exercicios-ludicos-para-tempos-verbais\/"},"wordCount":30,"image":{"@id":"https:\/\/escolaraiz.pt\/pt\/noticias\/exercicios-ludicos-para-tempos-verbais\/#primaryimage"},"thumbnailUrl":"https:\/\/escolaraiz.pt\/pt\/wp-content\/uploads\/2020\/03\/84810609_2721772777898259_8966101399880335360_o.jpg","articleSection":["Noticias"],"inLanguage":"pt-PT"},{"@type":"WebPage","@id":"https:\/\/escolaraiz.pt\/pt\/noticias\/exercicios-ludicos-para-tempos-verbais\/","url":"https:\/\/escolaraiz.pt\/pt\/noticias\/exercicios-ludicos-para-tempos-verbais\/","name":"Exerc\u00edcios L\u00fadicos para Tempos Verbais - Raiz","isPartOf":{"@id":"https:\/\/escolaraiz.pt\/pt\/#website"},"primaryImageOfPage":{"@id":"https:\/\/escolaraiz.pt\/pt\/noticias\/exercicios-ludicos-para-tempos-verbais\/#primaryimage"},"image":{"@id":"https:\/\/escolaraiz.pt\/pt\/noticias\/exercicios-ludicos-para-tempos-verbais\/#primaryimage"},"thumbnailUrl":"https:\/\/escolaraiz.pt\/pt\/wp-content\/uploads\/2020\/03\/84810609_2721772777898259_8966101399880335360_o.jpg","datePublished":"2020-02-11T17:45:12+00:00","dateModified":"2020-03-24T17:58:25+00:00","author":{"@id":"https:\/\/escolaraiz.pt\/pt\/#\/schema\/person\/b730db7f2876087a398bcca824252c02"},"breadcrumb":{"@id":"https:\/\/escolaraiz.pt\/pt\/noticias\/exercicios-ludicos-para-tempos-verbais\/#breadcrumb"},"inLanguage":"pt-PT","potentialAction":[{"@type":"ReadAction","target":["https:\/\/escolaraiz.pt\/pt\/noticias\/exercicios-ludicos-para-tempos-verbais\/"]}]},{"@type":"ImageObject","inLanguage":"pt-PT","@id":"https:\/\/escolaraiz.pt\/pt\/noticias\/exercicios-ludicos-para-tempos-verbais\/#primaryimage","url":"https:\/\/escolaraiz.pt\/pt\/wp-content\/uploads\/2020\/03\/84810609_2721772777898259_8966101399880335360_o.jpg","contentUrl":"https:\/\/escolaraiz.pt\/pt\/wp-content\/uploads\/2020\/03\/84810609_2721772777898259_8966101399880335360_o.jpg","width":762,"height":960},{"@type":"BreadcrumbList","@id":"https:\/\/escolaraiz.pt\/pt\/noticias\/exercicios-ludicos-para-tempos-verbais\/#breadcrumb","itemListElement":[{"@type":"ListItem","position":1,"name":"In\u00edcio","item":"https:\/\/escolaraiz.pt\/pt\/"},{"@type":"ListItem","position":2,"name":"Exerc\u00edcios L\u00fadicos para Tempos Verbais"}]},{"@type":"WebSite","@id":"https:\/\/escolaraiz.pt\/pt\/#website","url":"https:\/\/escolaraiz.pt\/pt\/","name":"Raiz","description":"Active Learning School","potentialAction":[{"@type":"SearchAction","target":{"@type":"EntryPoint","urlTemplate":"https:\/\/escolaraiz.pt\/pt\/?s={search_term_string}"},"query-input":{"@type":"PropertyValueSpecification","valueRequired":true,"valueName":"search_term_string"}}],"inLanguage":"pt-PT"},{"@type":"Person","@id":"https:\/\/escolaraiz.pt\/pt\/#\/schema\/person\/b730db7f2876087a398bcca824252c02","name":"admin"}]}},"_links":{"self":[{"href":"https:\/\/escolaraiz.pt\/pt\/wp-json\/wp\/v2\/posts\/29036","targetHints":{"allow":["GET"]}}],"collection":[{"href":"https:\/\/escolaraiz.pt\/pt\/wp-json\/wp\/v2\/posts"}],"about":[{"href":"https:\/\/escolaraiz.pt\/pt\/wp-json\/wp\/v2\/types\/post"}],"author":[{"embeddable":true,"href":"https:\/\/escolaraiz.pt\/pt\/wp-json\/wp\/v2\/users\/1"}],"replies":[{"embeddable":true,"href":"https:\/\/escolaraiz.pt\/pt\/wp-json\/wp\/v2\/comments?post=29036"}],"version-history":[{"count":2,"href":"https:\/\/escolaraiz.pt\/pt\/wp-json\/wp\/v2\/posts\/29036\/revisions"}],"predecessor-version":[{"id":29042,"href":"https:\/\/escolaraiz.pt\/pt\/wp-json\/wp\/v2\/posts\/29036\/revisions\/29042"}],"wp:featuredmedia":[{"embeddable":true,"href":"https:\/\/escolaraiz.pt\/pt\/wp-json\/wp\/v2\/media\/29038"}],"wp:attachment":[{"href":"https:\/\/escolaraiz.pt\/pt\/wp-json\/wp\/v2\/media?parent=29036"}],"wp:term":[{"taxonomy":"category","embeddable":true,"href":"https:\/\/escolaraiz.pt\/pt\/wp-json\/wp\/v2\/categories?post=29036"},{"taxonomy":"post_tag","embeddable":true,"href":"https:\/\/escolaraiz.pt\/pt\/wp-json\/wp\/v2\/tags?post=29036"}],"curies":[{"name":"wp","href":"https:\/\/api.w.org\/{rel}","templated":true}]}}