{"id":28883,"date":"2019-11-01T15:47:03","date_gmt":"2019-11-01T15:47:03","guid":{"rendered":"https:\/\/escolaraiz.pt\/pt\/?p=28883"},"modified":"2019-11-15T15:47:41","modified_gmt":"2019-11-15T15:47:41","slug":"alunos-da-raiz-vestem-a-rigor-para-o-dia-das-bruxas","status":"publish","type":"post","link":"https:\/\/escolaraiz.pt\/pt\/noticias\/alunos-da-raiz-vestem-a-rigor-para-o-dia-das-bruxas\/","title":{"rendered":"Alunos da Raiz vestem-se a rigor para o Dia das Bruxas"},"content":{"rendered":"\n<p>O \u00faltimo dia da nossa semana de Autumn Break foi dedicado ao Halloween! Vestidos a rigor, com as suas m\u00e1scaras &#8220;assustadoras&#8221;, os alunos prepararam enfeites tem\u00e1ticos para decorar a escola. O 1\u00ba e 2\u00ba Ciclo fizeram tamb\u00e9m uma &#8220;sala do terror&#8221; para os alunos da Pr\u00e9 poderem visitar. Por seu lado, os alunos do 1\u00ba ano fizeram um Trick or Treat diferente, onde andaram pelo recreio da escola \u00e0 ca\u00e7a dos doces de Halloween.<\/p>\n\n\n\n<ul class=\"wp-block-gallery columns-3 is-cropped wp-block-gallery-1 is-layout-flex wp-block-gallery-is-layout-flex\"><li class=\"blocks-gallery-item\"><figure><img loading=\"lazy\" decoding=\"async\" width=\"720\" height=\"960\" src=\"https:\/\/escolaraiz.pt\/pt\/wp-content\/uploads\/2019\/11\/73185413_2505085879566951_223601864355086336_n.jpg\" alt=\"\" data-id=\"28888\" data-link=\"https:\/\/escolaraiz.pt\/pt\/?attachment_id=28888\" class=\"wp-image-28888\" srcset=\"https:\/\/escolaraiz.pt\/pt\/wp-content\/uploads\/2019\/11\/73185413_2505085879566951_223601864355086336_n.jpg 720w, https:\/\/escolaraiz.pt\/pt\/wp-content\/uploads\/2019\/11\/73185413_2505085879566951_223601864355086336_n-225x300.jpg 225w, https:\/\/escolaraiz.pt\/pt\/wp-content\/uploads\/2019\/11\/73185413_2505085879566951_223601864355086336_n-500x667.jpg 500w, https:\/\/escolaraiz.pt\/pt\/wp-content\/uploads\/2019\/11\/73185413_2505085879566951_223601864355086336_n-600x800.jpg 600w\" sizes=\"auto, (max-width: 720px) 100vw, 720px\" \/><\/figure><\/li><li class=\"blocks-gallery-item\"><figure><img loading=\"lazy\" decoding=\"async\" width=\"720\" height=\"960\" src=\"https:\/\/escolaraiz.pt\/pt\/wp-content\/uploads\/2019\/11\/73224029_2505085962900276_7486081559741595648_n.jpg\" alt=\"\" data-id=\"28889\" data-link=\"https:\/\/escolaraiz.pt\/pt\/?attachment_id=28889\" class=\"wp-image-28889\" srcset=\"https:\/\/escolaraiz.pt\/pt\/wp-content\/uploads\/2019\/11\/73224029_2505085962900276_7486081559741595648_n.jpg 720w, https:\/\/escolaraiz.pt\/pt\/wp-content\/uploads\/2019\/11\/73224029_2505085962900276_7486081559741595648_n-225x300.jpg 225w, https:\/\/escolaraiz.pt\/pt\/wp-content\/uploads\/2019\/11\/73224029_2505085962900276_7486081559741595648_n-500x667.jpg 500w, https:\/\/escolaraiz.pt\/pt\/wp-content\/uploads\/2019\/11\/73224029_2505085962900276_7486081559741595648_n-600x800.jpg 600w\" sizes=\"auto, (max-width: 720px) 100vw, 720px\" \/><\/figure><\/li><li class=\"blocks-gallery-item\"><figure><img loading=\"lazy\" decoding=\"async\" width=\"720\" height=\"960\" src=\"https:\/\/escolaraiz.pt\/pt\/wp-content\/uploads\/2019\/11\/73388522_2505086026233603_3635716947372408832_n.jpg\" alt=\"\" data-id=\"28890\" data-link=\"https:\/\/escolaraiz.pt\/pt\/?attachment_id=28890\" class=\"wp-image-28890\" srcset=\"https:\/\/escolaraiz.pt\/pt\/wp-content\/uploads\/2019\/11\/73388522_2505086026233603_3635716947372408832_n.jpg 720w, https:\/\/escolaraiz.pt\/pt\/wp-content\/uploads\/2019\/11\/73388522_2505086026233603_3635716947372408832_n-225x300.jpg 225w, https:\/\/escolaraiz.pt\/pt\/wp-content\/uploads\/2019\/11\/73388522_2505086026233603_3635716947372408832_n-500x667.jpg 500w, https:\/\/escolaraiz.pt\/pt\/wp-content\/uploads\/2019\/11\/73388522_2505086026233603_3635716947372408832_n-600x800.jpg 600w\" sizes=\"auto, (max-width: 720px) 100vw, 720px\" \/><\/figure><\/li><li class=\"blocks-gallery-item\"><figure><img loading=\"lazy\" decoding=\"async\" width=\"720\" height=\"960\" src=\"https:\/\/escolaraiz.pt\/pt\/wp-content\/uploads\/2019\/11\/74205655_2505085686233637_3156722089780576256_n.jpg\" alt=\"\" data-id=\"28891\" data-link=\"https:\/\/escolaraiz.pt\/pt\/?attachment_id=28891\" class=\"wp-image-28891\" srcset=\"https:\/\/escolaraiz.pt\/pt\/wp-content\/uploads\/2019\/11\/74205655_2505085686233637_3156722089780576256_n.jpg 720w, https:\/\/escolaraiz.pt\/pt\/wp-content\/uploads\/2019\/11\/74205655_2505085686233637_3156722089780576256_n-225x300.jpg 225w, https:\/\/escolaraiz.pt\/pt\/wp-content\/uploads\/2019\/11\/74205655_2505085686233637_3156722089780576256_n-500x667.jpg 500w, https:\/\/escolaraiz.pt\/pt\/wp-content\/uploads\/2019\/11\/74205655_2505085686233637_3156722089780576256_n-600x800.jpg 600w\" sizes=\"auto, (max-width: 720px) 100vw, 720px\" \/><\/figure><\/li><li class=\"blocks-gallery-item\"><figure><img loading=\"lazy\" decoding=\"async\" width=\"720\" height=\"960\" src=\"https:\/\/escolaraiz.pt\/pt\/wp-content\/uploads\/2019\/11\/74313420_2505085559566983_4062999526842040320_n.jpg\" alt=\"\" data-id=\"28892\" data-link=\"https:\/\/escolaraiz.pt\/pt\/?attachment_id=28892\" class=\"wp-image-28892\" srcset=\"https:\/\/escolaraiz.pt\/pt\/wp-content\/uploads\/2019\/11\/74313420_2505085559566983_4062999526842040320_n.jpg 720w, https:\/\/escolaraiz.pt\/pt\/wp-content\/uploads\/2019\/11\/74313420_2505085559566983_4062999526842040320_n-225x300.jpg 225w, https:\/\/escolaraiz.pt\/pt\/wp-content\/uploads\/2019\/11\/74313420_2505085559566983_4062999526842040320_n-500x667.jpg 500w, https:\/\/escolaraiz.pt\/pt\/wp-content\/uploads\/2019\/11\/74313420_2505085559566983_4062999526842040320_n-600x800.jpg 600w\" sizes=\"auto, (max-width: 720px) 100vw, 720px\" \/><\/figure><\/li><li class=\"blocks-gallery-item\"><figure><img loading=\"lazy\" decoding=\"async\" width=\"720\" height=\"960\" src=\"https:\/\/escolaraiz.pt\/pt\/wp-content\/uploads\/2019\/11\/74526001_2505085566233649_9163048757325987840_n.jpg\" alt=\"\" data-id=\"28893\" data-link=\"https:\/\/escolaraiz.pt\/pt\/?attachment_id=28893\" class=\"wp-image-28893\" srcset=\"https:\/\/escolaraiz.pt\/pt\/wp-content\/uploads\/2019\/11\/74526001_2505085566233649_9163048757325987840_n.jpg 720w, https:\/\/escolaraiz.pt\/pt\/wp-content\/uploads\/2019\/11\/74526001_2505085566233649_9163048757325987840_n-225x300.jpg 225w, https:\/\/escolaraiz.pt\/pt\/wp-content\/uploads\/2019\/11\/74526001_2505085566233649_9163048757325987840_n-500x667.jpg 500w, https:\/\/escolaraiz.pt\/pt\/wp-content\/uploads\/2019\/11\/74526001_2505085566233649_9163048757325987840_n-600x800.jpg 600w\" sizes=\"auto, (max-width: 720px) 100vw, 720px\" \/><\/figure><\/li><li class=\"blocks-gallery-item\"><figure><img loading=\"lazy\" decoding=\"async\" width=\"720\" height=\"960\" src=\"https:\/\/escolaraiz.pt\/pt\/wp-content\/uploads\/2019\/11\/74602158_2505085696233636_3155766536866627584_n.jpg\" alt=\"\" data-id=\"28894\" data-link=\"https:\/\/escolaraiz.pt\/pt\/?attachment_id=28894\" class=\"wp-image-28894\" srcset=\"https:\/\/escolaraiz.pt\/pt\/wp-content\/uploads\/2019\/11\/74602158_2505085696233636_3155766536866627584_n.jpg 720w, https:\/\/escolaraiz.pt\/pt\/wp-content\/uploads\/2019\/11\/74602158_2505085696233636_3155766536866627584_n-225x300.jpg 225w, https:\/\/escolaraiz.pt\/pt\/wp-content\/uploads\/2019\/11\/74602158_2505085696233636_3155766536866627584_n-500x667.jpg 500w, https:\/\/escolaraiz.pt\/pt\/wp-content\/uploads\/2019\/11\/74602158_2505085696233636_3155766536866627584_n-600x800.jpg 600w\" sizes=\"auto, (max-width: 720px) 100vw, 720px\" \/><\/figure><\/li><li class=\"blocks-gallery-item\"><figure><img loading=\"lazy\" decoding=\"async\" width=\"720\" height=\"960\" src=\"https:\/\/escolaraiz.pt\/pt\/wp-content\/uploads\/2019\/11\/74664519_2505085576233648_2332665380624924672_n.jpg\" alt=\"\" data-id=\"28895\" data-link=\"https:\/\/escolaraiz.pt\/pt\/?attachment_id=28895\" class=\"wp-image-28895\" srcset=\"https:\/\/escolaraiz.pt\/pt\/wp-content\/uploads\/2019\/11\/74664519_2505085576233648_2332665380624924672_n.jpg 720w, https:\/\/escolaraiz.pt\/pt\/wp-content\/uploads\/2019\/11\/74664519_2505085576233648_2332665380624924672_n-225x300.jpg 225w, https:\/\/escolaraiz.pt\/pt\/wp-content\/uploads\/2019\/11\/74664519_2505085576233648_2332665380624924672_n-500x667.jpg 500w, https:\/\/escolaraiz.pt\/pt\/wp-content\/uploads\/2019\/11\/74664519_2505085576233648_2332665380624924672_n-600x800.jpg 600w\" sizes=\"auto, (max-width: 720px) 100vw, 720px\" \/><\/figure><\/li><\/ul>\n","protected":false},"excerpt":{"rendered":"<p>Alunos da Raiz vestem-se a rigor para o Dia das Bruxas<\/p>\n","protected":false},"author":6,"featured_media":28897,"comment_status":"closed","ping_status":"open","sticky":false,"template":"","format":"standard","meta":{"footnotes":""},"categories":[5],"tags":[50],"class_list":["post-28883","post","type-post","status-publish","format-standard","has-post-thumbnail","hentry","category-noticias","tag-noticias"],"yoast_head":"<!-- This site is optimized with the Yoast SEO plugin v27.5 - https:\/\/yoast.com\/product\/yoast-seo-wordpress\/ -->\n<title>Alunos da Raiz vestem-se a rigor para o Dia das Bruxas - Raiz<\/title>\n<meta name=\"robots\" content=\"index, follow, max-snippet:-1, max-image-preview:large, max-video-preview:-1\" \/>\n<link rel=\"canonical\" href=\"https:\/\/escolaraiz.pt\/pt\/noticias\/alunos-da-raiz-vestem-a-rigor-para-o-dia-das-bruxas\/\" \/>\n<meta name=\"twitter:card\" content=\"summary_large_image\" \/>\n<meta name=\"twitter:title\" content=\"Alunos da Raiz vestem-se a rigor para o Dia das Bruxas - Raiz\" \/>\n<meta name=\"twitter:description\" content=\"Alunos da Raiz vestem-se a rigor para o Dia das Bruxas\" \/>\n<meta name=\"twitter:image\" content=\"https:\/\/escolaraiz.pt\/pt\/wp-content\/uploads\/2019\/11\/bruxas.jpg\" \/>\n<meta name=\"twitter:label1\" content=\"Escrito por\" \/>\n\t<meta name=\"twitter:data1\" content=\"Joana\" \/>\n<script type=\"application\/ld+json\" class=\"yoast-schema-graph\">{\"@context\":\"https:\\\/\\\/schema.org\",\"@graph\":[{\"@type\":\"Article\",\"@id\":\"https:\\\/\\\/escolaraiz.pt\\\/pt\\\/noticias\\\/alunos-da-raiz-vestem-a-rigor-para-o-dia-das-bruxas\\\/#article\",\"isPartOf\":{\"@id\":\"https:\\\/\\\/escolaraiz.pt\\\/pt\\\/noticias\\\/alunos-da-raiz-vestem-a-rigor-para-o-dia-das-bruxas\\\/\"},\"author\":{\"name\":\"Joana\",\"@id\":\"https:\\\/\\\/escolaraiz.pt\\\/pt\\\/#\\\/schema\\\/person\\\/6345bdaf152ba0769cdcc8492bf088e1\"},\"headline\":\"Alunos da Raiz vestem-se a rigor para o Dia das Bruxas\",\"datePublished\":\"2019-11-01T15:47:03+00:00\",\"dateModified\":\"2019-11-15T15:47:41+00:00\",\"mainEntityOfPage\":{\"@id\":\"https:\\\/\\\/escolaraiz.pt\\\/pt\\\/noticias\\\/alunos-da-raiz-vestem-a-rigor-para-o-dia-das-bruxas\\\/\"},\"wordCount\":85,\"image\":{\"@id\":\"https:\\\/\\\/escolaraiz.pt\\\/pt\\\/noticias\\\/alunos-da-raiz-vestem-a-rigor-para-o-dia-das-bruxas\\\/#primaryimage\"},\"thumbnailUrl\":\"https:\\\/\\\/escolaraiz.pt\\\/pt\\\/wp-content\\\/uploads\\\/2019\\\/11\\\/bruxas.jpg\",\"keywords\":[\"Noticias\"],\"articleSection\":[\"Noticias\"],\"inLanguage\":\"pt-PT\"},{\"@type\":\"WebPage\",\"@id\":\"https:\\\/\\\/escolaraiz.pt\\\/pt\\\/noticias\\\/alunos-da-raiz-vestem-a-rigor-para-o-dia-das-bruxas\\\/\",\"url\":\"https:\\\/\\\/escolaraiz.pt\\\/pt\\\/noticias\\\/alunos-da-raiz-vestem-a-rigor-para-o-dia-das-bruxas\\\/\",\"name\":\"Alunos da Raiz vestem-se a rigor para o Dia das Bruxas - Raiz\",\"isPartOf\":{\"@id\":\"https:\\\/\\\/escolaraiz.pt\\\/pt\\\/#website\"},\"primaryImageOfPage\":{\"@id\":\"https:\\\/\\\/escolaraiz.pt\\\/pt\\\/noticias\\\/alunos-da-raiz-vestem-a-rigor-para-o-dia-das-bruxas\\\/#primaryimage\"},\"image\":{\"@id\":\"https:\\\/\\\/escolaraiz.pt\\\/pt\\\/noticias\\\/alunos-da-raiz-vestem-a-rigor-para-o-dia-das-bruxas\\\/#primaryimage\"},\"thumbnailUrl\":\"https:\\\/\\\/escolaraiz.pt\\\/pt\\\/wp-content\\\/uploads\\\/2019\\\/11\\\/bruxas.jpg\",\"datePublished\":\"2019-11-01T15:47:03+00:00\",\"dateModified\":\"2019-11-15T15:47:41+00:00\",\"author\":{\"@id\":\"https:\\\/\\\/escolaraiz.pt\\\/pt\\\/#\\\/schema\\\/person\\\/6345bdaf152ba0769cdcc8492bf088e1\"},\"breadcrumb\":{\"@id\":\"https:\\\/\\\/escolaraiz.pt\\\/pt\\\/noticias\\\/alunos-da-raiz-vestem-a-rigor-para-o-dia-das-bruxas\\\/#breadcrumb\"},\"inLanguage\":\"pt-PT\",\"potentialAction\":[{\"@type\":\"ReadAction\",\"target\":[\"https:\\\/\\\/escolaraiz.pt\\\/pt\\\/noticias\\\/alunos-da-raiz-vestem-a-rigor-para-o-dia-das-bruxas\\\/\"]}]},{\"@type\":\"ImageObject\",\"inLanguage\":\"pt-PT\",\"@id\":\"https:\\\/\\\/escolaraiz.pt\\\/pt\\\/noticias\\\/alunos-da-raiz-vestem-a-rigor-para-o-dia-das-bruxas\\\/#primaryimage\",\"url\":\"https:\\\/\\\/escolaraiz.pt\\\/pt\\\/wp-content\\\/uploads\\\/2019\\\/11\\\/bruxas.jpg\",\"contentUrl\":\"https:\\\/\\\/escolaraiz.pt\\\/pt\\\/wp-content\\\/uploads\\\/2019\\\/11\\\/bruxas.jpg\",\"width\":960,\"height\":720},{\"@type\":\"BreadcrumbList\",\"@id\":\"https:\\\/\\\/escolaraiz.pt\\\/pt\\\/noticias\\\/alunos-da-raiz-vestem-a-rigor-para-o-dia-das-bruxas\\\/#breadcrumb\",\"itemListElement\":[{\"@type\":\"ListItem\",\"position\":1,\"name\":\"In\u00edcio\",\"item\":\"https:\\\/\\\/escolaraiz.pt\\\/pt\\\/\"},{\"@type\":\"ListItem\",\"position\":2,\"name\":\"Alunos da Raiz vestem-se a rigor para o Dia das Bruxas\"}]},{\"@type\":\"WebSite\",\"@id\":\"https:\\\/\\\/escolaraiz.pt\\\/pt\\\/#website\",\"url\":\"https:\\\/\\\/escolaraiz.pt\\\/pt\\\/\",\"name\":\"Raiz\",\"description\":\"Active Learning School\",\"potentialAction\":[{\"@type\":\"SearchAction\",\"target\":{\"@type\":\"EntryPoint\",\"urlTemplate\":\"https:\\\/\\\/escolaraiz.pt\\\/pt\\\/?s={search_term_string}\"},\"query-input\":{\"@type\":\"PropertyValueSpecification\",\"valueRequired\":true,\"valueName\":\"search_term_string\"}}],\"inLanguage\":\"pt-PT\"},{\"@type\":\"Person\",\"@id\":\"https:\\\/\\\/escolaraiz.pt\\\/pt\\\/#\\\/schema\\\/person\\\/6345bdaf152ba0769cdcc8492bf088e1\",\"name\":\"Joana\"}]}<\/script>\n<!-- \/ Yoast SEO plugin. -->","yoast_head_json":{"title":"Alunos da Raiz vestem-se a rigor para o Dia das Bruxas - Raiz","robots":{"index":"index","follow":"follow","max-snippet":"max-snippet:-1","max-image-preview":"max-image-preview:large","max-video-preview":"max-video-preview:-1"},"canonical":"https:\/\/escolaraiz.pt\/pt\/noticias\/alunos-da-raiz-vestem-a-rigor-para-o-dia-das-bruxas\/","twitter_card":"summary_large_image","twitter_title":"Alunos da Raiz vestem-se a rigor para o Dia das Bruxas - Raiz","twitter_description":"Alunos da Raiz vestem-se a rigor para o Dia das Bruxas","twitter_image":"https:\/\/escolaraiz.pt\/pt\/wp-content\/uploads\/2019\/11\/bruxas.jpg","twitter_misc":{"Escrito por":"Joana"},"schema":{"@context":"https:\/\/schema.org","@graph":[{"@type":"Article","@id":"https:\/\/escolaraiz.pt\/pt\/noticias\/alunos-da-raiz-vestem-a-rigor-para-o-dia-das-bruxas\/#article","isPartOf":{"@id":"https:\/\/escolaraiz.pt\/pt\/noticias\/alunos-da-raiz-vestem-a-rigor-para-o-dia-das-bruxas\/"},"author":{"name":"Joana","@id":"https:\/\/escolaraiz.pt\/pt\/#\/schema\/person\/6345bdaf152ba0769cdcc8492bf088e1"},"headline":"Alunos da Raiz vestem-se a rigor para o Dia das Bruxas","datePublished":"2019-11-01T15:47:03+00:00","dateModified":"2019-11-15T15:47:41+00:00","mainEntityOfPage":{"@id":"https:\/\/escolaraiz.pt\/pt\/noticias\/alunos-da-raiz-vestem-a-rigor-para-o-dia-das-bruxas\/"},"wordCount":85,"image":{"@id":"https:\/\/escolaraiz.pt\/pt\/noticias\/alunos-da-raiz-vestem-a-rigor-para-o-dia-das-bruxas\/#primaryimage"},"thumbnailUrl":"https:\/\/escolaraiz.pt\/pt\/wp-content\/uploads\/2019\/11\/bruxas.jpg","keywords":["Noticias"],"articleSection":["Noticias"],"inLanguage":"pt-PT"},{"@type":"WebPage","@id":"https:\/\/escolaraiz.pt\/pt\/noticias\/alunos-da-raiz-vestem-a-rigor-para-o-dia-das-bruxas\/","url":"https:\/\/escolaraiz.pt\/pt\/noticias\/alunos-da-raiz-vestem-a-rigor-para-o-dia-das-bruxas\/","name":"Alunos da Raiz vestem-se a rigor para o Dia das Bruxas - Raiz","isPartOf":{"@id":"https:\/\/escolaraiz.pt\/pt\/#website"},"primaryImageOfPage":{"@id":"https:\/\/escolaraiz.pt\/pt\/noticias\/alunos-da-raiz-vestem-a-rigor-para-o-dia-das-bruxas\/#primaryimage"},"image":{"@id":"https:\/\/escolaraiz.pt\/pt\/noticias\/alunos-da-raiz-vestem-a-rigor-para-o-dia-das-bruxas\/#primaryimage"},"thumbnailUrl":"https:\/\/escolaraiz.pt\/pt\/wp-content\/uploads\/2019\/11\/bruxas.jpg","datePublished":"2019-11-01T15:47:03+00:00","dateModified":"2019-11-15T15:47:41+00:00","author":{"@id":"https:\/\/escolaraiz.pt\/pt\/#\/schema\/person\/6345bdaf152ba0769cdcc8492bf088e1"},"breadcrumb":{"@id":"https:\/\/escolaraiz.pt\/pt\/noticias\/alunos-da-raiz-vestem-a-rigor-para-o-dia-das-bruxas\/#breadcrumb"},"inLanguage":"pt-PT","potentialAction":[{"@type":"ReadAction","target":["https:\/\/escolaraiz.pt\/pt\/noticias\/alunos-da-raiz-vestem-a-rigor-para-o-dia-das-bruxas\/"]}]},{"@type":"ImageObject","inLanguage":"pt-PT","@id":"https:\/\/escolaraiz.pt\/pt\/noticias\/alunos-da-raiz-vestem-a-rigor-para-o-dia-das-bruxas\/#primaryimage","url":"https:\/\/escolaraiz.pt\/pt\/wp-content\/uploads\/2019\/11\/bruxas.jpg","contentUrl":"https:\/\/escolaraiz.pt\/pt\/wp-content\/uploads\/2019\/11\/bruxas.jpg","width":960,"height":720},{"@type":"BreadcrumbList","@id":"https:\/\/escolaraiz.pt\/pt\/noticias\/alunos-da-raiz-vestem-a-rigor-para-o-dia-das-bruxas\/#breadcrumb","itemListElement":[{"@type":"ListItem","position":1,"name":"In\u00edcio","item":"https:\/\/escolaraiz.pt\/pt\/"},{"@type":"ListItem","position":2,"name":"Alunos da Raiz vestem-se a rigor para o Dia das Bruxas"}]},{"@type":"WebSite","@id":"https:\/\/escolaraiz.pt\/pt\/#website","url":"https:\/\/escolaraiz.pt\/pt\/","name":"Raiz","description":"Active Learning School","potentialAction":[{"@type":"SearchAction","target":{"@type":"EntryPoint","urlTemplate":"https:\/\/escolaraiz.pt\/pt\/?s={search_term_string}"},"query-input":{"@type":"PropertyValueSpecification","valueRequired":true,"valueName":"search_term_string"}}],"inLanguage":"pt-PT"},{"@type":"Person","@id":"https:\/\/escolaraiz.pt\/pt\/#\/schema\/person\/6345bdaf152ba0769cdcc8492bf088e1","name":"Joana"}]}},"_links":{"self":[{"href":"https:\/\/escolaraiz.pt\/pt\/wp-json\/wp\/v2\/posts\/28883","targetHints":{"allow":["GET"]}}],"collection":[{"href":"https:\/\/escolaraiz.pt\/pt\/wp-json\/wp\/v2\/posts"}],"about":[{"href":"https:\/\/escolaraiz.pt\/pt\/wp-json\/wp\/v2\/types\/post"}],"author":[{"embeddable":true,"href":"https:\/\/escolaraiz.pt\/pt\/wp-json\/wp\/v2\/users\/6"}],"replies":[{"embeddable":true,"href":"https:\/\/escolaraiz.pt\/pt\/wp-json\/wp\/v2\/comments?post=28883"}],"version-history":[{"count":2,"href":"https:\/\/escolaraiz.pt\/pt\/wp-json\/wp\/v2\/posts\/28883\/revisions"}],"predecessor-version":[{"id":28896,"href":"https:\/\/escolaraiz.pt\/pt\/wp-json\/wp\/v2\/posts\/28883\/revisions\/28896"}],"wp:featuredmedia":[{"embeddable":true,"href":"https:\/\/escolaraiz.pt\/pt\/wp-json\/wp\/v2\/media\/28897"}],"wp:attachment":[{"href":"https:\/\/escolaraiz.pt\/pt\/wp-json\/wp\/v2\/media?parent=28883"}],"wp:term":[{"taxonomy":"category","embeddable":true,"href":"https:\/\/escolaraiz.pt\/pt\/wp-json\/wp\/v2\/categories?post=28883"},{"taxonomy":"post_tag","embeddable":true,"href":"https:\/\/escolaraiz.pt\/pt\/wp-json\/wp\/v2\/tags?post=28883"}],"curies":[{"name":"wp","href":"https:\/\/api.w.org\/{rel}","templated":true}]}}