{"id":28748,"date":"2019-08-16T09:23:56","date_gmt":"2019-08-16T09:23:56","guid":{"rendered":"https:\/\/escolaraiz.pt\/pt\/?p=28748"},"modified":"2019-11-13T10:07:07","modified_gmt":"2019-11-13T10:07:07","slug":"a-importancia-de-saber-ouvir","status":"publish","type":"post","link":"https:\/\/escolaraiz.pt\/pt\/noticias\/a-importancia-de-saber-ouvir\/","title":{"rendered":"A import\u00e2ncia de saber ouvir"},"content":{"rendered":"\n<p>Saber ouvir \u00e9 t\u00e3o importante como saber falar, mas nem sempre damos a\ndevida aten\u00e7\u00e3o a este facto. Mas n\u00f3s, na Escola Raiz, apostamos muito no\ndesenvolvimento da capacidade de ouvir, privilegiando o di\u00e1logo como forma de\nresolu\u00e7\u00e3o dos problemas. Para saber mais sobre o assunto, veja (e oi\u00e7a) este\nv\u00eddeo com aten\u00e7\u00e3o.<\/p>\n\n\n\n<figure class=\"wp-block-embed-youtube aligncenter wp-block-embed is-type-video is-provider-youtube wp-embed-aspect-16-9 wp-has-aspect-ratio\"><div class=\"wp-block-embed__wrapper\">\n<iframe loading=\"lazy\" title=\"Being A Good Listener\" width=\"640\" height=\"360\" src=\"https:\/\/www.youtube.com\/embed\/-BdbiZcNBXg?feature=oembed\" frameborder=\"0\" allow=\"accelerometer; autoplay; clipboard-write; encrypted-media; gyroscope; picture-in-picture; web-share\" referrerpolicy=\"strict-origin-when-cross-origin\" allowfullscreen><\/iframe>\n<\/div><\/figure>\n\n\n\n<p><em>\u201cDizer que se sente um fracasso poderia significar\nser descartado, mas o bom ouvinte entende logo que n\u00e3o \u00e9 bem assim. (\u2026) o bom\nouvinte diferencia a discord\u00e2ncia do criticismo. H\u00e1 uma grande tend\u00eancia em\nsentir que a discord\u00e2ncia pode ser uma express\u00e3o de hostilidade e, obviamente,\n\u00e0s vezes isso pode estar certo. Mas um bom ouvinte deixa claro que a\ndiscord\u00e2ncia n\u00e3o tem necessariamente a ver com facto de uma pessoa n\u00e3o gostar\nda outra. (\u2026) A escuta merece ser uma das chaves para uma boa sociedade.\u201d <\/em><\/p>\n","protected":false},"excerpt":{"rendered":"<p>A import\u00e2ncia de saber ouvir<\/p>\n","protected":false},"author":6,"featured_media":28752,"comment_status":"closed","ping_status":"open","sticky":false,"template":"","format":"standard","meta":{"footnotes":""},"categories":[5],"tags":[50],"class_list":["post-28748","post","type-post","status-publish","format-standard","has-post-thumbnail","hentry","category-noticias","tag-noticias"],"yoast_head":"<!-- This site is optimized with the Yoast SEO plugin v27.5 - https:\/\/yoast.com\/product\/yoast-seo-wordpress\/ -->\n<title>A import\u00e2ncia de saber ouvir - Raiz<\/title>\n<meta name=\"robots\" content=\"index, follow, max-snippet:-1, max-image-preview:large, max-video-preview:-1\" \/>\n<link rel=\"canonical\" href=\"https:\/\/escolaraiz.pt\/pt\/noticias\/a-importancia-de-saber-ouvir\/\" \/>\n<meta name=\"twitter:card\" content=\"summary_large_image\" \/>\n<meta name=\"twitter:title\" content=\"A import\u00e2ncia de saber ouvir - Raiz\" \/>\n<meta name=\"twitter:description\" content=\"A import\u00e2ncia de saber ouvir\" \/>\n<meta name=\"twitter:image\" content=\"https:\/\/escolaraiz.pt\/pt\/wp-content\/uploads\/2019\/10\/li.png\" \/>\n<meta name=\"twitter:label1\" content=\"Escrito por\" \/>\n\t<meta name=\"twitter:data1\" content=\"Joana\" \/>\n\t<meta name=\"twitter:label2\" content=\"Tempo estimado de leitura\" \/>\n\t<meta name=\"twitter:data2\" content=\"1 minuto\" \/>\n<script type=\"application\/ld+json\" class=\"yoast-schema-graph\">{\"@context\":\"https:\\\/\\\/schema.org\",\"@graph\":[{\"@type\":\"Article\",\"@id\":\"https:\\\/\\\/escolaraiz.pt\\\/pt\\\/noticias\\\/a-importancia-de-saber-ouvir\\\/#article\",\"isPartOf\":{\"@id\":\"https:\\\/\\\/escolaraiz.pt\\\/pt\\\/noticias\\\/a-importancia-de-saber-ouvir\\\/\"},\"author\":{\"name\":\"Joana\",\"@id\":\"https:\\\/\\\/escolaraiz.pt\\\/pt\\\/#\\\/schema\\\/person\\\/6345bdaf152ba0769cdcc8492bf088e1\"},\"headline\":\"A import\u00e2ncia de saber ouvir\",\"datePublished\":\"2019-08-16T09:23:56+00:00\",\"dateModified\":\"2019-11-13T10:07:07+00:00\",\"mainEntityOfPage\":{\"@id\":\"https:\\\/\\\/escolaraiz.pt\\\/pt\\\/noticias\\\/a-importancia-de-saber-ouvir\\\/\"},\"wordCount\":166,\"image\":{\"@id\":\"https:\\\/\\\/escolaraiz.pt\\\/pt\\\/noticias\\\/a-importancia-de-saber-ouvir\\\/#primaryimage\"},\"thumbnailUrl\":\"https:\\\/\\\/escolaraiz.pt\\\/pt\\\/wp-content\\\/uploads\\\/2019\\\/10\\\/li.png\",\"keywords\":[\"Noticias\"],\"articleSection\":[\"Noticias\"],\"inLanguage\":\"pt-PT\"},{\"@type\":\"WebPage\",\"@id\":\"https:\\\/\\\/escolaraiz.pt\\\/pt\\\/noticias\\\/a-importancia-de-saber-ouvir\\\/\",\"url\":\"https:\\\/\\\/escolaraiz.pt\\\/pt\\\/noticias\\\/a-importancia-de-saber-ouvir\\\/\",\"name\":\"A import\u00e2ncia de saber ouvir - Raiz\",\"isPartOf\":{\"@id\":\"https:\\\/\\\/escolaraiz.pt\\\/pt\\\/#website\"},\"primaryImageOfPage\":{\"@id\":\"https:\\\/\\\/escolaraiz.pt\\\/pt\\\/noticias\\\/a-importancia-de-saber-ouvir\\\/#primaryimage\"},\"image\":{\"@id\":\"https:\\\/\\\/escolaraiz.pt\\\/pt\\\/noticias\\\/a-importancia-de-saber-ouvir\\\/#primaryimage\"},\"thumbnailUrl\":\"https:\\\/\\\/escolaraiz.pt\\\/pt\\\/wp-content\\\/uploads\\\/2019\\\/10\\\/li.png\",\"datePublished\":\"2019-08-16T09:23:56+00:00\",\"dateModified\":\"2019-11-13T10:07:07+00:00\",\"author\":{\"@id\":\"https:\\\/\\\/escolaraiz.pt\\\/pt\\\/#\\\/schema\\\/person\\\/6345bdaf152ba0769cdcc8492bf088e1\"},\"breadcrumb\":{\"@id\":\"https:\\\/\\\/escolaraiz.pt\\\/pt\\\/noticias\\\/a-importancia-de-saber-ouvir\\\/#breadcrumb\"},\"inLanguage\":\"pt-PT\",\"potentialAction\":[{\"@type\":\"ReadAction\",\"target\":[\"https:\\\/\\\/escolaraiz.pt\\\/pt\\\/noticias\\\/a-importancia-de-saber-ouvir\\\/\"]}]},{\"@type\":\"ImageObject\",\"inLanguage\":\"pt-PT\",\"@id\":\"https:\\\/\\\/escolaraiz.pt\\\/pt\\\/noticias\\\/a-importancia-de-saber-ouvir\\\/#primaryimage\",\"url\":\"https:\\\/\\\/escolaraiz.pt\\\/pt\\\/wp-content\\\/uploads\\\/2019\\\/10\\\/li.png\",\"contentUrl\":\"https:\\\/\\\/escolaraiz.pt\\\/pt\\\/wp-content\\\/uploads\\\/2019\\\/10\\\/li.png\",\"width\":500,\"height\":260},{\"@type\":\"BreadcrumbList\",\"@id\":\"https:\\\/\\\/escolaraiz.pt\\\/pt\\\/noticias\\\/a-importancia-de-saber-ouvir\\\/#breadcrumb\",\"itemListElement\":[{\"@type\":\"ListItem\",\"position\":1,\"name\":\"In\u00edcio\",\"item\":\"https:\\\/\\\/escolaraiz.pt\\\/pt\\\/\"},{\"@type\":\"ListItem\",\"position\":2,\"name\":\"A import\u00e2ncia de saber ouvir\"}]},{\"@type\":\"WebSite\",\"@id\":\"https:\\\/\\\/escolaraiz.pt\\\/pt\\\/#website\",\"url\":\"https:\\\/\\\/escolaraiz.pt\\\/pt\\\/\",\"name\":\"Raiz\",\"description\":\"Active Learning School\",\"potentialAction\":[{\"@type\":\"SearchAction\",\"target\":{\"@type\":\"EntryPoint\",\"urlTemplate\":\"https:\\\/\\\/escolaraiz.pt\\\/pt\\\/?s={search_term_string}\"},\"query-input\":{\"@type\":\"PropertyValueSpecification\",\"valueRequired\":true,\"valueName\":\"search_term_string\"}}],\"inLanguage\":\"pt-PT\"},{\"@type\":\"Person\",\"@id\":\"https:\\\/\\\/escolaraiz.pt\\\/pt\\\/#\\\/schema\\\/person\\\/6345bdaf152ba0769cdcc8492bf088e1\",\"name\":\"Joana\"}]}<\/script>\n<!-- \/ Yoast SEO plugin. -->","yoast_head_json":{"title":"A import\u00e2ncia de saber ouvir - Raiz","robots":{"index":"index","follow":"follow","max-snippet":"max-snippet:-1","max-image-preview":"max-image-preview:large","max-video-preview":"max-video-preview:-1"},"canonical":"https:\/\/escolaraiz.pt\/pt\/noticias\/a-importancia-de-saber-ouvir\/","twitter_card":"summary_large_image","twitter_title":"A import\u00e2ncia de saber ouvir - Raiz","twitter_description":"A import\u00e2ncia de saber ouvir","twitter_image":"https:\/\/escolaraiz.pt\/pt\/wp-content\/uploads\/2019\/10\/li.png","twitter_misc":{"Escrito por":"Joana","Tempo estimado de leitura":"1 minuto"},"schema":{"@context":"https:\/\/schema.org","@graph":[{"@type":"Article","@id":"https:\/\/escolaraiz.pt\/pt\/noticias\/a-importancia-de-saber-ouvir\/#article","isPartOf":{"@id":"https:\/\/escolaraiz.pt\/pt\/noticias\/a-importancia-de-saber-ouvir\/"},"author":{"name":"Joana","@id":"https:\/\/escolaraiz.pt\/pt\/#\/schema\/person\/6345bdaf152ba0769cdcc8492bf088e1"},"headline":"A import\u00e2ncia de saber ouvir","datePublished":"2019-08-16T09:23:56+00:00","dateModified":"2019-11-13T10:07:07+00:00","mainEntityOfPage":{"@id":"https:\/\/escolaraiz.pt\/pt\/noticias\/a-importancia-de-saber-ouvir\/"},"wordCount":166,"image":{"@id":"https:\/\/escolaraiz.pt\/pt\/noticias\/a-importancia-de-saber-ouvir\/#primaryimage"},"thumbnailUrl":"https:\/\/escolaraiz.pt\/pt\/wp-content\/uploads\/2019\/10\/li.png","keywords":["Noticias"],"articleSection":["Noticias"],"inLanguage":"pt-PT"},{"@type":"WebPage","@id":"https:\/\/escolaraiz.pt\/pt\/noticias\/a-importancia-de-saber-ouvir\/","url":"https:\/\/escolaraiz.pt\/pt\/noticias\/a-importancia-de-saber-ouvir\/","name":"A import\u00e2ncia de saber ouvir - Raiz","isPartOf":{"@id":"https:\/\/escolaraiz.pt\/pt\/#website"},"primaryImageOfPage":{"@id":"https:\/\/escolaraiz.pt\/pt\/noticias\/a-importancia-de-saber-ouvir\/#primaryimage"},"image":{"@id":"https:\/\/escolaraiz.pt\/pt\/noticias\/a-importancia-de-saber-ouvir\/#primaryimage"},"thumbnailUrl":"https:\/\/escolaraiz.pt\/pt\/wp-content\/uploads\/2019\/10\/li.png","datePublished":"2019-08-16T09:23:56+00:00","dateModified":"2019-11-13T10:07:07+00:00","author":{"@id":"https:\/\/escolaraiz.pt\/pt\/#\/schema\/person\/6345bdaf152ba0769cdcc8492bf088e1"},"breadcrumb":{"@id":"https:\/\/escolaraiz.pt\/pt\/noticias\/a-importancia-de-saber-ouvir\/#breadcrumb"},"inLanguage":"pt-PT","potentialAction":[{"@type":"ReadAction","target":["https:\/\/escolaraiz.pt\/pt\/noticias\/a-importancia-de-saber-ouvir\/"]}]},{"@type":"ImageObject","inLanguage":"pt-PT","@id":"https:\/\/escolaraiz.pt\/pt\/noticias\/a-importancia-de-saber-ouvir\/#primaryimage","url":"https:\/\/escolaraiz.pt\/pt\/wp-content\/uploads\/2019\/10\/li.png","contentUrl":"https:\/\/escolaraiz.pt\/pt\/wp-content\/uploads\/2019\/10\/li.png","width":500,"height":260},{"@type":"BreadcrumbList","@id":"https:\/\/escolaraiz.pt\/pt\/noticias\/a-importancia-de-saber-ouvir\/#breadcrumb","itemListElement":[{"@type":"ListItem","position":1,"name":"In\u00edcio","item":"https:\/\/escolaraiz.pt\/pt\/"},{"@type":"ListItem","position":2,"name":"A import\u00e2ncia de saber ouvir"}]},{"@type":"WebSite","@id":"https:\/\/escolaraiz.pt\/pt\/#website","url":"https:\/\/escolaraiz.pt\/pt\/","name":"Raiz","description":"Active Learning School","potentialAction":[{"@type":"SearchAction","target":{"@type":"EntryPoint","urlTemplate":"https:\/\/escolaraiz.pt\/pt\/?s={search_term_string}"},"query-input":{"@type":"PropertyValueSpecification","valueRequired":true,"valueName":"search_term_string"}}],"inLanguage":"pt-PT"},{"@type":"Person","@id":"https:\/\/escolaraiz.pt\/pt\/#\/schema\/person\/6345bdaf152ba0769cdcc8492bf088e1","name":"Joana"}]}},"_links":{"self":[{"href":"https:\/\/escolaraiz.pt\/pt\/wp-json\/wp\/v2\/posts\/28748","targetHints":{"allow":["GET"]}}],"collection":[{"href":"https:\/\/escolaraiz.pt\/pt\/wp-json\/wp\/v2\/posts"}],"about":[{"href":"https:\/\/escolaraiz.pt\/pt\/wp-json\/wp\/v2\/types\/post"}],"author":[{"embeddable":true,"href":"https:\/\/escolaraiz.pt\/pt\/wp-json\/wp\/v2\/users\/6"}],"replies":[{"embeddable":true,"href":"https:\/\/escolaraiz.pt\/pt\/wp-json\/wp\/v2\/comments?post=28748"}],"version-history":[{"count":4,"href":"https:\/\/escolaraiz.pt\/pt\/wp-json\/wp\/v2\/posts\/28748\/revisions"}],"predecessor-version":[{"id":28841,"href":"https:\/\/escolaraiz.pt\/pt\/wp-json\/wp\/v2\/posts\/28748\/revisions\/28841"}],"wp:featuredmedia":[{"embeddable":true,"href":"https:\/\/escolaraiz.pt\/pt\/wp-json\/wp\/v2\/media\/28752"}],"wp:attachment":[{"href":"https:\/\/escolaraiz.pt\/pt\/wp-json\/wp\/v2\/media?parent=28748"}],"wp:term":[{"taxonomy":"category","embeddable":true,"href":"https:\/\/escolaraiz.pt\/pt\/wp-json\/wp\/v2\/categories?post=28748"},{"taxonomy":"post_tag","embeddable":true,"href":"https:\/\/escolaraiz.pt\/pt\/wp-json\/wp\/v2\/tags?post=28748"}],"curies":[{"name":"wp","href":"https:\/\/api.w.org\/{rel}","templated":true}]}}