{"id":28734,"date":"2019-09-09T14:23:30","date_gmt":"2019-09-09T14:23:30","guid":{"rendered":"https:\/\/escolaraiz.pt\/pt\/?p=28734"},"modified":"2019-11-13T10:05:12","modified_gmt":"2019-11-13T10:05:12","slug":"o-que-e-mais-pedido-aos-pais","status":"publish","type":"post","link":"https:\/\/escolaraiz.pt\/pt\/noticias\/o-que-e-mais-pedido-aos-pais\/","title":{"rendered":"O que \u00e9 mais pedido aos pais das crian\u00e7as que entram para a creche?"},"content":{"rendered":"\n<div class=\"wp-block-image\"><figure class=\"aligncenter\"><img loading=\"lazy\" decoding=\"async\" width=\"621\" height=\"447\" src=\"https:\/\/escolaraiz.pt\/pt\/wp-content\/uploads\/2019\/10\/raiz4.png\" alt=\"\" class=\"wp-image-28735\" srcset=\"https:\/\/escolaraiz.pt\/pt\/wp-content\/uploads\/2019\/10\/raiz4.png 621w, https:\/\/escolaraiz.pt\/pt\/wp-content\/uploads\/2019\/10\/raiz4-300x216.png 300w, https:\/\/escolaraiz.pt\/pt\/wp-content\/uploads\/2019\/10\/raiz4-500x360.png 500w, https:\/\/escolaraiz.pt\/pt\/wp-content\/uploads\/2019\/10\/raiz4-600x432.png 600w\" sizes=\"auto, (max-width: 621px) 100vw, 621px\" \/><\/figure><\/div>\n\n\n\n<p>Conselho da nossa\neducadora Telma Alves:<\/p>\n\n\n\n<p>\u201c<em>Nos dias de adapta\u00e7\u00e3o, aquilo que n\u00f3s pedimos aos pais \u00e9 para estarem particularmente atentos ao telem\u00f3vel pois podemos fazer um telefonema a meio do dia, a meio da manh\u00e3, a dar o feedback de como \u00e9 que passou o seu filho. Passamos tamb\u00e9m um feedback<\/em>&nbsp;<em>transparente. Ou seja, n\u00e3o passamos s\u00f3 os aspetos positivos que ocorrem ao longo do dia com a crian\u00e7a, como tamb\u00e9m informamos quando a crian\u00e7a n\u00e3o esteve bem ao longo do dia, porque queremos que os pais tamb\u00e9m comecem a estabelecer uma rela\u00e7\u00e3o de confian\u00e7a com a equipa pedag\u00f3gica. No caso da creche temos os registos di\u00e1rios que enviamos todos os dias para casa onde, se acharmos pertinente, tamb\u00e9m escrevemos algum apontamento em rela\u00e7\u00e3o ao dia da crian\u00e7a. No fundo, aquilo que n\u00f3s pretendemos \u00e9 estreitar esta rela\u00e7\u00e3o casa-escola, escola-casa, para que neste momento, onde consideramos que \u00e9 bastante desafiante estarmos todos alinhados e conseguirmos ultrapassar<\/em> <em>este momento todos juntos.\u201d<\/em><\/p>\n\n\n\n<p>Conselho de In\u00eas Sousa, educadora do do pr\u00e9-escolar:<\/p>\n\n\n\n<p><em>\u201cNem todos os pais t\u00eam oportunidade de o fazer, mas quando o podem fazer, \u00e9 sempre positivo: participar no momento de acolhimento em que os pais podem contar uma hist\u00f3ria \u00e0 crian\u00e7a, podem participar e ver o que \u00e9 que a crian\u00e7a fez na sala, assim como tamb\u00e9m podem participar, por exemplo, no quadro das mensagens em que a\u00ed ter\u00e3o a oportunidade de perceber o que \u00e9 a crian\u00e7a vai fazer ao longo do dia, a crian\u00e7a vai poder ler com os pais. Isto ajuda a que, tanto para pais como para crian\u00e7as, seja mais facilitador nesta adapta\u00e7\u00e3o e que eles se sintam mais tranquilos, mais seguros e \u00e9 isso que todos n\u00f3s queremos, que os pais participem ativamente na escola<\/em>.&#8221;<\/p>\n\n\n\n<p>Veja aqui os 9 v\u00eddeos, com dicas para o Regresso \u00e0s aulas, dadas pela nossa educadora Telma Alves, educadora In\u00eas Sousa e tamb\u00e9m do nosso diretor adjunto Joaquim V\u00edtor:<\/p>\n\n\n\n<p><a href=\"https:\/\/www.facebook.com\/MitosylPortugal\/videos\/vb.703088013046423\/909251716104626\/?type=2&amp;theater\">V\u00eddeo 1<\/a> &#8211; Devemos levar alguma coisa em especial?<\/p>\n\n\n\n<p><a href=\"https:\/\/www.facebook.com\/MitosylPortugal\/videos\/vb.703088013046423\/2479217468791910\/?type=2&amp;theater\">V\u00eddeo 2<\/a> &#8211; Quanto tempo demora a adapta\u00e7\u00e3o?<\/p>\n\n\n\n<p><a href=\"https:\/\/www.facebook.com\/MitosylPortugal\/videos\/vb.703088013046423\/512339419595265\/?type=2&amp;theater\">V\u00eddeo 3<\/a> &#8211; Como facilitar o primeiro dia de escola?<\/p>\n\n\n\n<p><a href=\"https:\/\/www.facebook.com\/MitosylPortugal\/videos\/vb.703088013046423\/951993988477395\/?type=2&amp;theater\">V\u00eddeo 4<\/a> &#8211; Expetativas para o primeiro dia<\/p>\n\n\n\n<p><a href=\"https:\/\/www.facebook.com\/MitosylPortugal\/videos\/vb.703088013046423\/677953399384779\/?type=2&amp;theater\">V\u00eddeo 5<\/a> &#8211; Os primeiros dias da creche<\/p>\n\n\n\n<p><a href=\"https:\/\/www.facebook.com\/MitosylPortugal\/videos\/vb.703088013046423\/569623143572745\/?type=2&amp;theater\">V\u00eddeo 6<\/a> &#8211; Fazer da escola uma segunda casa<\/p>\n\n\n\n<p><a href=\"https:\/\/www.facebook.com\/MitosylPortugal\/videos\/vb.703088013046423\/385364302125213\/?type=2&amp;theater\">V\u00eddeo 7<\/a> &#8211; A integra\u00e7\u00e3o \u00e0 escola tamb\u00e9m come\u00e7a em casa<\/p>\n\n\n\n<p><a href=\"https:\/\/www.facebook.com\/MitosylPortugal\/videos\/vb.703088013046423\/2605826562811927\/?type=2&amp;theater\">V\u00eddeo 8<\/a> &#8211; Como ajudar a adaptar-se \u00e0 escola?<\/p>\n\n\n\n<p><a href=\"https:\/\/www.facebook.com\/MitosylPortugal\/videos\/vb.703088013046423\/887900811582250\/?type=2&amp;theater\">V\u00eddeo 9<\/a> &#8211;  Como preparar a entrada do meu filho?<\/p>\n","protected":false},"excerpt":{"rendered":"<p>O que \u00e9 mais pedido aos pais das crian\u00e7as que entram para a creche?<\/p>\n","protected":false},"author":6,"featured_media":28735,"comment_status":"closed","ping_status":"open","sticky":false,"template":"","format":"standard","meta":{"footnotes":""},"categories":[5],"tags":[50],"class_list":["post-28734","post","type-post","status-publish","format-standard","has-post-thumbnail","hentry","category-noticias","tag-noticias"],"yoast_head":"<!-- This site is optimized with the Yoast SEO plugin v27.5 - https:\/\/yoast.com\/product\/yoast-seo-wordpress\/ -->\n<title>O que \u00e9 mais pedido aos pais das crian\u00e7as que entram para a creche? - Raiz<\/title>\n<meta name=\"robots\" content=\"index, follow, max-snippet:-1, max-image-preview:large, max-video-preview:-1\" \/>\n<link rel=\"canonical\" href=\"https:\/\/escolaraiz.pt\/pt\/noticias\/o-que-e-mais-pedido-aos-pais\/\" \/>\n<meta name=\"twitter:card\" content=\"summary_large_image\" \/>\n<meta name=\"twitter:title\" content=\"O que \u00e9 mais pedido aos pais das crian\u00e7as que entram para a creche? - Raiz\" \/>\n<meta name=\"twitter:description\" content=\"O que \u00e9 mais pedido aos pais das crian\u00e7as que entram para a creche?\" \/>\n<meta name=\"twitter:image\" content=\"https:\/\/escolaraiz.pt\/pt\/wp-content\/uploads\/2019\/10\/raiz4.png\" \/>\n<meta name=\"twitter:label1\" content=\"Escrito por\" \/>\n\t<meta name=\"twitter:data1\" content=\"Joana\" \/>\n\t<meta name=\"twitter:label2\" content=\"Tempo estimado de leitura\" \/>\n\t<meta name=\"twitter:data2\" content=\"2 minutos\" \/>\n<script type=\"application\/ld+json\" class=\"yoast-schema-graph\">{\"@context\":\"https:\\\/\\\/schema.org\",\"@graph\":[{\"@type\":\"Article\",\"@id\":\"https:\\\/\\\/escolaraiz.pt\\\/pt\\\/noticias\\\/o-que-e-mais-pedido-aos-pais\\\/#article\",\"isPartOf\":{\"@id\":\"https:\\\/\\\/escolaraiz.pt\\\/pt\\\/noticias\\\/o-que-e-mais-pedido-aos-pais\\\/\"},\"author\":{\"name\":\"Joana\",\"@id\":\"https:\\\/\\\/escolaraiz.pt\\\/pt\\\/#\\\/schema\\\/person\\\/6345bdaf152ba0769cdcc8492bf088e1\"},\"headline\":\"O que \u00e9 mais pedido aos pais das crian\u00e7as que entram para a creche?\",\"datePublished\":\"2019-09-09T14:23:30+00:00\",\"dateModified\":\"2019-11-13T10:05:12+00:00\",\"mainEntityOfPage\":{\"@id\":\"https:\\\/\\\/escolaraiz.pt\\\/pt\\\/noticias\\\/o-que-e-mais-pedido-aos-pais\\\/\"},\"wordCount\":444,\"image\":{\"@id\":\"https:\\\/\\\/escolaraiz.pt\\\/pt\\\/noticias\\\/o-que-e-mais-pedido-aos-pais\\\/#primaryimage\"},\"thumbnailUrl\":\"https:\\\/\\\/escolaraiz.pt\\\/pt\\\/wp-content\\\/uploads\\\/2019\\\/10\\\/raiz4.png\",\"keywords\":[\"Noticias\"],\"articleSection\":[\"Noticias\"],\"inLanguage\":\"pt-PT\"},{\"@type\":\"WebPage\",\"@id\":\"https:\\\/\\\/escolaraiz.pt\\\/pt\\\/noticias\\\/o-que-e-mais-pedido-aos-pais\\\/\",\"url\":\"https:\\\/\\\/escolaraiz.pt\\\/pt\\\/noticias\\\/o-que-e-mais-pedido-aos-pais\\\/\",\"name\":\"O que \u00e9 mais pedido aos pais das crian\u00e7as que entram para a creche? - Raiz\",\"isPartOf\":{\"@id\":\"https:\\\/\\\/escolaraiz.pt\\\/pt\\\/#website\"},\"primaryImageOfPage\":{\"@id\":\"https:\\\/\\\/escolaraiz.pt\\\/pt\\\/noticias\\\/o-que-e-mais-pedido-aos-pais\\\/#primaryimage\"},\"image\":{\"@id\":\"https:\\\/\\\/escolaraiz.pt\\\/pt\\\/noticias\\\/o-que-e-mais-pedido-aos-pais\\\/#primaryimage\"},\"thumbnailUrl\":\"https:\\\/\\\/escolaraiz.pt\\\/pt\\\/wp-content\\\/uploads\\\/2019\\\/10\\\/raiz4.png\",\"datePublished\":\"2019-09-09T14:23:30+00:00\",\"dateModified\":\"2019-11-13T10:05:12+00:00\",\"author\":{\"@id\":\"https:\\\/\\\/escolaraiz.pt\\\/pt\\\/#\\\/schema\\\/person\\\/6345bdaf152ba0769cdcc8492bf088e1\"},\"breadcrumb\":{\"@id\":\"https:\\\/\\\/escolaraiz.pt\\\/pt\\\/noticias\\\/o-que-e-mais-pedido-aos-pais\\\/#breadcrumb\"},\"inLanguage\":\"pt-PT\",\"potentialAction\":[{\"@type\":\"ReadAction\",\"target\":[\"https:\\\/\\\/escolaraiz.pt\\\/pt\\\/noticias\\\/o-que-e-mais-pedido-aos-pais\\\/\"]}]},{\"@type\":\"ImageObject\",\"inLanguage\":\"pt-PT\",\"@id\":\"https:\\\/\\\/escolaraiz.pt\\\/pt\\\/noticias\\\/o-que-e-mais-pedido-aos-pais\\\/#primaryimage\",\"url\":\"https:\\\/\\\/escolaraiz.pt\\\/pt\\\/wp-content\\\/uploads\\\/2019\\\/10\\\/raiz4.png\",\"contentUrl\":\"https:\\\/\\\/escolaraiz.pt\\\/pt\\\/wp-content\\\/uploads\\\/2019\\\/10\\\/raiz4.png\",\"width\":621,\"height\":447},{\"@type\":\"BreadcrumbList\",\"@id\":\"https:\\\/\\\/escolaraiz.pt\\\/pt\\\/noticias\\\/o-que-e-mais-pedido-aos-pais\\\/#breadcrumb\",\"itemListElement\":[{\"@type\":\"ListItem\",\"position\":1,\"name\":\"In\u00edcio\",\"item\":\"https:\\\/\\\/escolaraiz.pt\\\/pt\\\/\"},{\"@type\":\"ListItem\",\"position\":2,\"name\":\"O que \u00e9 mais pedido aos pais das crian\u00e7as que entram para a creche?\"}]},{\"@type\":\"WebSite\",\"@id\":\"https:\\\/\\\/escolaraiz.pt\\\/pt\\\/#website\",\"url\":\"https:\\\/\\\/escolaraiz.pt\\\/pt\\\/\",\"name\":\"Raiz\",\"description\":\"Active Learning School\",\"potentialAction\":[{\"@type\":\"SearchAction\",\"target\":{\"@type\":\"EntryPoint\",\"urlTemplate\":\"https:\\\/\\\/escolaraiz.pt\\\/pt\\\/?s={search_term_string}\"},\"query-input\":{\"@type\":\"PropertyValueSpecification\",\"valueRequired\":true,\"valueName\":\"search_term_string\"}}],\"inLanguage\":\"pt-PT\"},{\"@type\":\"Person\",\"@id\":\"https:\\\/\\\/escolaraiz.pt\\\/pt\\\/#\\\/schema\\\/person\\\/6345bdaf152ba0769cdcc8492bf088e1\",\"name\":\"Joana\"}]}<\/script>\n<!-- \/ Yoast SEO plugin. -->","yoast_head_json":{"title":"O que \u00e9 mais pedido aos pais das crian\u00e7as que entram para a creche? - Raiz","robots":{"index":"index","follow":"follow","max-snippet":"max-snippet:-1","max-image-preview":"max-image-preview:large","max-video-preview":"max-video-preview:-1"},"canonical":"https:\/\/escolaraiz.pt\/pt\/noticias\/o-que-e-mais-pedido-aos-pais\/","twitter_card":"summary_large_image","twitter_title":"O que \u00e9 mais pedido aos pais das crian\u00e7as que entram para a creche? - Raiz","twitter_description":"O que \u00e9 mais pedido aos pais das crian\u00e7as que entram para a creche?","twitter_image":"https:\/\/escolaraiz.pt\/pt\/wp-content\/uploads\/2019\/10\/raiz4.png","twitter_misc":{"Escrito por":"Joana","Tempo estimado de leitura":"2 minutos"},"schema":{"@context":"https:\/\/schema.org","@graph":[{"@type":"Article","@id":"https:\/\/escolaraiz.pt\/pt\/noticias\/o-que-e-mais-pedido-aos-pais\/#article","isPartOf":{"@id":"https:\/\/escolaraiz.pt\/pt\/noticias\/o-que-e-mais-pedido-aos-pais\/"},"author":{"name":"Joana","@id":"https:\/\/escolaraiz.pt\/pt\/#\/schema\/person\/6345bdaf152ba0769cdcc8492bf088e1"},"headline":"O que \u00e9 mais pedido aos pais das crian\u00e7as que entram para a creche?","datePublished":"2019-09-09T14:23:30+00:00","dateModified":"2019-11-13T10:05:12+00:00","mainEntityOfPage":{"@id":"https:\/\/escolaraiz.pt\/pt\/noticias\/o-que-e-mais-pedido-aos-pais\/"},"wordCount":444,"image":{"@id":"https:\/\/escolaraiz.pt\/pt\/noticias\/o-que-e-mais-pedido-aos-pais\/#primaryimage"},"thumbnailUrl":"https:\/\/escolaraiz.pt\/pt\/wp-content\/uploads\/2019\/10\/raiz4.png","keywords":["Noticias"],"articleSection":["Noticias"],"inLanguage":"pt-PT"},{"@type":"WebPage","@id":"https:\/\/escolaraiz.pt\/pt\/noticias\/o-que-e-mais-pedido-aos-pais\/","url":"https:\/\/escolaraiz.pt\/pt\/noticias\/o-que-e-mais-pedido-aos-pais\/","name":"O que \u00e9 mais pedido aos pais das crian\u00e7as que entram para a creche? - Raiz","isPartOf":{"@id":"https:\/\/escolaraiz.pt\/pt\/#website"},"primaryImageOfPage":{"@id":"https:\/\/escolaraiz.pt\/pt\/noticias\/o-que-e-mais-pedido-aos-pais\/#primaryimage"},"image":{"@id":"https:\/\/escolaraiz.pt\/pt\/noticias\/o-que-e-mais-pedido-aos-pais\/#primaryimage"},"thumbnailUrl":"https:\/\/escolaraiz.pt\/pt\/wp-content\/uploads\/2019\/10\/raiz4.png","datePublished":"2019-09-09T14:23:30+00:00","dateModified":"2019-11-13T10:05:12+00:00","author":{"@id":"https:\/\/escolaraiz.pt\/pt\/#\/schema\/person\/6345bdaf152ba0769cdcc8492bf088e1"},"breadcrumb":{"@id":"https:\/\/escolaraiz.pt\/pt\/noticias\/o-que-e-mais-pedido-aos-pais\/#breadcrumb"},"inLanguage":"pt-PT","potentialAction":[{"@type":"ReadAction","target":["https:\/\/escolaraiz.pt\/pt\/noticias\/o-que-e-mais-pedido-aos-pais\/"]}]},{"@type":"ImageObject","inLanguage":"pt-PT","@id":"https:\/\/escolaraiz.pt\/pt\/noticias\/o-que-e-mais-pedido-aos-pais\/#primaryimage","url":"https:\/\/escolaraiz.pt\/pt\/wp-content\/uploads\/2019\/10\/raiz4.png","contentUrl":"https:\/\/escolaraiz.pt\/pt\/wp-content\/uploads\/2019\/10\/raiz4.png","width":621,"height":447},{"@type":"BreadcrumbList","@id":"https:\/\/escolaraiz.pt\/pt\/noticias\/o-que-e-mais-pedido-aos-pais\/#breadcrumb","itemListElement":[{"@type":"ListItem","position":1,"name":"In\u00edcio","item":"https:\/\/escolaraiz.pt\/pt\/"},{"@type":"ListItem","position":2,"name":"O que \u00e9 mais pedido aos pais das crian\u00e7as que entram para a creche?"}]},{"@type":"WebSite","@id":"https:\/\/escolaraiz.pt\/pt\/#website","url":"https:\/\/escolaraiz.pt\/pt\/","name":"Raiz","description":"Active Learning School","potentialAction":[{"@type":"SearchAction","target":{"@type":"EntryPoint","urlTemplate":"https:\/\/escolaraiz.pt\/pt\/?s={search_term_string}"},"query-input":{"@type":"PropertyValueSpecification","valueRequired":true,"valueName":"search_term_string"}}],"inLanguage":"pt-PT"},{"@type":"Person","@id":"https:\/\/escolaraiz.pt\/pt\/#\/schema\/person\/6345bdaf152ba0769cdcc8492bf088e1","name":"Joana"}]}},"_links":{"self":[{"href":"https:\/\/escolaraiz.pt\/pt\/wp-json\/wp\/v2\/posts\/28734","targetHints":{"allow":["GET"]}}],"collection":[{"href":"https:\/\/escolaraiz.pt\/pt\/wp-json\/wp\/v2\/posts"}],"about":[{"href":"https:\/\/escolaraiz.pt\/pt\/wp-json\/wp\/v2\/types\/post"}],"author":[{"embeddable":true,"href":"https:\/\/escolaraiz.pt\/pt\/wp-json\/wp\/v2\/users\/6"}],"replies":[{"embeddable":true,"href":"https:\/\/escolaraiz.pt\/pt\/wp-json\/wp\/v2\/comments?post=28734"}],"version-history":[{"count":5,"href":"https:\/\/escolaraiz.pt\/pt\/wp-json\/wp\/v2\/posts\/28734\/revisions"}],"predecessor-version":[{"id":28839,"href":"https:\/\/escolaraiz.pt\/pt\/wp-json\/wp\/v2\/posts\/28734\/revisions\/28839"}],"wp:featuredmedia":[{"embeddable":true,"href":"https:\/\/escolaraiz.pt\/pt\/wp-json\/wp\/v2\/media\/28735"}],"wp:attachment":[{"href":"https:\/\/escolaraiz.pt\/pt\/wp-json\/wp\/v2\/media?parent=28734"}],"wp:term":[{"taxonomy":"category","embeddable":true,"href":"https:\/\/escolaraiz.pt\/pt\/wp-json\/wp\/v2\/categories?post=28734"},{"taxonomy":"post_tag","embeddable":true,"href":"https:\/\/escolaraiz.pt\/pt\/wp-json\/wp\/v2\/tags?post=28734"}],"curies":[{"name":"wp","href":"https:\/\/api.w.org\/{rel}","templated":true}]}}