{"id":28550,"date":"2018-09-12T11:52:36","date_gmt":"2018-09-12T11:52:36","guid":{"rendered":"https:\/\/escolaraiz.pt\/pt\/?p=28550"},"modified":"2018-09-12T11:54:05","modified_gmt":"2018-09-12T11:54:05","slug":"dicas-para-o-inicio-do-ano-escolar","status":"publish","type":"post","link":"https:\/\/escolaraiz.pt\/pt\/noticias\/dicas-para-o-inicio-do-ano-escolar\/","title":{"rendered":"Dicas para o in\u00edcio do ano escolar"},"content":{"rendered":"<p><span style=\"font-weight: 400;\">Temos tudo pronto para um novo ano escolar cheios de sonhos, esperan\u00e7as e muitas expectativas. E, para que nada falte, vamos deixar-lhe aqui algumas dicas preciosas. Bom regresso!<\/span><\/p>\n<p>&nbsp;<\/p>\n<p><img loading=\"lazy\" decoding=\"async\" class=\"size-medium wp-image-28551 alignleft\" src=\"https:\/\/escolaraiz.pt\/pt\/wp-content\/uploads\/2018\/09\/2017-08-08-Post-Dicas-BackSchool-D1-300x300.png\" alt=\"\" width=\"300\" height=\"300\" srcset=\"https:\/\/escolaraiz.pt\/pt\/wp-content\/uploads\/2018\/09\/2017-08-08-Post-Dicas-BackSchool-D1-300x300.png 300w, https:\/\/escolaraiz.pt\/pt\/wp-content\/uploads\/2018\/09\/2017-08-08-Post-Dicas-BackSchool-D1-150x150.png 150w, https:\/\/escolaraiz.pt\/pt\/wp-content\/uploads\/2018\/09\/2017-08-08-Post-Dicas-BackSchool-D1-500x500.png 500w, https:\/\/escolaraiz.pt\/pt\/wp-content\/uploads\/2018\/09\/2017-08-08-Post-Dicas-BackSchool-D1-600x600.png 600w, https:\/\/escolaraiz.pt\/pt\/wp-content\/uploads\/2018\/09\/2017-08-08-Post-Dicas-BackSchool-D1-100x100.png 100w, https:\/\/escolaraiz.pt\/pt\/wp-content\/uploads\/2018\/09\/2017-08-08-Post-Dicas-BackSchool-D1.png 640w\" sizes=\"auto, (max-width: 300px) 100vw, 300px\" \/><\/p>\n<p><span style=\"font-weight: 400;\">\u00c9 muito importante que incentive o seu filho a manter o quarto limpo e arrumado, criando o seu cantinho de estudo. Separar os brinquedos, livros e outros objetos que n\u00e3o ser\u00e3o usados, por exemplo, permite que estes possam ser guardados num local \u00e0 parte ou oferecidos a crian\u00e7as que deles precisem.<\/span><\/p>\n<p>&nbsp;<\/p>\n<p>&nbsp;<\/p>\n<p>&nbsp;<\/p>\n<p>&nbsp;<\/p>\n<p>&nbsp;<\/p>\n<p><img loading=\"lazy\" decoding=\"async\" class=\"size-medium wp-image-28552 alignleft\" src=\"https:\/\/escolaraiz.pt\/pt\/wp-content\/uploads\/2018\/09\/2017-08-08-Post-Dicas-BackSchool-D2-300x300.png\" alt=\"\" width=\"300\" height=\"300\" srcset=\"https:\/\/escolaraiz.pt\/pt\/wp-content\/uploads\/2018\/09\/2017-08-08-Post-Dicas-BackSchool-D2-300x300.png 300w, https:\/\/escolaraiz.pt\/pt\/wp-content\/uploads\/2018\/09\/2017-08-08-Post-Dicas-BackSchool-D2-150x150.png 150w, https:\/\/escolaraiz.pt\/pt\/wp-content\/uploads\/2018\/09\/2017-08-08-Post-Dicas-BackSchool-D2-500x500.png 500w, https:\/\/escolaraiz.pt\/pt\/wp-content\/uploads\/2018\/09\/2017-08-08-Post-Dicas-BackSchool-D2-600x600.png 600w, https:\/\/escolaraiz.pt\/pt\/wp-content\/uploads\/2018\/09\/2017-08-08-Post-Dicas-BackSchool-D2-100x100.png 100w, https:\/\/escolaraiz.pt\/pt\/wp-content\/uploads\/2018\/09\/2017-08-08-Post-Dicas-BackSchool-D2.png 640w\" sizes=\"auto, (max-width: 300px) 100vw, 300px\" \/><\/p>\n<p><span style=\"font-weight: 400;\">O seu filho tem a roupa pronta para a nova esta\u00e7\u00e3o? Fa\u00e7a uma lista e pondere bem o que j\u00e1 tem e o que ainda precisa de comprar. N\u00e3o se esque\u00e7a do equipamento para as atividades extracurriculares e da farda da escola. Se n\u00e3o encomendou, est\u00e1 na altura de o fazer. E n\u00e3o se esque\u00e7a<\/span><span style=\"font-weight: 400;\"> de colocar etiquetas com o nome bem vis\u00edvel.<\/span><\/p>\n<p>&nbsp;<\/p>\n<p>&nbsp;<\/p>\n<p>&nbsp;<\/p>\n<p>&nbsp;<\/p>\n<p>&nbsp;<\/p>\n<p><img loading=\"lazy\" decoding=\"async\" class=\"size-medium wp-image-28558 alignleft\" src=\"https:\/\/escolaraiz.pt\/pt\/wp-content\/uploads\/2018\/09\/2017-08-08-Post-Dicas-BackSchool-300x300.png\" alt=\"\" width=\"300\" height=\"300\" srcset=\"https:\/\/escolaraiz.pt\/pt\/wp-content\/uploads\/2018\/09\/2017-08-08-Post-Dicas-BackSchool-300x300.png 300w, https:\/\/escolaraiz.pt\/pt\/wp-content\/uploads\/2018\/09\/2017-08-08-Post-Dicas-BackSchool-150x150.png 150w, https:\/\/escolaraiz.pt\/pt\/wp-content\/uploads\/2018\/09\/2017-08-08-Post-Dicas-BackSchool-500x500.png 500w, https:\/\/escolaraiz.pt\/pt\/wp-content\/uploads\/2018\/09\/2017-08-08-Post-Dicas-BackSchool-600x600.png 600w, https:\/\/escolaraiz.pt\/pt\/wp-content\/uploads\/2018\/09\/2017-08-08-Post-Dicas-BackSchool-100x100.png 100w, https:\/\/escolaraiz.pt\/pt\/wp-content\/uploads\/2018\/09\/2017-08-08-Post-Dicas-BackSchool.png 640w\" sizes=\"auto, (max-width: 300px) 100vw, 300px\" \/><\/p>\n<p><span style=\"font-weight: 400;\">Antes de pensar no material escolar que precisa de comprar, veja primeiro o que ainda est\u00e1 em condi\u00e7\u00f5es de ser usado. A lista de todo o material necess\u00e1rio est\u00e1 na extranet da Raiz. E quando for \u00e0s compras, leve o seu filho consigo. Envolv\u00ea-lo nas escolhas \u00e9 uma excelente estrat\u00e9gia para ele se sentir motivado e preparado. Tamb\u00e9m pode pedir-lhe para ele escrever tudo em etiquetas autocolantes.<\/span><\/p>\n<p>&nbsp;<\/p>\n<p>&nbsp;<\/p>\n<p>&nbsp;<\/p>\n<p>&nbsp;<\/p>\n<p><img loading=\"lazy\" decoding=\"async\" class=\"size-medium wp-image-28553 alignleft\" src=\"https:\/\/escolaraiz.pt\/pt\/wp-content\/uploads\/2018\/09\/2017-08-08-Post-Dicas-BackSchool-D4-300x300.png\" alt=\"\" width=\"300\" height=\"300\" srcset=\"https:\/\/escolaraiz.pt\/pt\/wp-content\/uploads\/2018\/09\/2017-08-08-Post-Dicas-BackSchool-D4-300x300.png 300w, https:\/\/escolaraiz.pt\/pt\/wp-content\/uploads\/2018\/09\/2017-08-08-Post-Dicas-BackSchool-D4-150x150.png 150w, https:\/\/escolaraiz.pt\/pt\/wp-content\/uploads\/2018\/09\/2017-08-08-Post-Dicas-BackSchool-D4-500x500.png 500w, https:\/\/escolaraiz.pt\/pt\/wp-content\/uploads\/2018\/09\/2017-08-08-Post-Dicas-BackSchool-D4-600x600.png 600w, https:\/\/escolaraiz.pt\/pt\/wp-content\/uploads\/2018\/09\/2017-08-08-Post-Dicas-BackSchool-D4-100x100.png 100w, https:\/\/escolaraiz.pt\/pt\/wp-content\/uploads\/2018\/09\/2017-08-08-Post-Dicas-BackSchool-D4.png 640w\" sizes=\"auto, (max-width: 300px) 100vw, 300px\" \/><\/p>\n<p><span style=\"font-weight: 400;\">Em rela\u00e7\u00e3o \u00e0s atividades extracurriculares \u00e9 importante conhecer, desde j\u00e1, todas as que se encontram dispon\u00edveis. Depois, converse com o seu filho e decida em conjunto quais as mais interessantes. Para ajudar, pode sempre ver a nossa \u00faltima newsletter e fazer a reserva das atividades escolhidas. Tamb\u00e9m n\u00e3o se esque\u00e7a: ter tempo livre para brincar todos os dias \u00e9 fundamental para o desenvolvimento dele.<\/span><\/p>\n<p>&nbsp;<\/p>\n<p>&nbsp;<\/p>\n<p>&nbsp;<\/p>\n<p>&nbsp;<\/p>\n<p><img loading=\"lazy\" decoding=\"async\" class=\"size-medium wp-image-28554 alignleft\" src=\"https:\/\/escolaraiz.pt\/pt\/wp-content\/uploads\/2018\/09\/2017-08-08-Post-Dicas-BackSchool-D5-300x300.png\" alt=\"\" width=\"300\" height=\"300\" srcset=\"https:\/\/escolaraiz.pt\/pt\/wp-content\/uploads\/2018\/09\/2017-08-08-Post-Dicas-BackSchool-D5-300x300.png 300w, https:\/\/escolaraiz.pt\/pt\/wp-content\/uploads\/2018\/09\/2017-08-08-Post-Dicas-BackSchool-D5-150x150.png 150w, https:\/\/escolaraiz.pt\/pt\/wp-content\/uploads\/2018\/09\/2017-08-08-Post-Dicas-BackSchool-D5-500x500.png 500w, https:\/\/escolaraiz.pt\/pt\/wp-content\/uploads\/2018\/09\/2017-08-08-Post-Dicas-BackSchool-D5-600x600.png 600w, https:\/\/escolaraiz.pt\/pt\/wp-content\/uploads\/2018\/09\/2017-08-08-Post-Dicas-BackSchool-D5-100x100.png 100w, https:\/\/escolaraiz.pt\/pt\/wp-content\/uploads\/2018\/09\/2017-08-08-Post-Dicas-BackSchool-D5.png 640w\" sizes=\"auto, (max-width: 300px) 100vw, 300px\" \/><\/p>\n<p><span style=\"font-weight: 400;\">Executar pequenas tarefas, como arrumar o quarto, p\u00f4r a mesa, preparar a roupa para o dia seguinte e outras do g\u00e9nero, \u00e9 fundamental para os mais pequenos assimilar as novas rotinas e responsabilidades. Fa\u00e7a uma lista destas e coloque-a na cozinha, num local bem vis\u00edvel.<\/span><\/p>\n<p>&nbsp;<\/p>\n<p>&nbsp;<\/p>\n<p>&nbsp;<\/p>\n<p>&nbsp;<\/p>\n<p>&nbsp;<\/p>\n<p>&nbsp;<\/p>\n<p><img loading=\"lazy\" decoding=\"async\" class=\"size-medium wp-image-28555 alignleft\" src=\"https:\/\/escolaraiz.pt\/pt\/wp-content\/uploads\/2018\/09\/2017-08-08-Post-Dicas-BackSchool-D6-300x300.png\" alt=\"\" width=\"300\" height=\"300\" srcset=\"https:\/\/escolaraiz.pt\/pt\/wp-content\/uploads\/2018\/09\/2017-08-08-Post-Dicas-BackSchool-D6-300x300.png 300w, https:\/\/escolaraiz.pt\/pt\/wp-content\/uploads\/2018\/09\/2017-08-08-Post-Dicas-BackSchool-D6-150x150.png 150w, https:\/\/escolaraiz.pt\/pt\/wp-content\/uploads\/2018\/09\/2017-08-08-Post-Dicas-BackSchool-D6-500x500.png 500w, https:\/\/escolaraiz.pt\/pt\/wp-content\/uploads\/2018\/09\/2017-08-08-Post-Dicas-BackSchool-D6-600x600.png 600w, https:\/\/escolaraiz.pt\/pt\/wp-content\/uploads\/2018\/09\/2017-08-08-Post-Dicas-BackSchool-D6-100x100.png 100w, https:\/\/escolaraiz.pt\/pt\/wp-content\/uploads\/2018\/09\/2017-08-08-Post-Dicas-BackSchool-D6.png 640w\" sizes=\"auto, (max-width: 300px) 100vw, 300px\" \/><\/p>\n<p><span style=\"font-weight: 400;\">\u00c9 fundamental que as crian\u00e7as percebam o porqu\u00ea de terem hor\u00e1rios e a import\u00e2ncia de os cumprirem. Por isso, estabele\u00e7a sempre, em conjunto com o seu filho, um plano mensal dos hor\u00e1rios das aulas e actividades. Defina quem o vai buscar e levar e afixe o plano num local bem vis\u00edvel para todos.<\/span><\/p>\n<p>&nbsp;<\/p>\n<p>&nbsp;<\/p>\n<p>&nbsp;<\/p>\n<p>&nbsp;<\/p>\n<p>&nbsp;<\/p>\n<p><img loading=\"lazy\" decoding=\"async\" class=\"size-medium wp-image-28556 alignleft\" src=\"https:\/\/escolaraiz.pt\/pt\/wp-content\/uploads\/2018\/09\/2017-08-08-Post-Dicas-BackSchool-D7-300x300.png\" alt=\"\" width=\"300\" height=\"300\" srcset=\"https:\/\/escolaraiz.pt\/pt\/wp-content\/uploads\/2018\/09\/2017-08-08-Post-Dicas-BackSchool-D7-300x300.png 300w, https:\/\/escolaraiz.pt\/pt\/wp-content\/uploads\/2018\/09\/2017-08-08-Post-Dicas-BackSchool-D7-150x150.png 150w, https:\/\/escolaraiz.pt\/pt\/wp-content\/uploads\/2018\/09\/2017-08-08-Post-Dicas-BackSchool-D7-500x500.png 500w, https:\/\/escolaraiz.pt\/pt\/wp-content\/uploads\/2018\/09\/2017-08-08-Post-Dicas-BackSchool-D7-600x600.png 600w, https:\/\/escolaraiz.pt\/pt\/wp-content\/uploads\/2018\/09\/2017-08-08-Post-Dicas-BackSchool-D7-100x100.png 100w, https:\/\/escolaraiz.pt\/pt\/wp-content\/uploads\/2018\/09\/2017-08-08-Post-Dicas-BackSchool-D7.png 640w\" sizes=\"auto, (max-width: 300px) 100vw, 300px\" \/><\/p>\n<p><span style=\"font-weight: 400;\">As rotinas ajudam-nos a antecipar e resolver problemas muito facilmente. Basta levantar-se um pouco mais cedo que o seu filho e estar pronta quando ele acordar para conseguirem fazer tudo atempadamente, sem as correrias que indisp\u00f5em pais e filhos logo pela manh\u00e3.<\/span><\/p>\n<p>&nbsp;<\/p>\n<p>&nbsp;<\/p>\n<p>&nbsp;<\/p>\n<p>&nbsp;<\/p>\n<p>&nbsp;<\/p>\n<p><img loading=\"lazy\" decoding=\"async\" class=\"size-medium wp-image-28557 alignleft\" src=\"https:\/\/escolaraiz.pt\/pt\/wp-content\/uploads\/2018\/09\/2017-08-08-Post-Dicas-BackSchool-D8-300x300.png\" alt=\"\" width=\"300\" height=\"300\" srcset=\"https:\/\/escolaraiz.pt\/pt\/wp-content\/uploads\/2018\/09\/2017-08-08-Post-Dicas-BackSchool-D8-300x300.png 300w, https:\/\/escolaraiz.pt\/pt\/wp-content\/uploads\/2018\/09\/2017-08-08-Post-Dicas-BackSchool-D8-150x150.png 150w, https:\/\/escolaraiz.pt\/pt\/wp-content\/uploads\/2018\/09\/2017-08-08-Post-Dicas-BackSchool-D8-500x500.png 500w, https:\/\/escolaraiz.pt\/pt\/wp-content\/uploads\/2018\/09\/2017-08-08-Post-Dicas-BackSchool-D8-600x600.png 600w, https:\/\/escolaraiz.pt\/pt\/wp-content\/uploads\/2018\/09\/2017-08-08-Post-Dicas-BackSchool-D8-100x100.png 100w, https:\/\/escolaraiz.pt\/pt\/wp-content\/uploads\/2018\/09\/2017-08-08-Post-Dicas-BackSchool-D8.png 640w\" sizes=\"auto, (max-width: 300px) 100vw, 300px\" \/><\/p>\n<p><span style=\"font-weight: 400;\">Para quem gosta de estar sempre preparado, a organiza\u00e7\u00e3o \u00e9 tudo. Deixe tudo a postos no dia anterior e incuta esse h\u00e1bito no seu filho. Com a roupa pronta e a mochila preparada, tudo ser\u00e1 mais f\u00e1cil na manh\u00e3 seguinte.<\/span><\/p>\n","protected":false},"excerpt":{"rendered":"<p>Temos tudo pronto para um novo ano escolar cheios de sonhos, esperan\u00e7as e muitas expectativas. E, para que nada falte, vamos deixar-lhe aqui algumas dicas preciosas. Bom regresso! &nbsp; \u00c9 muito importante que incentive o seu filho a manter o quarto limpo e arrumado, criando o seu cantinho de estudo. Separar os brinquedos, livros e<\/p>\n","protected":false},"author":6,"featured_media":28559,"comment_status":"closed","ping_status":"closed","sticky":false,"template":"","format":"standard","meta":{"footnotes":""},"categories":[5],"tags":[],"class_list":["post-28550","post","type-post","status-publish","format-standard","has-post-thumbnail","hentry","category-noticias"],"yoast_head":"<!-- This site is optimized with the Yoast SEO plugin v27.5 - https:\/\/yoast.com\/product\/yoast-seo-wordpress\/ -->\n<title>Dicas para o in\u00edcio do ano escolar - Raiz<\/title>\n<meta name=\"robots\" content=\"index, follow, max-snippet:-1, max-image-preview:large, max-video-preview:-1\" \/>\n<link rel=\"canonical\" href=\"https:\/\/escolaraiz.pt\/pt\/noticias\/dicas-para-o-inicio-do-ano-escolar\/\" \/>\n<meta name=\"twitter:card\" content=\"summary_large_image\" \/>\n<meta name=\"twitter:title\" content=\"Dicas para o in\u00edcio do ano escolar - Raiz\" \/>\n<meta name=\"twitter:description\" content=\"Temos tudo pronto para um novo ano escolar cheios de sonhos, esperan\u00e7as e muitas expectativas. E, para que nada falte, vamos deixar-lhe aqui algumas dicas preciosas. Bom regresso! &nbsp; \u00c9 muito importante que incentive o seu filho a manter o quarto limpo e arrumado, criando o seu cantinho de estudo. Separar os brinquedos, livros e\" \/>\n<meta name=\"twitter:image\" content=\"https:\/\/escolaraiz.pt\/pt\/wp-content\/uploads\/2018\/09\/2018-08-16-Img-noticias-site.png\" \/>\n<meta name=\"twitter:label1\" content=\"Escrito por\" \/>\n\t<meta name=\"twitter:data1\" content=\"Joana\" \/>\n\t<meta name=\"twitter:label2\" content=\"Tempo estimado de leitura\" \/>\n\t<meta name=\"twitter:data2\" content=\"3 minutos\" \/>\n<script type=\"application\/ld+json\" class=\"yoast-schema-graph\">{\"@context\":\"https:\\\/\\\/schema.org\",\"@graph\":[{\"@type\":\"Article\",\"@id\":\"https:\\\/\\\/escolaraiz.pt\\\/pt\\\/noticias\\\/dicas-para-o-inicio-do-ano-escolar\\\/#article\",\"isPartOf\":{\"@id\":\"https:\\\/\\\/escolaraiz.pt\\\/pt\\\/noticias\\\/dicas-para-o-inicio-do-ano-escolar\\\/\"},\"author\":{\"name\":\"Joana\",\"@id\":\"https:\\\/\\\/escolaraiz.pt\\\/pt\\\/#\\\/schema\\\/person\\\/6345bdaf152ba0769cdcc8492bf088e1\"},\"headline\":\"Dicas para o in\u00edcio do ano escolar\",\"datePublished\":\"2018-09-12T11:52:36+00:00\",\"dateModified\":\"2018-09-12T11:54:05+00:00\",\"mainEntityOfPage\":{\"@id\":\"https:\\\/\\\/escolaraiz.pt\\\/pt\\\/noticias\\\/dicas-para-o-inicio-do-ano-escolar\\\/\"},\"wordCount\":524,\"image\":{\"@id\":\"https:\\\/\\\/escolaraiz.pt\\\/pt\\\/noticias\\\/dicas-para-o-inicio-do-ano-escolar\\\/#primaryimage\"},\"thumbnailUrl\":\"https:\\\/\\\/escolaraiz.pt\\\/pt\\\/wp-content\\\/uploads\\\/2018\\\/09\\\/2018-08-16-Img-noticias-site.png\",\"articleSection\":[\"Noticias\"],\"inLanguage\":\"pt-PT\"},{\"@type\":\"WebPage\",\"@id\":\"https:\\\/\\\/escolaraiz.pt\\\/pt\\\/noticias\\\/dicas-para-o-inicio-do-ano-escolar\\\/\",\"url\":\"https:\\\/\\\/escolaraiz.pt\\\/pt\\\/noticias\\\/dicas-para-o-inicio-do-ano-escolar\\\/\",\"name\":\"Dicas para o in\u00edcio do ano escolar - Raiz\",\"isPartOf\":{\"@id\":\"https:\\\/\\\/escolaraiz.pt\\\/pt\\\/#website\"},\"primaryImageOfPage\":{\"@id\":\"https:\\\/\\\/escolaraiz.pt\\\/pt\\\/noticias\\\/dicas-para-o-inicio-do-ano-escolar\\\/#primaryimage\"},\"image\":{\"@id\":\"https:\\\/\\\/escolaraiz.pt\\\/pt\\\/noticias\\\/dicas-para-o-inicio-do-ano-escolar\\\/#primaryimage\"},\"thumbnailUrl\":\"https:\\\/\\\/escolaraiz.pt\\\/pt\\\/wp-content\\\/uploads\\\/2018\\\/09\\\/2018-08-16-Img-noticias-site.png\",\"datePublished\":\"2018-09-12T11:52:36+00:00\",\"dateModified\":\"2018-09-12T11:54:05+00:00\",\"author\":{\"@id\":\"https:\\\/\\\/escolaraiz.pt\\\/pt\\\/#\\\/schema\\\/person\\\/6345bdaf152ba0769cdcc8492bf088e1\"},\"breadcrumb\":{\"@id\":\"https:\\\/\\\/escolaraiz.pt\\\/pt\\\/noticias\\\/dicas-para-o-inicio-do-ano-escolar\\\/#breadcrumb\"},\"inLanguage\":\"pt-PT\",\"potentialAction\":[{\"@type\":\"ReadAction\",\"target\":[\"https:\\\/\\\/escolaraiz.pt\\\/pt\\\/noticias\\\/dicas-para-o-inicio-do-ano-escolar\\\/\"]}]},{\"@type\":\"ImageObject\",\"inLanguage\":\"pt-PT\",\"@id\":\"https:\\\/\\\/escolaraiz.pt\\\/pt\\\/noticias\\\/dicas-para-o-inicio-do-ano-escolar\\\/#primaryimage\",\"url\":\"https:\\\/\\\/escolaraiz.pt\\\/pt\\\/wp-content\\\/uploads\\\/2018\\\/09\\\/2018-08-16-Img-noticias-site.png\",\"contentUrl\":\"https:\\\/\\\/escolaraiz.pt\\\/pt\\\/wp-content\\\/uploads\\\/2018\\\/09\\\/2018-08-16-Img-noticias-site.png\",\"width\":340,\"height\":193},{\"@type\":\"BreadcrumbList\",\"@id\":\"https:\\\/\\\/escolaraiz.pt\\\/pt\\\/noticias\\\/dicas-para-o-inicio-do-ano-escolar\\\/#breadcrumb\",\"itemListElement\":[{\"@type\":\"ListItem\",\"position\":1,\"name\":\"In\u00edcio\",\"item\":\"https:\\\/\\\/escolaraiz.pt\\\/pt\\\/\"},{\"@type\":\"ListItem\",\"position\":2,\"name\":\"Dicas para o in\u00edcio do ano escolar\"}]},{\"@type\":\"WebSite\",\"@id\":\"https:\\\/\\\/escolaraiz.pt\\\/pt\\\/#website\",\"url\":\"https:\\\/\\\/escolaraiz.pt\\\/pt\\\/\",\"name\":\"Raiz\",\"description\":\"Active Learning School\",\"potentialAction\":[{\"@type\":\"SearchAction\",\"target\":{\"@type\":\"EntryPoint\",\"urlTemplate\":\"https:\\\/\\\/escolaraiz.pt\\\/pt\\\/?s={search_term_string}\"},\"query-input\":{\"@type\":\"PropertyValueSpecification\",\"valueRequired\":true,\"valueName\":\"search_term_string\"}}],\"inLanguage\":\"pt-PT\"},{\"@type\":\"Person\",\"@id\":\"https:\\\/\\\/escolaraiz.pt\\\/pt\\\/#\\\/schema\\\/person\\\/6345bdaf152ba0769cdcc8492bf088e1\",\"name\":\"Joana\"}]}<\/script>\n<!-- \/ Yoast SEO plugin. -->","yoast_head_json":{"title":"Dicas para o in\u00edcio do ano escolar - Raiz","robots":{"index":"index","follow":"follow","max-snippet":"max-snippet:-1","max-image-preview":"max-image-preview:large","max-video-preview":"max-video-preview:-1"},"canonical":"https:\/\/escolaraiz.pt\/pt\/noticias\/dicas-para-o-inicio-do-ano-escolar\/","twitter_card":"summary_large_image","twitter_title":"Dicas para o in\u00edcio do ano escolar - Raiz","twitter_description":"Temos tudo pronto para um novo ano escolar cheios de sonhos, esperan\u00e7as e muitas expectativas. E, para que nada falte, vamos deixar-lhe aqui algumas dicas preciosas. Bom regresso! &nbsp; \u00c9 muito importante que incentive o seu filho a manter o quarto limpo e arrumado, criando o seu cantinho de estudo. Separar os brinquedos, livros e","twitter_image":"https:\/\/escolaraiz.pt\/pt\/wp-content\/uploads\/2018\/09\/2018-08-16-Img-noticias-site.png","twitter_misc":{"Escrito por":"Joana","Tempo estimado de leitura":"3 minutos"},"schema":{"@context":"https:\/\/schema.org","@graph":[{"@type":"Article","@id":"https:\/\/escolaraiz.pt\/pt\/noticias\/dicas-para-o-inicio-do-ano-escolar\/#article","isPartOf":{"@id":"https:\/\/escolaraiz.pt\/pt\/noticias\/dicas-para-o-inicio-do-ano-escolar\/"},"author":{"name":"Joana","@id":"https:\/\/escolaraiz.pt\/pt\/#\/schema\/person\/6345bdaf152ba0769cdcc8492bf088e1"},"headline":"Dicas para o in\u00edcio do ano escolar","datePublished":"2018-09-12T11:52:36+00:00","dateModified":"2018-09-12T11:54:05+00:00","mainEntityOfPage":{"@id":"https:\/\/escolaraiz.pt\/pt\/noticias\/dicas-para-o-inicio-do-ano-escolar\/"},"wordCount":524,"image":{"@id":"https:\/\/escolaraiz.pt\/pt\/noticias\/dicas-para-o-inicio-do-ano-escolar\/#primaryimage"},"thumbnailUrl":"https:\/\/escolaraiz.pt\/pt\/wp-content\/uploads\/2018\/09\/2018-08-16-Img-noticias-site.png","articleSection":["Noticias"],"inLanguage":"pt-PT"},{"@type":"WebPage","@id":"https:\/\/escolaraiz.pt\/pt\/noticias\/dicas-para-o-inicio-do-ano-escolar\/","url":"https:\/\/escolaraiz.pt\/pt\/noticias\/dicas-para-o-inicio-do-ano-escolar\/","name":"Dicas para o in\u00edcio do ano escolar - Raiz","isPartOf":{"@id":"https:\/\/escolaraiz.pt\/pt\/#website"},"primaryImageOfPage":{"@id":"https:\/\/escolaraiz.pt\/pt\/noticias\/dicas-para-o-inicio-do-ano-escolar\/#primaryimage"},"image":{"@id":"https:\/\/escolaraiz.pt\/pt\/noticias\/dicas-para-o-inicio-do-ano-escolar\/#primaryimage"},"thumbnailUrl":"https:\/\/escolaraiz.pt\/pt\/wp-content\/uploads\/2018\/09\/2018-08-16-Img-noticias-site.png","datePublished":"2018-09-12T11:52:36+00:00","dateModified":"2018-09-12T11:54:05+00:00","author":{"@id":"https:\/\/escolaraiz.pt\/pt\/#\/schema\/person\/6345bdaf152ba0769cdcc8492bf088e1"},"breadcrumb":{"@id":"https:\/\/escolaraiz.pt\/pt\/noticias\/dicas-para-o-inicio-do-ano-escolar\/#breadcrumb"},"inLanguage":"pt-PT","potentialAction":[{"@type":"ReadAction","target":["https:\/\/escolaraiz.pt\/pt\/noticias\/dicas-para-o-inicio-do-ano-escolar\/"]}]},{"@type":"ImageObject","inLanguage":"pt-PT","@id":"https:\/\/escolaraiz.pt\/pt\/noticias\/dicas-para-o-inicio-do-ano-escolar\/#primaryimage","url":"https:\/\/escolaraiz.pt\/pt\/wp-content\/uploads\/2018\/09\/2018-08-16-Img-noticias-site.png","contentUrl":"https:\/\/escolaraiz.pt\/pt\/wp-content\/uploads\/2018\/09\/2018-08-16-Img-noticias-site.png","width":340,"height":193},{"@type":"BreadcrumbList","@id":"https:\/\/escolaraiz.pt\/pt\/noticias\/dicas-para-o-inicio-do-ano-escolar\/#breadcrumb","itemListElement":[{"@type":"ListItem","position":1,"name":"In\u00edcio","item":"https:\/\/escolaraiz.pt\/pt\/"},{"@type":"ListItem","position":2,"name":"Dicas para o in\u00edcio do ano escolar"}]},{"@type":"WebSite","@id":"https:\/\/escolaraiz.pt\/pt\/#website","url":"https:\/\/escolaraiz.pt\/pt\/","name":"Raiz","description":"Active Learning School","potentialAction":[{"@type":"SearchAction","target":{"@type":"EntryPoint","urlTemplate":"https:\/\/escolaraiz.pt\/pt\/?s={search_term_string}"},"query-input":{"@type":"PropertyValueSpecification","valueRequired":true,"valueName":"search_term_string"}}],"inLanguage":"pt-PT"},{"@type":"Person","@id":"https:\/\/escolaraiz.pt\/pt\/#\/schema\/person\/6345bdaf152ba0769cdcc8492bf088e1","name":"Joana"}]}},"_links":{"self":[{"href":"https:\/\/escolaraiz.pt\/pt\/wp-json\/wp\/v2\/posts\/28550","targetHints":{"allow":["GET"]}}],"collection":[{"href":"https:\/\/escolaraiz.pt\/pt\/wp-json\/wp\/v2\/posts"}],"about":[{"href":"https:\/\/escolaraiz.pt\/pt\/wp-json\/wp\/v2\/types\/post"}],"author":[{"embeddable":true,"href":"https:\/\/escolaraiz.pt\/pt\/wp-json\/wp\/v2\/users\/6"}],"replies":[{"embeddable":true,"href":"https:\/\/escolaraiz.pt\/pt\/wp-json\/wp\/v2\/comments?post=28550"}],"version-history":[{"count":5,"href":"https:\/\/escolaraiz.pt\/pt\/wp-json\/wp\/v2\/posts\/28550\/revisions"}],"predecessor-version":[{"id":28567,"href":"https:\/\/escolaraiz.pt\/pt\/wp-json\/wp\/v2\/posts\/28550\/revisions\/28567"}],"wp:featuredmedia":[{"embeddable":true,"href":"https:\/\/escolaraiz.pt\/pt\/wp-json\/wp\/v2\/media\/28559"}],"wp:attachment":[{"href":"https:\/\/escolaraiz.pt\/pt\/wp-json\/wp\/v2\/media?parent=28550"}],"wp:term":[{"taxonomy":"category","embeddable":true,"href":"https:\/\/escolaraiz.pt\/pt\/wp-json\/wp\/v2\/categories?post=28550"},{"taxonomy":"post_tag","embeddable":true,"href":"https:\/\/escolaraiz.pt\/pt\/wp-json\/wp\/v2\/tags?post=28550"}],"curies":[{"name":"wp","href":"https:\/\/api.w.org\/{rel}","templated":true}]}}